{"id":112480,"date":"2025-05-02T08:51:27","date_gmt":"2025-05-02T08:51:27","guid":{"rendered":"https:\/\/rdnews.al\/?p=112480"},"modified":"2025-05-02T09:01:34","modified_gmt":"2025-05-02T09:01:34","slug":"manasterliut-manasterliu-perdori-nxenesit-e-shkollave-ne-fushate-vokshi-dorezon-prova-te-reja-ne-spak","status":"publish","type":"post","link":"https:\/\/rdnews.al\/index.php\/2025\/05\/02\/manasterliut-manasterliu-perdori-nxenesit-e-shkollave-ne-fushate-vokshi-dorezon-prova-te-reja-ne-spak\/","title":{"rendered":"Manasterliu p\u00ebrdori nx\u00ebn\u00ebsit n\u00eb fushat\u00ebn e PS, Vokshi d\u00ebrgon prova t\u00eb reja n\u00eb SPAK"},"content":{"rendered":"<p>Deputetja e Partis\u00eb Demokratike, Albana Vokshi \u00ebsht\u00eb paraqitur sot n\u00eb SPAK p\u00ebr t\u00eb dor\u00ebzuar prova t\u00eb tjera ndaj ministres s\u00eb Arsimit Ogerta Manasterliu.<\/p>\n<p>Vokshi ka paditur Ogerta Manastirliun p\u00ebr sms-t\u00eb q\u00eb u d\u00ebrgonte m\u00ebsuesve p\u00ebr pjesmarrjen e f\u00ebmij\u00ebve n\u00eb takimet elektorale t\u00eb Partis\u00eb Socialiste.<\/p>\n<p>M\u00ebsohet se SPAK i k\u00ebrkoi prova t\u00eb tjera deputetes demokrate Albana Vokshi dhe ajo \u00ebsht\u00eb paraqitur sot p\u00ebr tju p\u00ebrgjigjur k\u00ebrkes\u00ebs s\u00eb Prokuroris\u00eb s\u00eb Posa\u00e7me.<\/p>\n<p>Deputetja e Partis\u00eb Demokratike, Albana Vokshi \u00ebsht\u00eb paraqitur sot n\u00eb SPAK p\u00ebr t\u00eb dor\u00ebzuar prova t\u00eb tjera ndaj ministres s\u00eb Arsimit Ogerta Manasterliu.<\/p>\n<p>Vokshi ka paditur Ogerta Manastirliun p\u00ebr sms-t\u00eb q\u00eb u d\u00ebrgonte m\u00ebsuesve p\u00ebr pjesmarrjen e f\u00ebmij\u00ebve n\u00eb takimet elektorale t\u00eb Partis\u00eb Socialiste.<\/p>\n<p>M\u00ebsohet se SPAK i k\u00ebrkoi prova t\u00eb tjera deputetes demokrate Albana Vokshi dhe ajo \u00ebsht\u00eb paraqitur sot p\u00ebr tju p\u00ebrgjigjur k\u00ebrkes\u00ebs s\u00eb Prokuroris\u00eb s\u00eb Posa\u00e7me.<\/p>\n","protected":false},"excerpt":{"rendered":"<p>Deputetja e Partis\u00eb Demokratike, Albana Vokshi \u00ebsht\u00eb paraqitur sot n\u00eb SPAK p\u00ebr t\u00eb dor\u00ebzuar prova t\u00eb tjera ndaj ministres s\u00eb Arsimit Ogerta Manasterliu. Vokshi ka paditur Ogerta Manastirliun p\u00ebr sms-t\u00eb q\u00eb u d\u00ebrgonte m\u00ebsuesve p\u00ebr pjesmarrjen e f\u00ebmij\u00ebve n\u00eb takimet elektorale t\u00eb Partis\u00eb Socialiste. M\u00ebsohet se SPAK i k\u00ebrkoi prova t\u00eb tjera deputetes demokrate Albana &hellip;<\/p>\n","protected":false},"author":4,"featured_media":112481,"comment_status":"closed","ping_status":"closed","sticky":false,"template":"","format":"standard","meta":{"footnotes":""},"categories":[37],"tags":[],"class_list":["post-112480","post","type-post","status-publish","format-standard","has-post-thumbnail","","category-politike"],"_links":{"self":[{"href":"https:\/\/rdnews.al\/index.php\/wp-json\/wp\/v2\/posts\/112480","targetHints":{"allow":["GET"]}}],"collection":[{"href":"https:\/\/rdnews.al\/index.php\/wp-json\/wp\/v2\/posts"}],"about":[{"href":"https:\/\/rdnews.al\/index.php\/wp-json\/wp\/v2\/types\/post"}],"author":[{"embeddable":true,"href":"https:\/\/rdnews.al\/index.php\/wp-json\/wp\/v2\/users\/4"}],"replies":[{"embeddable":true,"href":"https:\/\/rdnews.al\/index.php\/wp-json\/wp\/v2\/comments?post=112480"}],"version-history":[{"count":4,"href":"https:\/\/rdnews.al\/index.php\/wp-json\/wp\/v2\/posts\/112480\/revisions"}],"predecessor-version":[{"id":112488,"href":"https:\/\/rdnews.al\/index.php\/wp-json\/wp\/v2\/posts\/112480\/revisions\/112488"}],"wp:featuredmedia":[{"embeddable":true,"href":"https:\/\/rdnews.al\/index.php\/wp-json\/wp\/v2\/media\/112481"}],"wp:attachment":[{"href":"https:\/\/rdnews.al\/index.php\/wp-json\/wp\/v2\/media?parent=112480"}],"wp:term":[{"taxonomy":"category","embeddable":true,"href":"https:\/\/rdnews.al\/index.php\/wp-json\/wp\/v2\/categories?post=112480"},{"taxonomy":"post_tag","embeddable":true,"href":"https:\/\/rdnews.al\/index.php\/wp-json\/wp\/v2\/tags?post=112480"}],"curies":[{"name":"wp","href":"https:\/\/api.w.org\/{rel}","templated":true}]}}