{"id":112489,"date":"2025-05-02T09:07:05","date_gmt":"2025-05-02T09:07:05","guid":{"rendered":"https:\/\/rdnews.al\/?p=112489"},"modified":"2025-05-02T09:07:05","modified_gmt":"2025-05-02T09:07:05","slug":"tre-afera-me-dem-mbi-12-milione-euro-kalaja-kallezon-ne-spak-manjen-dhe-disa-zyrtare","status":"publish","type":"post","link":"https:\/\/rdnews.al\/index.php\/2025\/05\/02\/tre-afera-me-dem-mbi-12-milione-euro-kalaja-kallezon-ne-spak-manjen-dhe-disa-zyrtare\/","title":{"rendered":"Tre afera me d\u00ebm mbi 12 milion\u00eb euro, Kalaja kall\u00ebzon n\u00eb SPAK Manj\u00ebn dhe disa zyrtar\u00eb"},"content":{"rendered":"<p>Kryetarja e Komisionit t\u00eb Apelimit n\u00eb PD dhe kandidatja p\u00ebr deputete, Adriana Kalaja, deklaroi sot para SPAK se ka depozituar nj\u00eb kall\u00ebzim t\u00eb ri penal p\u00ebr disa zyrtar\u00eb t\u00eb lidhur me afera t\u00eb r\u00ebnda korruptive. Sipas saj, 6 milion\u00eb euro nga taksat e qytetar\u00ebve jan\u00eb p\u00ebrdorur n\u00eb m\u00ebnyr\u00eb t\u00eb paligjshme p\u00ebr Giro d\u2019Italia.<\/p>\n<p>Afera e dyt\u00eb lidhet me pagimin e 4.5 milion\u00eb eurove p\u00ebr t\u00eb ashtuquajturin \u201cKopshti i Edenit\u201d n\u00eb Kryeministri. Nd\u00ebrsa e treta, sipas Kalas\u00eb, ka t\u00eb b\u00ebj\u00eb me shpenzimin e 1.5 milion\u00eb eurove p\u00ebr Konferenc\u00ebn Bot\u00ebrore t\u00eb Drejt\u00ebsis\u00eb, e planifikuar p\u00ebr vitin 2027. Ajo akuzon qeverin\u00eb p\u00ebr munges\u00eb totale transparence dhe ushtrim ndikimi t\u00eb paligjsh\u00ebm brenda e jasht\u00eb vendit.<\/p>\n<p><strong>Deklarata e Kalas\u00eb<\/strong><\/p>\n<p>Ulsi Manja dhe disa zyrtar\u00eb t\u00eb tjer\u00eb t\u00eb cil\u00ebt nuk jan\u00eb identifikuar nga ne, por q\u00eb kan\u00eb lidhje direkte me veprat penale t\u00eb shp\u00ebrdorimit t\u00eb detyr\u00ebs, t\u00eb ushtrimit t\u00eb ndikimit t\u00eb paligjsh\u00ebm, t\u00eb pastrimit t\u00eb produkteve t\u00eb veprave penale etj.<br \/>\nVepra penale t\u00eb cilat jan\u00eb konsumuar n\u00eb pagimin nga taksat e qytetar\u00ebve shqiptar\u00eb, t\u00eb shum\u00ebs 6 milion\u00eb euro p\u00ebr Giro d\u2019Italia.<\/p>\n<p>Afera e dyt\u00eb lidhet me pagimin e nj\u00eb shume marramend\u00ebse prej 4.5 milion\u00eb euro, dhe q\u00eb quhet Kopshti i Edenit n\u00eb Kryeministri.<br \/>\nDhe e treta, pagimin e nj\u00eb shume po kaq t\u00eb madhe n\u00eb d\u00ebm t\u00eb interesit publik q\u00eb \u00ebsht\u00eb 1.5 milion\u00eb euro dhe q\u00eb lidhet me Konferenc\u00ebn Bot\u00ebrore t\u00eb Drejt\u00ebsis\u00eb. P\u00ebr at\u00eb, nj\u00eb personi q\u00eb e ka shkat\u00ebrruar drejt\u00ebsin\u00eb shqiptare, po mendon sesi t\u00eb th\u00ebrras\u00eb k\u00ebtu nj\u00eb konferenc\u00eb bot\u00ebrore t\u00eb drejt\u00ebsis\u00eb n\u00eb vitin 2027.<\/p>\n<p>P\u00ebr t\u00eb treja k\u00ebto, ne kemi sjell\u00eb argument bind\u00ebs, fakte dhe prova sesi \u00ebsht\u00eb lobuar p\u00ebr t\u2019u paguar nj\u00eb shum\u00eb kaq e madhe n\u00eb d\u00ebm t\u00eb interesave t\u00eb publikut, sesi nuk ka asnj\u00eb transparenc\u00eb n\u00eb m\u00ebnyr\u00ebn sesi \u00ebsht\u00eb b\u00ebr\u00eb p\u00ebrzgjedhja e k\u00ebtyre shpenzimeve.<\/p>\n<p>Dhe e fundit, p\u00ebr m\u00ebnyr\u00ebn sesi paguhen rreth 12 milion\u00eb euro nga parat\u00eb e taksapaguesve, qytetar\u00ebve shqiptar\u00eb, p\u00ebr t\u00eb ushtruar ndikim t\u00eb paligjsh\u00ebm brenda dhe jasht\u00eb territorit t\u00eb Republik\u00ebs s\u00eb Shqip\u00ebris\u00eb me fokusin kryesor p\u00ebr q\u00ebndrimin n\u00eb pushtet me \u00e7do m\u00ebnyr\u00eb, me \u00e7do kusht nga ana e Kryeministrit Rama.<\/p>\n<p>Ne sot i sjellim rastin m\u00eb t\u00eb mir\u00eb Altin Dumanit p\u00ebr t\u00eb treguar q\u00eb \u00ebsht\u00eb n\u00eb lart\u00ebsin\u00eb e detyr\u00ebs, n\u00eb lart\u00ebsin\u00eb e Kushtetut\u00ebs p\u00ebr t\u00eb kontrolluar dhe mbrojtur parat\u00eb publike.<\/p>\n","protected":false},"excerpt":{"rendered":"<p>Kryetarja e Komisionit t\u00eb Apelimit n\u00eb PD dhe kandidatja p\u00ebr deputete, Adriana Kalaja, deklaroi sot para SPAK se ka depozituar nj\u00eb kall\u00ebzim t\u00eb ri penal p\u00ebr disa zyrtar\u00eb t\u00eb lidhur me afera t\u00eb r\u00ebnda korruptive. Sipas saj, 6 milion\u00eb euro nga taksat e qytetar\u00ebve jan\u00eb p\u00ebrdorur n\u00eb m\u00ebnyr\u00eb t\u00eb paligjshme p\u00ebr Giro d\u2019Italia. Afera e &hellip;<\/p>\n","protected":false},"author":4,"featured_media":42315,"comment_status":"closed","ping_status":"closed","sticky":false,"template":"","format":"standard","meta":{"footnotes":""},"categories":[37],"tags":[],"class_list":["post-112489","post","type-post","status-publish","format-standard","has-post-thumbnail","","category-politike"],"_links":{"self":[{"href":"https:\/\/rdnews.al\/index.php\/wp-json\/wp\/v2\/posts\/112489","targetHints":{"allow":["GET"]}}],"collection":[{"href":"https:\/\/rdnews.al\/index.php\/wp-json\/wp\/v2\/posts"}],"about":[{"href":"https:\/\/rdnews.al\/index.php\/wp-json\/wp\/v2\/types\/post"}],"author":[{"embeddable":true,"href":"https:\/\/rdnews.al\/index.php\/wp-json\/wp\/v2\/users\/4"}],"replies":[{"embeddable":true,"href":"https:\/\/rdnews.al\/index.php\/wp-json\/wp\/v2\/comments?post=112489"}],"version-history":[{"count":1,"href":"https:\/\/rdnews.al\/index.php\/wp-json\/wp\/v2\/posts\/112489\/revisions"}],"predecessor-version":[{"id":112490,"href":"https:\/\/rdnews.al\/index.php\/wp-json\/wp\/v2\/posts\/112489\/revisions\/112490"}],"wp:featuredmedia":[{"embeddable":true,"href":"https:\/\/rdnews.al\/index.php\/wp-json\/wp\/v2\/media\/42315"}],"wp:attachment":[{"href":"https:\/\/rdnews.al\/index.php\/wp-json\/wp\/v2\/media?parent=112489"}],"wp:term":[{"taxonomy":"category","embeddable":true,"href":"https:\/\/rdnews.al\/index.php\/wp-json\/wp\/v2\/categories?post=112489"},{"taxonomy":"post_tag","embeddable":true,"href":"https:\/\/rdnews.al\/index.php\/wp-json\/wp\/v2\/tags?post=112489"}],"curies":[{"name":"wp","href":"https:\/\/api.w.org\/{rel}","templated":true}]}}