{"id":112498,"date":"2025-05-02T09:33:37","date_gmt":"2025-05-02T09:33:37","guid":{"rendered":"https:\/\/rdnews.al\/?p=112498"},"modified":"2025-05-02T09:33:37","modified_gmt":"2025-05-02T09:33:37","slug":"demi-70-milione-euro-tjeter-kallezim-ne-spak-ndaj-ballukut","status":"publish","type":"post","link":"https:\/\/rdnews.al\/index.php\/2025\/05\/02\/demi-70-milione-euro-tjeter-kallezim-ne-spak-ndaj-ballukut\/","title":{"rendered":"D\u00ebmi 70 milion\u00eb euro\/ Tjet\u00ebr kall\u00ebzim n\u00eb SPAK ndaj Ballukut"},"content":{"rendered":"<p>Diaspora p\u00ebr Shqip\u00ebrin\u00eb e Lir\u00eb ka b\u00ebr\u00eb nj\u00eb kall\u00ebzim penal n\u00eb SPAK gjat\u00eb dit\u00ebs s\u00eb sotme p\u00ebr bashkin\u00eb Tiran\u00eb dhe Ministrin\u00eb e Infrastruktur\u00ebs dhe Energjis\u00eb, e cila drejtohet nga Belinda Balluku. Kall\u00ebzimi ka t\u00eb b\u00ebj\u00eb me ndotjen n\u00eb basenin e Ishmit<\/p>\n<p>Pas depozitimit n\u00eb dosjes n\u00eb SPAK p\u00ebrfaq\u00ebsuesit e Diaspora p\u00ebr Shqip\u00ebrin\u00eb e Lir\u00eb kan\u00eb dh\u00ebn\u00eb nj\u00eb deklarat\u00eb p\u00ebr mediat.<\/p>\n<p>Eksperti mjedisor:\u00a0<em>Prova ka. Lumi i Ishmit \u00ebsht\u00eb prej 10 vitesh lumi m\u00eb i ndotur n\u00eb Evrop\u00eb. Metalet e r\u00ebnda i kaloj\u00eb normat deri n\u00eb 100 her\u00eb. Jo m\u00eb larg ase n\u00eb qend\u00ebr t\u00eb Tiran\u00ebs, pran\u00eb Pallatit me Shigjeta ajo zon\u00eb \u00ebsht\u00eb e kontaminuar deri ne gryk\u00eb derdhje. \u00cbsht\u00eb lume vdekjeprur\u00ebs. \u00cbsht\u00eb nj\u00eb katastrof\u00eb mjedisore. N\u00eb vitin 2014 filluan nd\u00ebrtimet p\u00ebr impiantin e uj\u00ebrave t\u00eb zeza n\u00eb Kashar, ,me parashikim p\u00ebr t\u00eb p\u00ebrfunduar ne 2018. Sot ne 2025 akoma nuk \u00ebsht\u00eb p\u00ebrfunduar dhe nuk ka asnj\u00eb p\u00ebrgjegj\u00ebsi se kur do t\u00eb vendoset n\u00eb pun\u00eb. Nd\u00ebrkoh\u00eb q\u00eb ne qytetar\u00ebt e Shqip\u00ebris\u00eb rreth 1 milion\u00eb direkt jetojm\u00eb p\u00ebrreth basenit dhe direkt ndikohemi \u00e7do dit\u00eb nga ana sh\u00ebndet\u00ebsore sigurisht p\u00ebrmes ndotjes q\u00eb i b\u00ebhet fushave, e ushqimeve q\u00eb pastaj shiten n\u00eb mbar\u00eb Shqip\u00ebrin\u00eb. Ndaj sot kjo ishte shum\u00eb e r\u00ebnd\u00ebsishme ta b\u00ebnim k\u00ebt\u00eb denoncim p\u00ebr nj\u00eb Shqip\u00ebri m\u00eb t\u00eb past\u00ebr, p\u00ebr nj\u00eb lum\u00eb t\u00eb Ishmit t\u00eb past\u00ebr si\u00e7 na e ka falur natyra\u2026<\/em><\/p>\n<p>Sipas p\u00ebrfaq\u00ebsuesit t\u00eb Diaspora p\u00ebr Shqip\u00ebrin\u00eb e Lir\u00eb Florian Ha\u00e7kaj, kall\u00ebzimi \u00ebsht\u00eb p\u00ebr shp\u00ebrdorimin e detyr\u00ebs pasi jan\u00eb shpenzuar deri tani mbi 70 milion\u00eb euro. Dhe p\u00ebr shkak se nuk ka mbaruar jemi paditur n\u00eb Strasburg e qytetar\u00ebt shqiptare do paguajn\u00eb dy her\u00eb kosto. Dhe \u00ebsht\u00eb nj\u00eb sh\u00ebrbim q\u00eb nuk \u00ebsht\u00eb v\u00ebn\u00eb kurr\u00eb n\u00eb pun\u00eb.<\/p>\n<p>Sipas studimit t\u00eb INSTAT, ndotja m\u00eb alarmante gjendet n\u00eb stacionet e lumit Ish\u00ebm, i cili klasifikohet n\u00eb gjendje t\u00eb keqe t\u00eb kategoris\u00eb s\u00eb pest\u00eb. Ishmi formohet nga bashkimi i Lumit t\u00eb Tiran\u00ebs dhe p\u00ebrrenjve T\u00ebrkuz\u00eb dhe Zez\u00eb, nd\u00ebrsa ndotja p\u00ebrfundon n\u00eb det p\u00ebrmes delt\u00ebs n\u00eb kepin e Rodonit.<\/p>\n","protected":false},"excerpt":{"rendered":"<p>Diaspora p\u00ebr Shqip\u00ebrin\u00eb e Lir\u00eb ka b\u00ebr\u00eb nj\u00eb kall\u00ebzim penal n\u00eb SPAK gjat\u00eb dit\u00ebs s\u00eb sotme p\u00ebr bashkin\u00eb Tiran\u00eb dhe Ministrin\u00eb e Infrastruktur\u00ebs dhe Energjis\u00eb, e cila drejtohet nga Belinda Balluku. Kall\u00ebzimi ka t\u00eb b\u00ebj\u00eb me ndotjen n\u00eb basenin e Ishmit Pas depozitimit n\u00eb dosjes n\u00eb SPAK p\u00ebrfaq\u00ebsuesit e Diaspora p\u00ebr Shqip\u00ebrin\u00eb e Lir\u00eb kan\u00eb &hellip;<\/p>\n","protected":false},"author":4,"featured_media":106035,"comment_status":"closed","ping_status":"closed","sticky":false,"template":"","format":"standard","meta":{"footnotes":""},"categories":[37],"tags":[],"class_list":["post-112498","post","type-post","status-publish","format-standard","has-post-thumbnail","","category-politike"],"_links":{"self":[{"href":"https:\/\/rdnews.al\/index.php\/wp-json\/wp\/v2\/posts\/112498","targetHints":{"allow":["GET"]}}],"collection":[{"href":"https:\/\/rdnews.al\/index.php\/wp-json\/wp\/v2\/posts"}],"about":[{"href":"https:\/\/rdnews.al\/index.php\/wp-json\/wp\/v2\/types\/post"}],"author":[{"embeddable":true,"href":"https:\/\/rdnews.al\/index.php\/wp-json\/wp\/v2\/users\/4"}],"replies":[{"embeddable":true,"href":"https:\/\/rdnews.al\/index.php\/wp-json\/wp\/v2\/comments?post=112498"}],"version-history":[{"count":1,"href":"https:\/\/rdnews.al\/index.php\/wp-json\/wp\/v2\/posts\/112498\/revisions"}],"predecessor-version":[{"id":112499,"href":"https:\/\/rdnews.al\/index.php\/wp-json\/wp\/v2\/posts\/112498\/revisions\/112499"}],"wp:featuredmedia":[{"embeddable":true,"href":"https:\/\/rdnews.al\/index.php\/wp-json\/wp\/v2\/media\/106035"}],"wp:attachment":[{"href":"https:\/\/rdnews.al\/index.php\/wp-json\/wp\/v2\/media?parent=112498"}],"wp:term":[{"taxonomy":"category","embeddable":true,"href":"https:\/\/rdnews.al\/index.php\/wp-json\/wp\/v2\/categories?post=112498"},{"taxonomy":"post_tag","embeddable":true,"href":"https:\/\/rdnews.al\/index.php\/wp-json\/wp\/v2\/tags?post=112498"}],"curies":[{"name":"wp","href":"https:\/\/api.w.org\/{rel}","templated":true}]}}