{"id":112500,"date":"2025-05-02T09:48:20","date_gmt":"2025-05-02T09:48:20","guid":{"rendered":"https:\/\/rdnews.al\/?p=112500"},"modified":"2025-05-02T09:52:17","modified_gmt":"2025-05-02T09:52:17","slug":"berisha-me-fermeret-subvencionet-per-ju-do-te-rriten-nga-32-milione-euro-ne-230-milione-euro","status":"publish","type":"post","link":"https:\/\/rdnews.al\/index.php\/2025\/05\/02\/berisha-me-fermeret-subvencionet-per-ju-do-te-rriten-nga-32-milione-euro-ne-230-milione-euro\/","title":{"rendered":"Berisha me fermer\u00ebt: Subvencionet p\u00ebr ju do t\u00eb rriten nga 32 milion\u00eb euro n\u00eb 230 milion\u00eb euro!"},"content":{"rendered":"<p>Lideri i opozit\u00ebs, Sali Berisha ka paraqitur programin e PD \u2013 ASHM p\u00ebr fermer\u00ebt gjat\u00eb nj\u00eb takimi n\u00eb Dimal.<\/p>\n<p>Berisha tha se, subvencionet p\u00ebr ju do t\u00eb rriten nga 32 milion\u00eb euro n\u00eb 230 milion\u00eb euro! Ky do jet\u00eb zotimi solemn i yni p\u00ebr ju.<\/p>\n<p>\u201cT\u00eb dashur fermer\u00eb t\u00eb Kutallis\u00eb, Ur\u00ebs, Dimalit, Ku\u00e7ov\u00ebs, Beratit dhe mbar\u00eb Shqip\u00ebris\u00eb, u p\u00ebrsh\u00ebndes p\u00ebrzem\u00ebrsisht dhe u fal\u00ebnderoj shum\u00eb p\u00ebr k\u00ebt\u00eb takim.<\/p>\n<p>Un\u00eb dua t\u00eb p\u00ebrsh\u00ebndes gjithashtu para jush mikesh\u00ebn e shquar t\u00eb PD, timen dhe t\u00eb Shqip\u00ebris\u00eb, deputeten n\u00eb parlamentin italian, zonj\u00ebn Erika Maseti, e cila ndodhet k\u00ebtu sot p\u00ebr t\u00eb mb\u00ebshtetur opozit\u00ebn shqiptare n\u00eb k\u00ebt\u00eb fushat\u00eb elektorale si d\u00ebshmi e lidhjeve t\u00eb ngushta miq\u00ebsore q\u00eb bashkojn\u00eb PD-n\u00eb me partin\u00eb Forza Italia qen\u00eb koh\u00ebn e presidentit t\u00eb pavdeksh\u00ebm, mikut t\u00eb madh t\u00eb shqiptar\u00ebve, italianit t\u00eb madh, Silvio Berluskoni.<\/p>\n<p>I dashur Eno, drejtues politik i qarkut t\u00eb Beratit, i dashur Gjok\u00eb, drejtues i departamentit t\u00eb bujq\u00ebsis\u00eb n\u00eb PD, t\u00eb dashur kryetar\u00eb t\u00eb deg\u00ebve t\u00eb PD n\u00eb k\u00ebt\u00eb qark, t\u00eb nderuar kandidat\u00eb p\u00ebr deputet\u00eb t\u00eb PD dhe koalicionit p\u00ebr Shqip\u00ebrin\u00eb Madh\u00ebshtor\u00eb, t\u00eb pranish\u00ebm n\u00eb k\u00ebt\u00eb takim, q\u00eb jeni krenaria e popullit shqiptar, nes\u00ebr deputet\u00eb n\u00eb parlamentin e vendit.<\/p>\n<p>Un\u00eb vij sot tek ju p\u00ebr t\u00eb parashtruar programin ton\u00eb, me t\u00eb cilin duhet t\u00eb garantojm\u00eb \u00e7do fermer t\u00eb Kutallis\u00eb, t\u00eb Beratit dhe t\u00eb mbar\u00eb Shqip\u00ebris\u00eb se ky program ka si q\u00ebllim m\u00eb kryesor suksesin dhe rritjen e mir\u00ebqenies t\u00eb fermer\u00ebve shqiptar\u00eb, t\u00eb cil\u00ebt nd\u00ebrtojn\u00eb jet\u00ebn e tyre me lumenj djerse dhe sakrifice.<\/p>\n<p>U garantoj se do b\u00ebjm\u00eb gjith\u00e7ka q\u00eb ky mund, kjo djers\u00eb dhe k\u00ebto sakrifica t\u00eb japin m\u00eb shum\u00eb p\u00ebr ju, p\u00ebr familjet tuaja dhe p\u00ebr vendin.<\/p>\n<p>Ky \u00ebsht\u00eb q\u00ebllimi i programit ton\u00eb.<\/p>\n<p>Ne konsiderojm\u00eb diskriminimin q\u00eb u b\u00eb juve k\u00ebto 12 vite, nj\u00eb diskriminim t\u00eb pafalsh\u00ebm.<\/p>\n<p>Fermer\u00eb, mjafton t\u2019u them nj\u00eb shif\u00ebr un\u00eb k\u00ebtu, n\u00eb qoft\u00eb se fermeri n\u00eb Maqedoni, Kosov\u00eb, Mal t\u00eb Zi dhe Serbi, merr sot 5 her\u00eb m\u00eb shum\u00eb se ju subvencione, ky \u00ebsht\u00eb nj\u00eb diskriminim dhe nd\u00ebshkim p\u00ebr ju.<\/p>\n<p>Hapja e tregut iu b\u00ebn ju t\u00eb pamundur ju t\u00eb konkurroni me ata q\u00eb subvencionohen pes\u00eb her\u00eb m\u00eb shum\u00eb se ju.<\/p>\n<p>Shpesh ndoshta m\u00eb keni d\u00ebgjuar t\u00eb them se n\u00eb k\u00ebt\u00eb program, akti i par\u00eb q\u00eb do b\u00ebjm\u00eb do jet\u00eb rikthimi i parave tek qytetar\u00ebt.<\/p>\n<p>Ky nuk \u00ebsht\u00eb slogan, por nj\u00eb realitet.<\/p>\n<p>Nga 380 mij\u00eb fermer\u00eb shteti merr taks\u00ebn e vler\u00ebs s\u00eb shtuar n\u00eb \u00e7do blerje q\u00eb ata b\u00ebjn\u00eb. Paguajn\u00eb 20 p\u00ebrqind.<\/p>\n<p>N\u00eb 380 mij\u00eb fermer\u00eb q\u00eb japin 19 p\u00ebrqind t\u00eb Prodhimit t\u00eb Brendsh\u00ebm t\u00eb vendit, q\u00eb pun\u00ebsojn\u00eb rreth 500 mij\u00eb shqiptar\u00eb, buxheti i shtetit, miq t\u00eb dashur, ka l\u00ebn\u00eb k\u00ebt\u00eb vit p\u00ebr fermerin, pa llogaritur ato t\u00eb administrat\u00ebs q\u00eb marrin rroga, 32 milion\u00eb euro.<\/p>\n<p>Shum\u00eb m\u00eb qesharake, m\u00eb e turpshme.<\/p>\n<p>N\u00eb nj\u00eb koh\u00eb kur Maqedonia e ka 220 milion\u00eb euro, Kosova e ka 4-5 her\u00eb m\u00eb t\u00eb madh se ne. Serbia 7-8 her\u00eb m\u00eb t\u00eb lart\u00eb.<\/p>\n<p>\u00c7far\u00eb do b\u00ebjm\u00eb ne? Ne do u kthejm\u00eb parat\u00eb, se parat\u00eb i marrim nga ju.<\/p>\n<p>Ne nga 32 do kalojm\u00eb n\u00eb 230 milion\u00eb me t\u00eb cilat do subvencionojm\u00eb \u00e7do fidan q\u00eb do mbillni, \u00e7do kok\u00eb bag\u00ebti q\u00eb do mbani, \u00e7do nj\u00ebsi prodhimi. Ky do jet\u00eb zotimi solemn i yni p\u00ebr ju\u201d, tha Berisha.<\/p>\n","protected":false},"excerpt":{"rendered":"<p>Lideri i opozit\u00ebs, Sali Berisha ka paraqitur programin e PD \u2013 ASHM p\u00ebr fermer\u00ebt gjat\u00eb nj\u00eb takimi n\u00eb Dimal. Berisha tha se, subvencionet p\u00ebr ju do t\u00eb rriten nga 32 milion\u00eb euro n\u00eb 230 milion\u00eb euro! Ky do jet\u00eb zotimi solemn i yni p\u00ebr ju. \u201cT\u00eb dashur fermer\u00eb t\u00eb Kutallis\u00eb, Ur\u00ebs, Dimalit, Ku\u00e7ov\u00ebs, Beratit dhe &hellip;<\/p>\n","protected":false},"author":4,"featured_media":112502,"comment_status":"closed","ping_status":"closed","sticky":false,"template":"","format":"standard","meta":{"footnotes":""},"categories":[37],"tags":[],"class_list":["post-112500","post","type-post","status-publish","format-standard","has-post-thumbnail","","category-politike"],"_links":{"self":[{"href":"https:\/\/rdnews.al\/index.php\/wp-json\/wp\/v2\/posts\/112500","targetHints":{"allow":["GET"]}}],"collection":[{"href":"https:\/\/rdnews.al\/index.php\/wp-json\/wp\/v2\/posts"}],"about":[{"href":"https:\/\/rdnews.al\/index.php\/wp-json\/wp\/v2\/types\/post"}],"author":[{"embeddable":true,"href":"https:\/\/rdnews.al\/index.php\/wp-json\/wp\/v2\/users\/4"}],"replies":[{"embeddable":true,"href":"https:\/\/rdnews.al\/index.php\/wp-json\/wp\/v2\/comments?post=112500"}],"version-history":[{"count":1,"href":"https:\/\/rdnews.al\/index.php\/wp-json\/wp\/v2\/posts\/112500\/revisions"}],"predecessor-version":[{"id":112501,"href":"https:\/\/rdnews.al\/index.php\/wp-json\/wp\/v2\/posts\/112500\/revisions\/112501"}],"wp:featuredmedia":[{"embeddable":true,"href":"https:\/\/rdnews.al\/index.php\/wp-json\/wp\/v2\/media\/112502"}],"wp:attachment":[{"href":"https:\/\/rdnews.al\/index.php\/wp-json\/wp\/v2\/media?parent=112500"}],"wp:term":[{"taxonomy":"category","embeddable":true,"href":"https:\/\/rdnews.al\/index.php\/wp-json\/wp\/v2\/categories?post=112500"},{"taxonomy":"post_tag","embeddable":true,"href":"https:\/\/rdnews.al\/index.php\/wp-json\/wp\/v2\/tags?post=112500"}],"curies":[{"name":"wp","href":"https:\/\/api.w.org\/{rel}","templated":true}]}}