{"id":112511,"date":"2025-05-02T10:42:29","date_gmt":"2025-05-02T10:42:29","guid":{"rendered":"https:\/\/rdnews.al\/?p=112511"},"modified":"2025-05-02T10:42:29","modified_gmt":"2025-05-02T10:42:29","slug":"deputetja-italiane-votoni-per-nje-njeri-te-madh-si-berisha-per-te-ndryshuar-fatin-tuaj-italia-nuk-do-tu-braktise-kurre","status":"publish","type":"post","link":"https:\/\/rdnews.al\/index.php\/2025\/05\/02\/deputetja-italiane-votoni-per-nje-njeri-te-madh-si-berisha-per-te-ndryshuar-fatin-tuaj-italia-nuk-do-tu-braktise-kurre\/","title":{"rendered":"Deputetja italiane: Votoni p\u00ebr nj\u00eb njeri t\u00eb madh si Berisha p\u00ebr t\u00eb ndryshuar fatin tuaj! Italia nuk do t\u2019u braktis\u00eb kurr\u00eb!"},"content":{"rendered":"<p>Deputetja e Forza Italia, Erica Mazzeti, ishte sot e pranishme n\u00eb takimin elektoral t\u00eb liderit t\u00eb Partis\u00eb Demokratike, Sali Berisha, n\u00eb Dimal t\u00eb Beratit, ku mbajti nj\u00eb fjalim p\u00ebrpara qytetar\u00ebve t\u00eb mbledhur.<\/p>\n<p>N\u00eb fjal\u00ebn e saj, Mazzeti shprehu mb\u00ebshtetjen e plot\u00eb p\u00ebr Berish\u00ebn dhe vler\u00ebsoi r\u00ebnd\u00ebsin\u00eb e marr\u00ebdh\u00ebnieve mes Shqip\u00ebris\u00eb dhe Italis\u00eb:<\/p>\n<p><strong>Fjala e deputetes s\u00eb Forza Italia, Erica Mazzeti<\/strong><\/p>\n<p>Faleminderit t\u00eb gjith\u00ebve dhe ju uroj nj\u00eb dit\u00eb t\u00eb mbar\u00eb! Faleminderit q\u00eb jeni kaq shum\u00eb p\u00ebr nj\u00eb njeri t\u00eb madh si Berisha. Keni fatin t\u00eb jetoni n\u00eb nj\u00eb tok\u00eb t\u00eb bukur. Jeni njer\u00ebz t\u00eb mrekulluesh\u00ebm, sepse ne italian\u00ebt e dim\u00eb sa vleni. Ju kemi pritur me krah\u00eb hapur dhe ju i keni dh\u00ebn\u00eb shum\u00eb vendit ton\u00eb. Jemi krenar\u00eb q\u00eb jemi miq. Ekziston nj\u00eb miq\u00ebsi e thell\u00eb mes Italis\u00eb dhe Shqip\u00ebris\u00eb, dhe kjo miq\u00ebsi duhet t\u00eb forcohet edhe m\u00eb shum\u00eb. Dhe k\u00ebt\u00eb mund ta b\u00ebjm\u00eb vet\u00ebm me kryeministrin Berisha.<\/p>\n<p>Tani i takon secilit prej jush. T\u00eb diel\u00ebn m\u00eb 11 maj shkoni t\u00eb votoni. Sillni njer\u00ebz p\u00ebr t\u00eb votuar, p\u00ebr t\u00eb ndryshuar fatin tuaj. Mund t\u00eb b\u00ebjm\u00eb shum\u00eb gj\u00ebra mes Parlamentit Italian dhe atij Shqiptar, por duhet t\u00eb bashk\u00ebpunojm\u00eb me nj\u00eb njeri si Berisha, q\u00eb njeh ekonomin\u00eb, territorin, bujq\u00ebsin\u00eb, infrastruktur\u00ebn, sh\u00ebndet\u00ebsin\u00eb dhe arsimin e k\u00ebtij vendi t\u00eb bukur.<\/p>\n<p>Italia nuk ju ka braktisur kurr\u00eb dhe nuk do t\u2019ju braktis\u00eb as tani. Edhe k\u00ebt\u00eb her\u00eb jam e sigurt q\u00eb do t\u00eb b\u00ebjm\u00eb gj\u00ebra t\u00eb m\u00ebdha s\u00eb bashku. Qeveria italiane e qendr\u00ebs s\u00eb djatht\u00eb po fokusohet shum\u00eb te vendet fqinje dhe mike, p\u00ebr t\u00eb punuar s\u00eb bashku. Sepse puna i jep dinjitet njeriut, dhe ne duam t\u2019u japim dinjitet t\u00eb gjith\u00eb qytetar\u00ebve evropian\u00eb dhe fqinj\u00ebve tan\u00eb.<\/p>\n<p>Ju presim n\u00eb familjen e madhe t\u00eb Partis\u00eb Popullore Evropiane, atje ku b\u00ebjm\u00eb gj\u00ebrat s\u00eb bashku. Mund t\u00eb nd\u00ebrtojm\u00eb nj\u00eb t\u00eb ardhme s\u00eb bashku dhe t\u00eb krijojm\u00eb nj\u00eb bot\u00eb m\u00eb t\u00eb mir\u00eb p\u00ebr t\u00eb gjith\u00eb. Sepse ne duam mir\u00ebqenie p\u00ebr t\u00eb gjith\u00eb, dinjitet p\u00ebr t\u00eb gjith\u00eb dhe q\u00eb t\u00eb gjith\u00eb t\u00eb ken\u00eb mund\u00ebsin\u00eb t\u00eb punojn\u00eb dhe t\u00eb fitojn\u00eb mir\u00eb. Edhe sh\u00ebndeti \u00ebsht\u00eb i r\u00ebnd\u00ebsish\u00ebm, sh\u00ebndet p\u00ebr t\u00eb gjith\u00eb qytetar\u00ebt.<\/p>\n<p>Shikoj shum\u00eb vajza dhe djem t\u00eb vegj\u00ebl q\u00eb kan\u00eb t\u00eb drejt\u00eb t\u00eb rriten n\u00eb nj\u00eb vend t\u00eb sigurt, me nj\u00eb sistem sh\u00ebndet\u00ebsor t\u00eb sigurt, shkollim t\u00eb sigurt dhe drejt\u00ebsi t\u00eb sigurt. Sepse sip\u00ebrmarr\u00ebsit duhet t\u00eb kthehen e t\u00eb investojn\u00eb n\u00eb k\u00ebt\u00eb tok\u00eb t\u00eb bukur dhe ju mund t\u00eb punoni s\u00eb bashku.<\/p>\n<p>Ju lutem, shkoni t\u00eb gjith\u00eb p\u00ebr t\u00eb votuar t\u00eb diel\u00ebn m\u00eb 11 maj. Bindni miqt\u00eb, t\u00eb af\u00ebrmit, t\u00eb njohurit, sepse sot fati i Shqip\u00ebris\u00eb \u00ebsht\u00eb n\u00eb duart tuaja. Me vot\u00ebn tuaj mund ta ndryshoni k\u00ebt\u00eb komb. Dhe un\u00eb do t\u00eb kthehem k\u00ebtu p\u00ebr t\u00eb festuar me ju dhe p\u00ebr t\u00eb b\u00ebr\u00eb nj\u00eb program s\u00eb bashku mes Italis\u00eb dhe Shqip\u00ebris\u00eb, si n\u00eb koh\u00ebt e Silvio Berluskonit.<\/p>\n<p>Faleminderit!<\/p>\n","protected":false},"excerpt":{"rendered":"<p>Deputetja e Forza Italia, Erica Mazzeti, ishte sot e pranishme n\u00eb takimin elektoral t\u00eb liderit t\u00eb Partis\u00eb Demokratike, Sali Berisha, n\u00eb Dimal t\u00eb Beratit, ku mbajti nj\u00eb fjalim p\u00ebrpara qytetar\u00ebve t\u00eb mbledhur. N\u00eb fjal\u00ebn e saj, Mazzeti shprehu mb\u00ebshtetjen e plot\u00eb p\u00ebr Berish\u00ebn dhe vler\u00ebsoi r\u00ebnd\u00ebsin\u00eb e marr\u00ebdh\u00ebnieve mes Shqip\u00ebris\u00eb dhe Italis\u00eb: Fjala e deputetes &hellip;<\/p>\n","protected":false},"author":4,"featured_media":112513,"comment_status":"closed","ping_status":"closed","sticky":false,"template":"","format":"standard","meta":{"footnotes":""},"categories":[37],"tags":[],"class_list":["post-112511","post","type-post","status-publish","format-standard","has-post-thumbnail","","category-politike"],"_links":{"self":[{"href":"https:\/\/rdnews.al\/index.php\/wp-json\/wp\/v2\/posts\/112511","targetHints":{"allow":["GET"]}}],"collection":[{"href":"https:\/\/rdnews.al\/index.php\/wp-json\/wp\/v2\/posts"}],"about":[{"href":"https:\/\/rdnews.al\/index.php\/wp-json\/wp\/v2\/types\/post"}],"author":[{"embeddable":true,"href":"https:\/\/rdnews.al\/index.php\/wp-json\/wp\/v2\/users\/4"}],"replies":[{"embeddable":true,"href":"https:\/\/rdnews.al\/index.php\/wp-json\/wp\/v2\/comments?post=112511"}],"version-history":[{"count":1,"href":"https:\/\/rdnews.al\/index.php\/wp-json\/wp\/v2\/posts\/112511\/revisions"}],"predecessor-version":[{"id":112514,"href":"https:\/\/rdnews.al\/index.php\/wp-json\/wp\/v2\/posts\/112511\/revisions\/112514"}],"wp:featuredmedia":[{"embeddable":true,"href":"https:\/\/rdnews.al\/index.php\/wp-json\/wp\/v2\/media\/112513"}],"wp:attachment":[{"href":"https:\/\/rdnews.al\/index.php\/wp-json\/wp\/v2\/media?parent=112511"}],"wp:term":[{"taxonomy":"category","embeddable":true,"href":"https:\/\/rdnews.al\/index.php\/wp-json\/wp\/v2\/categories?post=112511"},{"taxonomy":"post_tag","embeddable":true,"href":"https:\/\/rdnews.al\/index.php\/wp-json\/wp\/v2\/tags?post=112511"}],"curies":[{"name":"wp","href":"https:\/\/api.w.org\/{rel}","templated":true}]}}