{"id":112515,"date":"2025-05-02T10:47:19","date_gmt":"2025-05-02T10:47:19","guid":{"rendered":"https:\/\/rdnews.al\/?p=112515"},"modified":"2025-05-02T10:47:45","modified_gmt":"2025-05-02T10:47:45","slug":"berisha-fermereve-banka-e-zhvillimit-do-u-cliroje-ju-nga-mikrokredite-qe-po-u-sjellin-shume-telashe","status":"publish","type":"post","link":"https:\/\/rdnews.al\/index.php\/2025\/05\/02\/berisha-fermereve-banka-e-zhvillimit-do-u-cliroje-ju-nga-mikrokredite-qe-po-u-sjellin-shume-telashe\/","title":{"rendered":"Berisha-fermer\u00ebve: Banka e Zhvillimit do t&#8217;u \u00e7liroj\u00eb ju nga mikrokredit\u00eb q\u00eb po u sjellin shum\u00eb telashe"},"content":{"rendered":"<p>Kryetari i PD, Sali Berisha gjat\u00eb takimit me fermer\u00ebt n\u00eb Dimal ju tha atyre se, Banka e Zhvillimit do u \u00e7liroj\u00eb ju nga mikrokredit\u00eb q\u00eb po u sjellin shum\u00eb telashe. Ai tha se, ne do garantojm\u00eb p\u00ebr ju kredi t\u00eb buta nga Banka e Zhvillimit, pastaj ju do nd\u00ebrtoni jet\u00ebn tuaj, t\u00eb rinjt\u00eb do punojn\u00eb, fermat do ecin dhe Shqip\u00ebria do b\u00ebhet m\u00eb e pasur dhe m\u00eb e m\u00ebk\u00ebmbur dhe ju m\u00eb t\u00eb pasur.<br \/>\n\u201cMund t\u00eb flas dy dit\u00eb rresht pa nd\u00ebrprerje p\u00ebr vjedhjet e dhe abuzimet e Edi Ram\u00ebs dhe ministrat e tij q\u00eb shkojn\u00eb n\u00eb shkall\u00ebn m\u00eb ekstreme.<br \/>\nPo kthehem nga nj\u00eb kongres, kur un\u00eb u tregoja se p\u00ebr djeg\u00ebsin e Tiran\u00ebs jan\u00eb dh\u00ebn\u00eb 130 milion\u00eb euro, dhe djeg\u00ebsi nuk ekziston prej 6 vitesh asnj\u00eb tull\u00eb, u them t\u00eb v\u00ebrtet\u00ebn, ata q\u00eb m\u00eb d\u00ebgjonin, nuk e besonin dhe detyrohesha t\u2019ua ktheja dy-tre her\u00eb dhe t\u2019u shpjegoja q\u00eb ai nuk ekziston.<br \/>\nPo ja q\u00eb ndodh n\u00eb Shqip\u00ebri, q\u00eb nuk ndodh askund n\u00eb bot\u00eb,.<br \/>\nNdaj dhe 11 Maji \u00ebsht\u00eb nj\u00eb dit\u00eb q\u00eb t\u00eb ndahemi nga kjo e keqe e madhe.<br \/>\n\u00cbsht\u00eb nj\u00eb dit\u00eb t\u00eb votojm\u00eb p\u00ebr veten ton\u00eb.<br \/>\nNe do vazhdojm\u00eb subvencionet tona p\u00ebr \u00e7do fidan, si\u00e7 e thash\u00eb. Ne pat\u00ebm projektin e ullirit dhe arror\u00ebve dhe u siguroj se nuk do mbetet kod\u00ebr pa u mbjell\u00eb me ullinj, lajthi ose vreshta n\u00eb t\u00eb gjith\u00eb Shqip\u00ebrin\u00eb.<br \/>\nShqip\u00ebria mund t\u00eb jet\u00eb vendi i prodhimit t\u00eb frutave m\u00eb t\u00eb mrekullueshme dhe n\u00eb sasi t\u00eb m\u00ebdha. \u00cbsht\u00eb nj\u00eb kopsht natyror i v\u00ebrtet\u00eb.<br \/>\nNe sigurisht do subvencionojm\u00eb edhe bim\u00ebt e arave dhe t\u00eb gjitha llojet e tjera t\u00eb prodhimit.<br \/>\nBanka e Zhvillimit do ket\u00eb nj\u00eb sektor t\u00eb ve\u00e7ant\u00eb p\u00ebr bujq\u00ebsin\u00eb dhe do u \u00e7lirojm\u00eb nga mikrokredit\u00eb se edhe k\u00ebto me interesat e larta u sjellin shum\u00eb telashe ju.<br \/>\nNe do garantojm\u00eb p\u00ebr ju kredi t\u00eb buta nga Banka e Zhvillimit, pastaj ju do nd\u00ebrtoni jet\u00ebn tuaj, t\u00eb rinjt\u00eb do punojn\u00eb, fermat do ecin dhe Shqip\u00ebria do b\u00ebhet m\u00eb e pasur dhe m\u00eb e m\u00ebk\u00ebmbur dhe ju m\u00eb t\u00eb pasur\u201d, tha Berisha.<\/p>\n","protected":false},"excerpt":{"rendered":"<p>Kryetari i PD, Sali Berisha gjat\u00eb takimit me fermer\u00ebt n\u00eb Dimal ju tha atyre se, Banka e Zhvillimit do u \u00e7liroj\u00eb ju nga mikrokredit\u00eb q\u00eb po u sjellin shum\u00eb telashe. Ai tha se, ne do garantojm\u00eb p\u00ebr ju kredi t\u00eb buta nga Banka e Zhvillimit, pastaj ju do nd\u00ebrtoni jet\u00ebn tuaj, t\u00eb rinjt\u00eb do punojn\u00eb, &hellip;<\/p>\n","protected":false},"author":4,"featured_media":112516,"comment_status":"closed","ping_status":"closed","sticky":false,"template":"","format":"standard","meta":{"footnotes":""},"categories":[37],"tags":[],"class_list":["post-112515","post","type-post","status-publish","format-standard","has-post-thumbnail","","category-politike"],"_links":{"self":[{"href":"https:\/\/rdnews.al\/index.php\/wp-json\/wp\/v2\/posts\/112515","targetHints":{"allow":["GET"]}}],"collection":[{"href":"https:\/\/rdnews.al\/index.php\/wp-json\/wp\/v2\/posts"}],"about":[{"href":"https:\/\/rdnews.al\/index.php\/wp-json\/wp\/v2\/types\/post"}],"author":[{"embeddable":true,"href":"https:\/\/rdnews.al\/index.php\/wp-json\/wp\/v2\/users\/4"}],"replies":[{"embeddable":true,"href":"https:\/\/rdnews.al\/index.php\/wp-json\/wp\/v2\/comments?post=112515"}],"version-history":[{"count":2,"href":"https:\/\/rdnews.al\/index.php\/wp-json\/wp\/v2\/posts\/112515\/revisions"}],"predecessor-version":[{"id":112518,"href":"https:\/\/rdnews.al\/index.php\/wp-json\/wp\/v2\/posts\/112515\/revisions\/112518"}],"wp:featuredmedia":[{"embeddable":true,"href":"https:\/\/rdnews.al\/index.php\/wp-json\/wp\/v2\/media\/112516"}],"wp:attachment":[{"href":"https:\/\/rdnews.al\/index.php\/wp-json\/wp\/v2\/media?parent=112515"}],"wp:term":[{"taxonomy":"category","embeddable":true,"href":"https:\/\/rdnews.al\/index.php\/wp-json\/wp\/v2\/categories?post=112515"},{"taxonomy":"post_tag","embeddable":true,"href":"https:\/\/rdnews.al\/index.php\/wp-json\/wp\/v2\/tags?post=112515"}],"curies":[{"name":"wp","href":"https:\/\/api.w.org\/{rel}","templated":true}]}}