{"id":112526,"date":"2025-05-02T11:02:16","date_gmt":"2025-05-02T11:02:16","guid":{"rendered":"https:\/\/rdnews.al\/?p=112526"},"modified":"2025-05-02T11:02:16","modified_gmt":"2025-05-02T11:02:16","slug":"ndertimi-i-hec-it-ne-kacinar-banoret-proteste-para-zyres-se-ballukut-foto","status":"publish","type":"post","link":"https:\/\/rdnews.al\/index.php\/2025\/05\/02\/ndertimi-i-hec-it-ne-kacinar-banoret-proteste-para-zyres-se-ballukut-foto\/","title":{"rendered":"Nd\u00ebrtimi i HEC-it n\u00eb Ka\u00e7inar, banor\u00ebt protest\u00eb para zyr\u00ebs s\u00eb Ballukut (Foto)"},"content":{"rendered":"<p>Banor\u00ebt e Ka\u00e7inarit t\u00eb Rr\u00ebshenit e kan\u00eb zhvendosur dit\u00ebn e sotme protest\u00ebn para godin\u00ebs s\u00eb Ministris\u00eb s\u00eb Infrastruktur\u00ebs dhe Energjetik\u00ebs, ku kund\u00ebrshtojn\u00eb nd\u00ebrtimin e HEC-it n\u00eb k\u00ebt\u00eb zon\u00eb, nga koncensionari \u201cShp\u00ebrdhaza-Energji\u201d.<\/p>\n<p><img loading=\"lazy\" decoding=\"async\" class=\"alignnone size-medium wp-image-112527\" src=\"https:\/\/rdnews.al\/wp-content\/uploads\/2025\/05\/kacinar-300x169.jpeg\" alt=\"\" width=\"300\" height=\"169\" srcset=\"https:\/\/rdnews.al\/wp-content\/uploads\/2025\/05\/kacinar-300x169.jpeg 300w, https:\/\/rdnews.al\/wp-content\/uploads\/2025\/05\/kacinar-768x433.jpeg 768w, https:\/\/rdnews.al\/wp-content\/uploads\/2025\/05\/kacinar.jpeg 780w\" sizes=\"auto, (max-width: 300px) 100vw, 300px\" \/><\/p>\n<p>Banor\u00ebt pretendojn\u00eb se projekti \u00ebsht\u00eb duke u zbatuar mbi baz\u00eb dokumentacionesh t\u00eb dyshuara si t\u00eb falsifikuara, shoq\u00ebria koncesionare nuk ka leje mjedisore t\u00eb vlefshme dhe nuk ka dakord\u00ebsin\u00eb publike t\u00eb komunitetit.<\/p>\n<p>Gjithashtu, ata pretendojn\u00eb se zbatimi i projektit \u00ebsht\u00eb duke u b\u00ebr\u00eb me presione t\u00eb paligjshme ndaj banor\u00ebve dhe me p\u00ebrdorim t\u00eb mjeteve t\u00eb r\u00ebnda nd\u00ebrtimore, duke rrezikuar sigurin\u00eb publike dhe sh\u00ebndetin e njer\u00ebzve.<\/p>\n<p>Gjat\u00eb tubimit t\u00eb sot\u00ebm, banor\u00ebt e Ka\u00e7inarit hodh\u00ebn thirrje se, \u201cUji \u00ebsht\u00eb jet\u00eb, mos na thaj shpirtin\u201d\u00a0dhe\u00a0\u201cJo dor\u00eb e zez\u00eb mbi Mirdit\u00ebn e bardh\u00eb\u201d.<\/p>\n<p>Ata k\u00ebrkojn\u00eb q\u00eb t\u00eb ndalohet projekti, teksa u b\u00ebn\u00eb thirrje edhe organeve kompetente p\u00ebr t\u00eb hetuar.<\/p>\n<p><em>\u00a0\u201cAta duan t\u00eb na vjedhin ujin, pasurin\u00eb m\u00eb t\u00eb \u00e7muar t\u00eb njeriut. Nuk kemi asnj\u00eb lloj informacioni. Banor\u00ebt nuk u vun\u00eb n\u00eb dijeni p\u00ebr lejen q\u00eb \u00ebsht\u00eb e paligjshme. Organet kompetente t\u00eb hetojn\u00eb, \u00ebsht\u00eb n\u00eb shkelje t\u00eb ligjit. T\u00eb ndalohet ky projekt dhe nd\u00ebrtimi i HEC, kemi v\u00ebn\u00eb n\u00eb dijeni t\u00eb gjitha institucionet\u201d,<\/em>\u00a0than\u00eb mes t\u00eb tjerash organzator\u00ebt e protest\u00ebs dhe banor\u00ebt e Ka\u00e7inarit.<\/p>\n<p>Nj\u00eb prej tyre k\u00ebrkoi q\u00eb ministrja Belinda Balluku t\u00eb dal\u00eb dhe t\u2019u jap\u00eb fjal\u00ebn q\u00eb projekti t\u00eb pezullohet.<\/p>\n<p><em>\u201cI b\u00ebj thirrje ministres, zonja Balluku, t\u00eb dal\u00eb k\u00ebtu dhe t\u00eb na jap\u00eb fjal\u00ebn q\u00eb do pezulloj\u00eb punimet p\u00ebr kat\u00ebr HEC-et n\u00eb Ka\u00e7inar. N\u00eb munges\u00eb t\u00eb saj, t\u00eb dalin z\u00ebvend\u00ebsministrat, drejtori i koncesioneve q\u00eb monitoron k\u00ebto hidrocentrale q\u00eb po u pijn\u00eb gjakun njer\u00ebzve n\u00eb Ka\u00e7inar.\u201d<\/em>\u00a0tha nj\u00eb nga protestuesit.<\/p>\n<p>Banor\u00ebt k\u00ebrkuan q\u00eb punimet t\u00eb pezullohen deri n\u00eb nj\u00eb vendim t\u00eb qart\u00eb t\u00eb drejt\u00ebsis\u00eb, duke theksuar se nuk do t\u00eb ndalen derisa t\u00eb mbrojn\u00eb t\u00eb drejt\u00ebn p\u00ebr ujin dhe mjedisin e tyre.<\/p>\n<p><em>\u201cMbase kujtohet ministrja t\u2019i dal\u00eb gjumi dhe t\u00eb dal\u00eb para k\u00ebtyre banor\u00ebve. \u00a0Ne kemi nj\u00eb peticion q\u00eb do t\u2019i paraqitet ministres dhe kryeministrit\u201d,<\/em>\u00a0u shpreh nj\u00eb tjet\u00ebr protestues.<\/p>\n","protected":false},"excerpt":{"rendered":"<p>Banor\u00ebt e Ka\u00e7inarit t\u00eb Rr\u00ebshenit e kan\u00eb zhvendosur dit\u00ebn e sotme protest\u00ebn para godin\u00ebs s\u00eb Ministris\u00eb s\u00eb Infrastruktur\u00ebs dhe Energjetik\u00ebs, ku kund\u00ebrshtojn\u00eb nd\u00ebrtimin e HEC-it n\u00eb k\u00ebt\u00eb zon\u00eb, nga koncensionari \u201cShp\u00ebrdhaza-Energji\u201d. Banor\u00ebt pretendojn\u00eb se projekti \u00ebsht\u00eb duke u zbatuar mbi baz\u00eb dokumentacionesh t\u00eb dyshuara si t\u00eb falsifikuara, shoq\u00ebria koncesionare nuk ka leje mjedisore t\u00eb vlefshme &hellip;<\/p>\n","protected":false},"author":4,"featured_media":107931,"comment_status":"closed","ping_status":"closed","sticky":false,"template":"","format":"standard","meta":{"footnotes":""},"categories":[37],"tags":[],"class_list":["post-112526","post","type-post","status-publish","format-standard","has-post-thumbnail","","category-politike"],"_links":{"self":[{"href":"https:\/\/rdnews.al\/index.php\/wp-json\/wp\/v2\/posts\/112526","targetHints":{"allow":["GET"]}}],"collection":[{"href":"https:\/\/rdnews.al\/index.php\/wp-json\/wp\/v2\/posts"}],"about":[{"href":"https:\/\/rdnews.al\/index.php\/wp-json\/wp\/v2\/types\/post"}],"author":[{"embeddable":true,"href":"https:\/\/rdnews.al\/index.php\/wp-json\/wp\/v2\/users\/4"}],"replies":[{"embeddable":true,"href":"https:\/\/rdnews.al\/index.php\/wp-json\/wp\/v2\/comments?post=112526"}],"version-history":[{"count":1,"href":"https:\/\/rdnews.al\/index.php\/wp-json\/wp\/v2\/posts\/112526\/revisions"}],"predecessor-version":[{"id":112528,"href":"https:\/\/rdnews.al\/index.php\/wp-json\/wp\/v2\/posts\/112526\/revisions\/112528"}],"wp:featuredmedia":[{"embeddable":true,"href":"https:\/\/rdnews.al\/index.php\/wp-json\/wp\/v2\/media\/107931"}],"wp:attachment":[{"href":"https:\/\/rdnews.al\/index.php\/wp-json\/wp\/v2\/media?parent=112526"}],"wp:term":[{"taxonomy":"category","embeddable":true,"href":"https:\/\/rdnews.al\/index.php\/wp-json\/wp\/v2\/categories?post=112526"},{"taxonomy":"post_tag","embeddable":true,"href":"https:\/\/rdnews.al\/index.php\/wp-json\/wp\/v2\/tags?post=112526"}],"curies":[{"name":"wp","href":"https:\/\/api.w.org\/{rel}","templated":true}]}}