{"id":112531,"date":"2025-05-02T11:37:00","date_gmt":"2025-05-02T11:37:00","guid":{"rendered":"https:\/\/rdnews.al\/?p=112531"},"modified":"2025-05-02T11:37:26","modified_gmt":"2025-05-02T11:37:26","slug":"akuzat-ndaj-kandidatit-te-ps-e-kaluara-e-fshehur-e-ervin-dodes-dhe-hijet-qe-ndjekin-familjen-e-tij","status":"publish","type":"post","link":"https:\/\/rdnews.al\/index.php\/2025\/05\/02\/akuzat-ndaj-kandidatit-te-ps-e-kaluara-e-fshehur-e-ervin-dodes-dhe-hijet-qe-ndjekin-familjen-e-tij\/","title":{"rendered":"Akuzat ndaj kandidatit t\u00eb PS: E kaluara e fshehur e Dod\u00ebs dhe hijet q\u00eb ndjekin familjen e tij"},"content":{"rendered":"<p>Partia Demokratike ka depozituar nj\u00eb kall\u00ebzim penal n\u00eb Prokurorin\u00eb e Tiran\u00ebs ndaj kandidatit t\u00eb Partis\u00eb Socialiste p\u00ebr deputet n\u00eb qarkun e Shkodr\u00ebs, zona e Fush\u00eb-Arr\u00ebzit, Ervin Doda.<\/p>\n<div class=\"jeg_ad jeg_ad_article jnews_content_inline_ads \">\n<div class=\"ads-wrapper align-center \"><\/div>\n<\/div>\n<p>Sipas kall\u00ebzimit, Doda ka fshehur informacione t\u00eb r\u00ebnd\u00ebsishme n\u00eb formularin e dekriminalizimit, dokument ky q\u00eb duhet t\u00eb reflektoj\u00eb me sakt\u00ebsi \u00e7do aspekt t\u00eb s\u00eb kaluar\u00ebs penale t\u00eb nj\u00eb kandidati p\u00ebr poste publike.<\/p>\n<p>N\u00eb dokumentin e kall\u00ebzuar, ai akuzohet se nuk ka deklaruar nj\u00eb d\u00ebnim me burg prej 5 muajsh p\u00ebr dy vepra penale: kanosje dhe arm\u00ebmbajtje pa leje. N\u00ebse k\u00ebto akuza provohen t\u00eb v\u00ebrteta, ato jo vet\u00ebm q\u00eb shkelin ligjin p\u00ebr dekriminalizimin, por edhe v\u00ebn\u00eb n\u00eb pik\u00ebpyetje integritetin moral dhe ligjor t\u00eb nj\u00eb personi q\u00eb synon t\u00eb p\u00ebrfaq\u00ebsoj\u00eb qytetar\u00ebt n\u00eb Kuvendin e Shqip\u00ebris\u00eb.<\/p>\n<p>Por kush \u00ebsht\u00eb Ervin Doda, kandidati q\u00eb k\u00ebrkon t\u00eb jet\u00eb z\u00ebri i banor\u00ebve t\u00eb nj\u00eb prej zonave m\u00eb t\u00eb varfra t\u00eb vendit, Fush\u00eb-Arr\u00ebzit?<\/p>\n<p>Burime lokale tregojn\u00eb se ai \u00ebsht\u00eb djali i Ndue Dod\u00ebs, nj\u00eb em\u00ebr q\u00eb \u00ebsht\u00eb b\u00ebr\u00eb i njohur p\u00ebr sjelljet e tij t\u00eb diskutueshme ndaj komunitetit katolik n\u00eb zon\u00eb. Ndue Doda ka qen\u00eb p\u00ebr vite me radh\u00eb n\u00eb p\u00ebrplasje me Kish\u00ebn Katolike, duke i d\u00ebrguar vazhdimisht letra Vatikanit me k\u00ebrkesa p\u00ebr largimin e kish\u00ebs nga rrethi i Fush\u00eb-Arr\u00ebzit, pasi e shqet\u00ebsonte zhurma e kamban\u00ebs.<\/p>\n<div class=\"jnews_inline_related_post_wrapper left\">\n<div class=\"jnews_inline_related_post\">\n<div class=\"jeg_postblock_29 jeg_postblock jeg_module_hook jeg_pagination_disable jeg_col_2o3 jnews_module_1541468_1_6814acc9f31ef \" data-unique=\"jnews_module_1541468_1_6814acc9f31ef\">\n<div class=\"jeg_block_heading jeg_block_heading_6 jeg_subcat_right\"><\/div>\n<\/div>\n<\/div>\n<\/div>\n<div class=\"jeg_ad jeg_ad_article jnews_content_inline_2_ads \">\n<div class=\"ads-wrapper align-center \">\n<div class=\"ads_code\">Por kund\u00ebrshtit\u00eb e tij ndaj kish\u00ebs nuk ishin vet\u00ebm \u00e7\u00ebshtje personale. Ai gjithashtu \u00ebsht\u00eb p\u00ebrpjekur t\u00eb pengoj\u00eb shp\u00ebrndarjen e ila\u00e7eve falas p\u00ebr qytetar\u00ebt n\u00eb nevoj\u00eb, duke pretenduar se barnat mund t\u00eb ishin t\u00eb skaduara. Megjithat\u00eb, shum\u00eb banor\u00eb t\u00eb zon\u00ebs besojn\u00eb se motivi i v\u00ebrtet\u00eb ishte mbrojtja e interesave t\u00eb biznesit familjar: Ndue Doda zot\u00ebron t\u00eb vetmen farmaci n\u00eb Fush\u00eb-Arr\u00ebz, dhe shp\u00ebrndarja falas e barnave rrezikon t\u00eb ulte ndjesh\u00ebm t\u00eb ardhurat e tij.<\/div>\n<\/div>\n<\/div>\n<p>N\u00eb k\u00ebt\u00eb kontekst, lind nj\u00eb pyetje e natyrshme: A \u00ebsht\u00eb Ervin Doda personi i duhur p\u00ebr t\u00eb p\u00ebrfaq\u00ebsuar interesat e qytetar\u00ebve t\u00eb k\u00ebsaj zone? A mund t\u00eb besojn\u00eb qytetar\u00ebt e Fush\u00eb-Arr\u00ebzit tek nj\u00eb kandidat i cili, sipas akuzave, jo vet\u00ebm q\u00eb ka fshehur t\u00eb kaluar\u00ebn penale, por edhe vjen nga nj\u00eb familje q\u00eb \u00ebsht\u00eb p\u00ebrfshir\u00eb n\u00eb praktika t\u00eb dyshimta e n\u00eb p\u00ebrpjekje p\u00ebr t\u00eb ndikuar mbi jet\u00ebn e komunitetit p\u00ebr interesa personale?<\/p>\n<p>N\u00eb nj\u00eb koh\u00eb kur besimi n\u00eb politik\u00eb \u00ebsht\u00eb n\u00eb nivele minimale dhe qytetar\u00ebt k\u00ebrkojn\u00eb p\u00ebrfaq\u00ebsues t\u00eb ndersh\u00ebm, transparent\u00eb dhe t\u00eb p\u00ebrgjegjsh\u00ebm, \u00e7\u00ebshtje t\u00eb tilla ngren\u00eb alarmin p\u00ebr seriozitetin me t\u00eb cilin partit\u00eb politike trajtojn\u00eb p\u00ebrzgjedhjen e kandidat\u00ebve.<\/p>\n<p>N\u00eb kultur\u00ebn e maleve, fjala dhe nderi vlejn\u00eb m\u00eb shum\u00eb se \u00e7do pasuri. Malsor\u00ebt jan\u00eb t\u00eb varf\u00ebr n\u00eb mjete, por t\u00eb pasur n\u00eb karakter. Ata nuk e durojn\u00eb posht\u00ebrimin dhe kurr\u00eb nuk jan\u00eb pajtuar me padrejt\u00ebsin\u00eb. N\u00eb k\u00ebt\u00eb frym\u00eb, pyetja \u00ebsht\u00eb e thjesht\u00eb: n\u00ebse Ervini do t\u00eb kishte sado pak seder malsori, a nuk do t\u00eb ishte m\u00eb e ndershme t\u00eb t\u00ebrhiqej vet\u00eb? T\u00eb pranonte se nuk \u00ebsht\u00eb kandidati i duhur, dhe t\u00eb mos e p\u00ebrdhos\u00eb emrin e nj\u00eb komuniteti q\u00eb e ka ruajtur dinjitetin edhe n\u00eb koh\u00ebt m\u00eb t\u00eb err\u00ebta?<\/p>\n<p>Shum\u00eb mund t\u00eb thon\u00eb se k\u00ebto jan\u00eb vet\u00ebm akuza politike. Por n\u00eb fund, faktet do t\u00eb dalin n\u00eb drit\u00eb, dhe qytetar\u00ebt do t\u00eb gjykojn\u00eb jo vet\u00ebm mbi baz\u00ebn e ligjit, por mbi baz\u00ebn e dinjitetit, historis\u00eb dhe karakterit. Dhe \u00ebsht\u00eb pik\u00ebrisht ky gjykim q\u00eb shpeshher\u00eb peshon m\u00eb shum\u00eb se \u00e7do vendim gjykate.<\/p>\n<p>Prokuroria pritet t\u00eb hetoj\u00eb \u00e7\u00ebshtjen n\u00eb dit\u00ebt n\u00eb vijim. Nd\u00ebrkoh\u00eb, qytetar\u00ebt e Fush\u00eb-Arr\u00ebzit dhe mbar\u00eb opinioni publik mbeten n\u00eb pritje t\u00eb s\u00eb v\u00ebrtet\u00ebs. \/Oranews<\/p>\n<p><img loading=\"lazy\" decoding=\"async\" class=\"alignnone size-medium wp-image-1541469\" src=\"https:\/\/boldnews.al\/wp-content\/uploads\/2025\/05\/auto_-640-0-screenshot-31-1746179740_11746184480-1-640x829.jpg\" sizes=\"auto, (max-width: 640px) 100vw, 640px\" srcset=\"https:\/\/boldnews.al\/wp-content\/uploads\/2025\/05\/auto_-640-0-screenshot-31-1746179740_11746184480-1-640x829.jpg 640w, https:\/\/boldnews.al\/wp-content\/uploads\/2025\/05\/auto_-640-0-screenshot-31-1746179740_11746184480-1-750x972.jpg 750w, https:\/\/boldnews.al\/wp-content\/uploads\/2025\/05\/auto_-640-0-screenshot-31-1746179740_11746184480-1.jpg 900w\" alt=\"\" width=\"640\" height=\"829\" data-pin-no-hover=\"true\" \/><\/p>\n","protected":false},"excerpt":{"rendered":"<p>Partia Demokratike ka depozituar nj\u00eb kall\u00ebzim penal n\u00eb Prokurorin\u00eb e Tiran\u00ebs ndaj kandidatit t\u00eb Partis\u00eb Socialiste p\u00ebr deputet n\u00eb qarkun e Shkodr\u00ebs, zona e Fush\u00eb-Arr\u00ebzit, Ervin Doda. Sipas kall\u00ebzimit, Doda ka fshehur informacione t\u00eb r\u00ebnd\u00ebsishme n\u00eb formularin e dekriminalizimit, dokument ky q\u00eb duhet t\u00eb reflektoj\u00eb me sakt\u00ebsi \u00e7do aspekt t\u00eb s\u00eb kaluar\u00ebs penale t\u00eb nj\u00eb &hellip;<\/p>\n","protected":false},"author":4,"featured_media":112025,"comment_status":"closed","ping_status":"closed","sticky":false,"template":"","format":"standard","meta":{"footnotes":""},"categories":[37],"tags":[],"class_list":["post-112531","post","type-post","status-publish","format-standard","has-post-thumbnail","","category-politike"],"_links":{"self":[{"href":"https:\/\/rdnews.al\/index.php\/wp-json\/wp\/v2\/posts\/112531","targetHints":{"allow":["GET"]}}],"collection":[{"href":"https:\/\/rdnews.al\/index.php\/wp-json\/wp\/v2\/posts"}],"about":[{"href":"https:\/\/rdnews.al\/index.php\/wp-json\/wp\/v2\/types\/post"}],"author":[{"embeddable":true,"href":"https:\/\/rdnews.al\/index.php\/wp-json\/wp\/v2\/users\/4"}],"replies":[{"embeddable":true,"href":"https:\/\/rdnews.al\/index.php\/wp-json\/wp\/v2\/comments?post=112531"}],"version-history":[{"count":2,"href":"https:\/\/rdnews.al\/index.php\/wp-json\/wp\/v2\/posts\/112531\/revisions"}],"predecessor-version":[{"id":112533,"href":"https:\/\/rdnews.al\/index.php\/wp-json\/wp\/v2\/posts\/112531\/revisions\/112533"}],"wp:featuredmedia":[{"embeddable":true,"href":"https:\/\/rdnews.al\/index.php\/wp-json\/wp\/v2\/media\/112025"}],"wp:attachment":[{"href":"https:\/\/rdnews.al\/index.php\/wp-json\/wp\/v2\/media?parent=112531"}],"wp:term":[{"taxonomy":"category","embeddable":true,"href":"https:\/\/rdnews.al\/index.php\/wp-json\/wp\/v2\/categories?post=112531"},{"taxonomy":"post_tag","embeddable":true,"href":"https:\/\/rdnews.al\/index.php\/wp-json\/wp\/v2\/tags?post=112531"}],"curies":[{"name":"wp","href":"https:\/\/api.w.org\/{rel}","templated":true}]}}