{"id":112535,"date":"2025-05-02T11:43:16","date_gmt":"2025-05-02T11:43:16","guid":{"rendered":"https:\/\/rdnews.al\/?p=112535"},"modified":"2025-05-02T11:43:16","modified_gmt":"2025-05-02T11:43:16","slug":"denoncimi-ne-spak-vokshi-ps-po-keqperdor-administraten-publike-ne-fushate","status":"publish","type":"post","link":"https:\/\/rdnews.al\/index.php\/2025\/05\/02\/denoncimi-ne-spak-vokshi-ps-po-keqperdor-administraten-publike-ne-fushate\/","title":{"rendered":"Denoncimi n\u00eb SPAK, Vokshi: PS po keqp\u00ebrdor administrat\u00ebn publike n\u00eb fushat\u00eb"},"content":{"rendered":"<p>Albana Vokshi, kandidate e PD p\u00ebr deputete \u00ebsht\u00eb paraqitur sot n\u00eb SPAK si pal\u00eb kall\u00ebzuese p\u00ebr krimet zgjedhore, p\u00ebr t\u00eb dh\u00ebn\u00eb informacione shtes\u00eb lidhur me denoncimet e b\u00ebra.<\/p>\n<p>Nga SPAK, Vokshi akuzoi PS-n\u00eb, se ka keqp\u00ebrdorur admimistrat\u00ebn publike p\u00ebr zgjedhje, nd\u00ebrsa u b\u00ebri thirrje n\u00ebpun\u00ebsve t\u00eb mos b\u00ebjn\u00eb pjes\u00eb n\u00eb krime elektorale.<\/p>\n<p>\u201cMe keqp\u00ebrdorimin e administrat\u00ebs publike, PS dhe Edi Rama vazhdojn\u00eb me shkelje t\u00eb p\u00ebrditshme. I b\u00ebjm\u00eb thirrje \u00e7do n\u00ebpun\u00ebsi t\u00eb administrat\u00eb publike, \u00e7do m\u00ebsuesi, t\u00eb mos b\u00ebj\u00eb pjes\u00eb n\u00eb krime zgjedhore. T\u00eb largohen nga sistemi i patronazhimit.<\/p>\n<p>\u00c7dokush q\u00eb b\u00ebn krime zgjedhore, do t\u00eb p\u00ebrballen me drejt\u00ebsin\u00eb. \u00c7do kush q\u00eb b\u00ebn detyr\u00ebn e n\u00ebpun\u00ebsit civil, do t\u00eb mb\u00ebshtetet nga qeveria e PD.<\/p>\n<p>Kushdo q\u00eb p\u00ebrfshihet n\u00eb krime zgjedhore duke b\u00ebr\u00eb patronazhimit, duke dh\u00ebn\u00eb sh\u00ebrbime q\u00eb ua garanton ligji, kundrejt vot\u00ebs, do t\u00eb p\u00ebrballet me drejt\u00ebsin\u00eb her\u00ebt a von\u00eb. Un\u00eb u thirra p\u00ebr t\u00eb dh\u00ebn\u00eb informacione shtes\u00eb si pala kall\u00ebzues p\u00ebr t\u00eb dh\u00ebn\u00eb informacione shtes\u00eb\u201d, tha Vokshi.<\/p>\n","protected":false},"excerpt":{"rendered":"<p>Albana Vokshi, kandidate e PD p\u00ebr deputete \u00ebsht\u00eb paraqitur sot n\u00eb SPAK si pal\u00eb kall\u00ebzuese p\u00ebr krimet zgjedhore, p\u00ebr t\u00eb dh\u00ebn\u00eb informacione shtes\u00eb lidhur me denoncimet e b\u00ebra. Nga SPAK, Vokshi akuzoi PS-n\u00eb, se ka keqp\u00ebrdorur admimistrat\u00ebn publike p\u00ebr zgjedhje, nd\u00ebrsa u b\u00ebri thirrje n\u00ebpun\u00ebsve t\u00eb mos b\u00ebjn\u00eb pjes\u00eb n\u00eb krime elektorale. \u201cMe keqp\u00ebrdorimin e &hellip;<\/p>\n","protected":false},"author":4,"featured_media":112536,"comment_status":"closed","ping_status":"closed","sticky":false,"template":"","format":"standard","meta":{"footnotes":""},"categories":[37],"tags":[],"class_list":["post-112535","post","type-post","status-publish","format-standard","has-post-thumbnail","","category-politike"],"_links":{"self":[{"href":"https:\/\/rdnews.al\/index.php\/wp-json\/wp\/v2\/posts\/112535","targetHints":{"allow":["GET"]}}],"collection":[{"href":"https:\/\/rdnews.al\/index.php\/wp-json\/wp\/v2\/posts"}],"about":[{"href":"https:\/\/rdnews.al\/index.php\/wp-json\/wp\/v2\/types\/post"}],"author":[{"embeddable":true,"href":"https:\/\/rdnews.al\/index.php\/wp-json\/wp\/v2\/users\/4"}],"replies":[{"embeddable":true,"href":"https:\/\/rdnews.al\/index.php\/wp-json\/wp\/v2\/comments?post=112535"}],"version-history":[{"count":1,"href":"https:\/\/rdnews.al\/index.php\/wp-json\/wp\/v2\/posts\/112535\/revisions"}],"predecessor-version":[{"id":112537,"href":"https:\/\/rdnews.al\/index.php\/wp-json\/wp\/v2\/posts\/112535\/revisions\/112537"}],"wp:featuredmedia":[{"embeddable":true,"href":"https:\/\/rdnews.al\/index.php\/wp-json\/wp\/v2\/media\/112536"}],"wp:attachment":[{"href":"https:\/\/rdnews.al\/index.php\/wp-json\/wp\/v2\/media?parent=112535"}],"wp:term":[{"taxonomy":"category","embeddable":true,"href":"https:\/\/rdnews.al\/index.php\/wp-json\/wp\/v2\/categories?post=112535"},{"taxonomy":"post_tag","embeddable":true,"href":"https:\/\/rdnews.al\/index.php\/wp-json\/wp\/v2\/tags?post=112535"}],"curies":[{"name":"wp","href":"https:\/\/api.w.org\/{rel}","templated":true}]}}