{"id":112538,"date":"2025-05-02T11:45:54","date_gmt":"2025-05-02T11:45:54","guid":{"rendered":"https:\/\/rdnews.al\/?p=112538"},"modified":"2025-05-02T11:45:54","modified_gmt":"2025-05-02T11:45:54","slug":"spahia-ne-11-maj-kemi-mision-ti-japim-vendit-nje-qeverisje-te-denje","status":"publish","type":"post","link":"https:\/\/rdnews.al\/index.php\/2025\/05\/02\/spahia-ne-11-maj-kemi-mision-ti-japim-vendit-nje-qeverisje-te-denje\/","title":{"rendered":"Spahia: N\u00eb 11 maj kemi mision t\u2019i japim vendit nj\u00eb qeverisje t\u00eb denj\u00eb&#8230;"},"content":{"rendered":"<p>\u201cShkodra m\u00eb 11 Maj do t\u00eb jet\u00eb udh\u00ebheq\u00ebsja e fitores s\u00eb Partis\u00eb Demokratike, q\u00eb e presin t\u00eb gjith\u00eb shqiptar\u00ebt\u201d. K\u00ebshtu u shpreh kandidati p\u00ebr deputet i PD n\u00eb qarkun Shkod\u00ebr, Bardh Spahia gjat\u00eb nj\u00eb takimi me banor\u00ebt e Postrib\u00ebs, t\u00eb cil\u00ebt i ftoi t\u00eb mb\u00ebshtesin masivisht programin e PD, q\u00eb prek problematikat me t\u00eb cilat prej 12 vitesh ata p\u00ebrballen dhe ju jep zgjidhjen e duhur.<\/p>\n<p>Asgj\u00eb nuk do t\u2019i ndal\u00eb qytetar\u00ebt t\u00eb rr\u00ebzojn\u00eb me vot\u00eb k\u00ebt\u00eb qeveri, p\u00ebrtej p\u00ebrdorimit t\u00eb parave dhe bandave p\u00ebr t\u2019i intimiduar votuesit shtoi Spahia.<\/p>\n<p>N\u00eb 11 Maj, kemi nj\u00eb tjet\u00ebr mision, t\u2019i japim vendit nj\u00eb qeverisje t\u00eb denj\u00eb, duke shk\u00ebputur \u00e7do lidhje t\u00eb saj me krimin dhe korrupsionin, e duke e kthyer n\u00eb sh\u00ebrbim t\u00eb qytetar\u00ebve p\u00ebrfundoi fjal\u00ebn e tij kandidati Bardh Spahia, duke ftuar q\u00eb masivisht t\u00eb votohet nr.1 dhe PD.<\/p>\n","protected":false},"excerpt":{"rendered":"<p>\u201cShkodra m\u00eb 11 Maj do t\u00eb jet\u00eb udh\u00ebheq\u00ebsja e fitores s\u00eb Partis\u00eb Demokratike, q\u00eb e presin t\u00eb gjith\u00eb shqiptar\u00ebt\u201d. K\u00ebshtu u shpreh kandidati p\u00ebr deputet i PD n\u00eb qarkun Shkod\u00ebr, Bardh Spahia gjat\u00eb nj\u00eb takimi me banor\u00ebt e Postrib\u00ebs, t\u00eb cil\u00ebt i ftoi t\u00eb mb\u00ebshtesin masivisht programin e PD, q\u00eb prek problematikat me t\u00eb cilat &hellip;<\/p>\n","protected":false},"author":4,"featured_media":108542,"comment_status":"closed","ping_status":"closed","sticky":false,"template":"","format":"standard","meta":{"footnotes":""},"categories":[37],"tags":[],"class_list":["post-112538","post","type-post","status-publish","format-standard","has-post-thumbnail","","category-politike"],"_links":{"self":[{"href":"https:\/\/rdnews.al\/index.php\/wp-json\/wp\/v2\/posts\/112538","targetHints":{"allow":["GET"]}}],"collection":[{"href":"https:\/\/rdnews.al\/index.php\/wp-json\/wp\/v2\/posts"}],"about":[{"href":"https:\/\/rdnews.al\/index.php\/wp-json\/wp\/v2\/types\/post"}],"author":[{"embeddable":true,"href":"https:\/\/rdnews.al\/index.php\/wp-json\/wp\/v2\/users\/4"}],"replies":[{"embeddable":true,"href":"https:\/\/rdnews.al\/index.php\/wp-json\/wp\/v2\/comments?post=112538"}],"version-history":[{"count":1,"href":"https:\/\/rdnews.al\/index.php\/wp-json\/wp\/v2\/posts\/112538\/revisions"}],"predecessor-version":[{"id":112539,"href":"https:\/\/rdnews.al\/index.php\/wp-json\/wp\/v2\/posts\/112538\/revisions\/112539"}],"wp:featuredmedia":[{"embeddable":true,"href":"https:\/\/rdnews.al\/index.php\/wp-json\/wp\/v2\/media\/108542"}],"wp:attachment":[{"href":"https:\/\/rdnews.al\/index.php\/wp-json\/wp\/v2\/media?parent=112538"}],"wp:term":[{"taxonomy":"category","embeddable":true,"href":"https:\/\/rdnews.al\/index.php\/wp-json\/wp\/v2\/categories?post=112538"},{"taxonomy":"post_tag","embeddable":true,"href":"https:\/\/rdnews.al\/index.php\/wp-json\/wp\/v2\/tags?post=112538"}],"curies":[{"name":"wp","href":"https:\/\/api.w.org\/{rel}","templated":true}]}}