{"id":112543,"date":"2025-05-02T16:07:14","date_gmt":"2025-05-02T16:07:14","guid":{"rendered":"https:\/\/rdnews.al\/?p=112543"},"modified":"2025-05-02T16:07:14","modified_gmt":"2025-05-02T16:07:14","slug":"berisha-tre-menyrat-per-zgjidhjen-perfundimtare-te-problemit-te-pronave-zhduken-75-mije-hektare-toka-per-kompensimin","status":"publish","type":"post","link":"https:\/\/rdnews.al\/index.php\/2025\/05\/02\/berisha-tre-menyrat-per-zgjidhjen-perfundimtare-te-problemit-te-pronave-zhduken-75-mije-hektare-toka-per-kompensimin\/","title":{"rendered":"Berisha: Tre m\u00ebnyrat p\u00ebr zgjidhjen p\u00ebrfundimtare t\u00eb problemit t\u00eb pronave, zhduk\u00ebn 75 mij\u00eb hektar\u00eb toka p\u00ebr kompensimin"},"content":{"rendered":"<p>&nbsp;<\/p>\n<p>Berisha publikon denoncimin e qytetarit: Sistemi i gjobave t\u00eb ealbania-s vuri n\u00eb kurth qytetarin, i k\u00ebrkoi 5 mij\u00eb euro p\u00ebr 1 dynym tok\u00eb<\/p>\n<p>Nga deklarata e Berish\u00ebs<\/p>\n<p>Ne pat\u00ebn krijuar nj\u00eb fond 75 mij\u00eb hektar\u00eb p\u00ebr kompensim. 75 mij\u00eb hektar\u00eb n\u00eb zona t\u00eb p\u00eblqyera.<br \/>\nK\u00ebta e mor\u00ebn at\u00eb. K\u00ebta e prish\u00ebn at\u00eb fond. Po ne, pavar\u00ebsisht se \u00e7far\u00eb ndodh me at\u00eb se gjendja \u00ebsht\u00eb tjet\u00ebr, do t\u00eb b\u00ebjm\u00eb kthimin e pron\u00ebs aty ku \u00ebsht\u00eb, pas asnj\u00eb kufizim.<br \/>\nDy. Kompensimin monetar t\u00eb saj, ose kompensimin p\u00ebrkat\u00ebs me trojet tok\u00eb n\u00eb zora t\u00eb preferuara turistike, bregdetare, breg-liqeni, malore, kudo q\u00eb t\u00eb jet\u00eb.<br \/>\nN\u00eb k\u00ebt\u00eb m\u00ebnyr\u00eb, n\u00eb rast se paraqitet nevoja p\u00ebr kthim he kompensimin e pron\u00ebs, qeveria edhe kredi do marr\u00eb p\u00ebr t\u00eb shlyer detyrimin ndaj jush, pronar\u00ebve.<br \/>\nE kam menduar shum\u00eb mir\u00eb dhe kjo e b\u00ebn t\u00eb pakufizueshme. Kjo i jep qeveris\u00eb t\u00eb gjitha mund\u00ebsit\u00eb p\u00ebr t\u2019i dh\u00ebn\u00eb p\u00ebrgjigjen m\u00eb t\u00eb plot\u00eb \u00e7\u00ebshtjes s\u00eb pron\u00ebs. Nuk do mbartet kjo \u00e7\u00ebshtje nga 4 vje\u00e7ari. 12 vite qen\u00eb t\u00eb humbura.<br \/>\nKur \u00ebsht\u00eb dor\u00ebzuar pushteti kan\u00eb qen\u00eb t\u00eb zgjidhura 54 mij\u00eb dosje. N\u00eb 12 vite ka zgjidhur 800 dosje, dhe ju siguroj se ka krijuar, mundet 8000 tjera duke vjedhur tok\u00ebn e pronar\u00ebve kudo.<br \/>\nUn\u00eb isha n\u00eb Himar\u00eb. Doktor m\u00eb tha, kjo ealbania, kjo vet\u00ebm na gjobit ne. Na thon\u00eb, aplikoni aty, aplikoj. Nuk t\u00eb p\u00ebrgjigjet, 2 muaj. Pas 2 muajsh t\u00eb vjen sekseri. Thot\u00eb, ke aplikuar. Po, kam aplikuar duhet p\u00ebrgjigje. P\u00ebr nj\u00eb dynym mund ta nxjerrim, po jep nja 5 mij\u00eb euro ti.<br \/>\nUrdh\u00ebroni, si e kan\u00eb b\u00ebr\u00eb. Po un\u00eb thot\u00eb, kam shum\u00eb, nuk kam nj\u00eb dynym. Dhe ky \u00ebsht\u00eb kurth, se si t\u00eb gjobisin pronar\u00ebt, sistem gjobash nga qeveria.<br \/>\nNdaj dhe, ftoj pronar\u00ebt, duke i garantuar se p\u00ebr ne \u00ebsht\u00eb \u00e7\u00ebshtje themeli n\u00eb programin ton\u00eb kthimi, kompensimi, monetar ose fizik, dhe Shqip\u00ebria i ka sot t\u00eb gjitha mund\u00ebsit\u00eb.<br \/>\nPo t\u00eb mos kishte mund\u00ebsi, un\u00eb do u thosha: nuk ka mund\u00ebsi.<br \/>\nKa 100% mund\u00ebsi.<br \/>\nPo, me k\u00ebta jo q\u00eb nuk kthehet, por krijohet nj\u00eb ortek i dyt\u00eb problemesh t\u00eb m\u00ebdha me pron\u00ebn.<br \/>\nPaketa e maleve thot\u00eb, 500 t\u00eb par\u00ebt. \u00c7far\u00eb do t\u00eb thot\u00eb ajo?<br \/>\nPo, shko bleje tok\u00ebn, un\u00eb t\u00eb b\u00ebj nj\u00eb l\u00ebht\u00ebsim p\u00ebr taksat, por jo t\u00eb t\u00eb leht\u00ebsoj me tok\u00ebn. Toka \u00ebsht\u00eb e pronar\u00ebve. N\u00eb k\u00ebt\u00eb m\u00ebnyr\u00eb, ky regjim po shkon drejt 1946 n\u00eb ligje.<\/p>\n<p>&nbsp;<\/p>\n","protected":false},"excerpt":{"rendered":"<p>&nbsp; Berisha publikon denoncimin e qytetarit: Sistemi i gjobave t\u00eb ealbania-s vuri n\u00eb kurth qytetarin, i k\u00ebrkoi 5 mij\u00eb euro p\u00ebr 1 dynym tok\u00eb Nga deklarata e Berish\u00ebs Ne pat\u00ebn krijuar nj\u00eb fond 75 mij\u00eb hektar\u00eb p\u00ebr kompensim. 75 mij\u00eb hektar\u00eb n\u00eb zona t\u00eb p\u00eblqyera. K\u00ebta e mor\u00ebn at\u00eb. K\u00ebta e prish\u00ebn at\u00eb fond. Po &hellip;<\/p>\n","protected":false},"author":3,"featured_media":112547,"comment_status":"closed","ping_status":"closed","sticky":false,"template":"","format":"standard","meta":{"footnotes":""},"categories":[37],"tags":[],"class_list":["post-112543","post","type-post","status-publish","format-standard","has-post-thumbnail","","category-politike"],"_links":{"self":[{"href":"https:\/\/rdnews.al\/index.php\/wp-json\/wp\/v2\/posts\/112543","targetHints":{"allow":["GET"]}}],"collection":[{"href":"https:\/\/rdnews.al\/index.php\/wp-json\/wp\/v2\/posts"}],"about":[{"href":"https:\/\/rdnews.al\/index.php\/wp-json\/wp\/v2\/types\/post"}],"author":[{"embeddable":true,"href":"https:\/\/rdnews.al\/index.php\/wp-json\/wp\/v2\/users\/3"}],"replies":[{"embeddable":true,"href":"https:\/\/rdnews.al\/index.php\/wp-json\/wp\/v2\/comments?post=112543"}],"version-history":[{"count":1,"href":"https:\/\/rdnews.al\/index.php\/wp-json\/wp\/v2\/posts\/112543\/revisions"}],"predecessor-version":[{"id":112548,"href":"https:\/\/rdnews.al\/index.php\/wp-json\/wp\/v2\/posts\/112543\/revisions\/112548"}],"wp:featuredmedia":[{"embeddable":true,"href":"https:\/\/rdnews.al\/index.php\/wp-json\/wp\/v2\/media\/112547"}],"wp:attachment":[{"href":"https:\/\/rdnews.al\/index.php\/wp-json\/wp\/v2\/media?parent=112543"}],"wp:term":[{"taxonomy":"category","embeddable":true,"href":"https:\/\/rdnews.al\/index.php\/wp-json\/wp\/v2\/categories?post=112543"},{"taxonomy":"post_tag","embeddable":true,"href":"https:\/\/rdnews.al\/index.php\/wp-json\/wp\/v2\/tags?post=112543"}],"curies":[{"name":"wp","href":"https:\/\/api.w.org\/{rel}","templated":true}]}}