{"id":112544,"date":"2025-05-02T16:04:53","date_gmt":"2025-05-02T16:04:53","guid":{"rendered":"https:\/\/rdnews.al\/?p=112544"},"modified":"2025-05-02T16:04:53","modified_gmt":"2025-05-02T16:04:53","slug":"berisha-pd-nuk-terhiqet-gjersa-te-permbushe-misionin-e-zgjidhjes-se-ceshtjes-se-pronesise","status":"publish","type":"post","link":"https:\/\/rdnews.al\/index.php\/2025\/05\/02\/berisha-pd-nuk-terhiqet-gjersa-te-permbushe-misionin-e-zgjidhjes-se-ceshtjes-se-pronesise\/","title":{"rendered":"Berisha: PD nuk t\u00ebrhiqet gjersa t\u00eb p\u00ebrmbush\u00eb misionin e zgjidhjes s\u00eb \u00e7\u00ebshtjes s\u00eb pron\u00ebsis\u00eb"},"content":{"rendered":"<p>Kryetari i PD, Sali Berisha zgjodhi nj\u00eb familje tiranase n\u00eb kryeqytet p\u00ebr t\u2019u dh\u00ebn\u00eb garancin\u00eb jo vet\u00ebm atyre, por t\u00eb gjith\u00eb qytetar\u00ebve, se PD nuk t\u00ebrhiqet derisa t\u00eb p\u00ebrmbush\u00eb misionin e zgjidhjes s\u00eb \u00e7\u00ebshtjes s\u00eb pron\u00ebsis\u00eb, nj\u00eb mision t\u00eb domosdosh\u00ebm p\u00ebr paqen dhe drejt\u00ebsin\u00eb.<\/p>\n<p>Gjat\u00eb bashk\u00ebbisedimit me familjen Kazani, Berisha tha se, prona \u00ebsht\u00eb baz\u00eb e nd\u00ebrtimit t\u00eb prosperitetit t\u00eb nj\u00eb familjeje dhe shoq\u00ebrie.<\/p>\n<p>\u201cS\u00eb pari, do t\u00eb shpreh nderimin m\u00eb t\u00eb madh p\u00ebr t\u00eb zotin dhe zonj\u00ebn e sht\u00ebpis\u00eb, p\u00ebr k\u00ebt\u00eb mikpritje t\u00eb mrekullueshme, kan\u00eb hapur zemr\u00ebn n\u00eb sht\u00ebpin\u00eb e tyre p\u00ebr ne. Dhe un\u00eb jam shum\u00eb mir\u00ebnjoh\u00ebs gjithmon\u00eb ndaj jush, po jam mir\u00ebnjoh\u00ebs pafund\u00ebsisht edhe ndaj komunitetit tiranas, nj\u00eb komunitet i mrekulluesh\u00ebm, qytetar. Nj\u00eb komunitet me standarde morale shum\u00eb t\u00eb vyera, t\u00eb \u00e7muara, burra dhe gra me dinjitet njer\u00ebzor t\u00eb faktuar, provuar n\u00eb \u00e7do rrethan\u00eb.<\/p>\n<p>Por, meq\u00eb jemi k\u00ebtu, un\u00eb mund t\u00eb them me shum\u00eb k\u00ebnaq\u00ebsi se komuniteti q\u00eb mund diktator\u00ebt, jeni ju.<\/p>\n<p>Kjo \u00ebsht\u00eb e v\u00ebrteta.<\/p>\n<p>Nj\u00eb dit\u00eb kaloja n\u00eb treg, dhe nj\u00eb zonj\u00eb m\u00eb tha se, un\u00eb tha, kam qen\u00eb komisionere n\u00eb lagjen ku u mund Ramiz Alia. Dhe, e v\u00ebrteta \u00ebsht\u00eb se, at\u00eb fat do p\u00ebsoj\u00eb dhe edhe Edi Rama k\u00ebsaj radhe.<\/p>\n<p>PD \u00ebsht\u00eb parti konservatore n\u00eb kuptimin, pra, nj\u00eb parti e tradit\u00ebs. Ajo beson se, traditat kan\u00eb vlera t\u00eb pa shuara, kan\u00eb vlera t\u00eb p\u00ebrjetshme. Familja ka vlera t\u00eb \u00ebprjetshme, ndaj dhe ne kemi n\u00eb piedestal familjen. Ne besojme se, prona \u00ebsht\u00eb baz\u00eb e nd\u00ebrtimit t\u00eb prosperitetit t\u00eb nj\u00eb familje, shoq\u00ebrie dhe n\u00eb k\u00ebt\u00eb kontekst ju garantoj se, pavar\u00ebsisht se nuk ka arritur gjat\u00eb viteve t\u00eb qeverisjes q\u00ebllimet e saj, PD nuk t\u00ebrhiqet gjersa t\u00eb p\u00ebrmbush\u00eb k\u00ebt\u00eb mision dhe e konsideron zgjidhjen e \u00e7\u00ebshtjen e zgjidhjes s\u00eb pron\u00ebsis\u00eb nj\u00eb mision t\u00eb sajin, t\u00eb domosdosh\u00ebm p\u00ebr paqen, drejt\u00ebsin\u00eb p\u00ebr moralin e nj\u00eb shoq\u00ebrie\u201d, tha Berisha.<\/p>\n","protected":false},"excerpt":{"rendered":"<p>Kryetari i PD, Sali Berisha zgjodhi nj\u00eb familje tiranase n\u00eb kryeqytet p\u00ebr t\u2019u dh\u00ebn\u00eb garancin\u00eb jo vet\u00ebm atyre, por t\u00eb gjith\u00eb qytetar\u00ebve, se PD nuk t\u00ebrhiqet derisa t\u00eb p\u00ebrmbush\u00eb misionin e zgjidhjes s\u00eb \u00e7\u00ebshtjes s\u00eb pron\u00ebsis\u00eb, nj\u00eb mision t\u00eb domosdosh\u00ebm p\u00ebr paqen dhe drejt\u00ebsin\u00eb. Gjat\u00eb bashk\u00ebbisedimit me familjen Kazani, Berisha tha se, prona \u00ebsht\u00eb baz\u00eb &hellip;<\/p>\n","protected":false},"author":4,"featured_media":112545,"comment_status":"closed","ping_status":"closed","sticky":false,"template":"","format":"standard","meta":{"footnotes":""},"categories":[37],"tags":[],"class_list":["post-112544","post","type-post","status-publish","format-standard","has-post-thumbnail","","category-politike"],"_links":{"self":[{"href":"https:\/\/rdnews.al\/index.php\/wp-json\/wp\/v2\/posts\/112544","targetHints":{"allow":["GET"]}}],"collection":[{"href":"https:\/\/rdnews.al\/index.php\/wp-json\/wp\/v2\/posts"}],"about":[{"href":"https:\/\/rdnews.al\/index.php\/wp-json\/wp\/v2\/types\/post"}],"author":[{"embeddable":true,"href":"https:\/\/rdnews.al\/index.php\/wp-json\/wp\/v2\/users\/4"}],"replies":[{"embeddable":true,"href":"https:\/\/rdnews.al\/index.php\/wp-json\/wp\/v2\/comments?post=112544"}],"version-history":[{"count":1,"href":"https:\/\/rdnews.al\/index.php\/wp-json\/wp\/v2\/posts\/112544\/revisions"}],"predecessor-version":[{"id":112546,"href":"https:\/\/rdnews.al\/index.php\/wp-json\/wp\/v2\/posts\/112544\/revisions\/112546"}],"wp:featuredmedia":[{"embeddable":true,"href":"https:\/\/rdnews.al\/index.php\/wp-json\/wp\/v2\/media\/112545"}],"wp:attachment":[{"href":"https:\/\/rdnews.al\/index.php\/wp-json\/wp\/v2\/media?parent=112544"}],"wp:term":[{"taxonomy":"category","embeddable":true,"href":"https:\/\/rdnews.al\/index.php\/wp-json\/wp\/v2\/categories?post=112544"},{"taxonomy":"post_tag","embeddable":true,"href":"https:\/\/rdnews.al\/index.php\/wp-json\/wp\/v2\/tags?post=112544"}],"curies":[{"name":"wp","href":"https:\/\/api.w.org\/{rel}","templated":true}]}}