{"id":112549,"date":"2025-05-02T16:10:40","date_gmt":"2025-05-02T16:10:40","guid":{"rendered":"https:\/\/rdnews.al\/?p=112549"},"modified":"2025-05-02T16:19:08","modified_gmt":"2025-05-02T16:19:08","slug":"berisha-paketa-e-maleve-eshte-tua-marresh-pronen-te-tjereve-rama-po-vjedh-pronat-shteterore","status":"publish","type":"post","link":"https:\/\/rdnews.al\/index.php\/2025\/05\/02\/berisha-paketa-e-maleve-eshte-tua-marresh-pronen-te-tjereve-rama-po-vjedh-pronat-shteterore\/","title":{"rendered":"Berisha: Me Korporat\u00ebn e Investimeve Rama po u merr shqiptar\u00ebve tokat me \u00e7mime qesharake!"},"content":{"rendered":"<p>Edi Rama ka shpallur pronare nj\u00eb agjenci p\u00ebr t\u00eb vjedhur toka dhe prona t\u00eb shtetit shqiptar<\/p>\n<p>Kryetari i Partis\u00eb Demokratike, Sali Berisha gjat\u00eb fjal\u00ebs s\u00eb mbajtur n\u00eb familjen e vjet\u00ebr tiranse Kazani ka akuzuar Edi Ram\u00ebn se po vjedh tokat dhe pronat e shtetit shqiptar duke p\u00ebrdorur nj\u00eb agjenci.<\/p>\n<p>Berisha tha se, me krijimin e agjencis\u00eb Korporata e Investimeve, q\u00eb Edi Rama ka v\u00ebn\u00eb aty nj\u00eb Belinda t\u00eb dyt\u00eb, ata i marrin sot tok\u00ebn \u00e7do shqiptari pa asnj\u00eb lloj kufizimi dhe \u00e7mime qesharake. Kjo ka qen\u00eb n\u00eb ligjet e 1946.<\/p>\n<p>\u201cSe jam k\u00ebtu me, njer\u00ebz q\u00eb kan\u00eb t\u00eb gjith\u00eb memorien e s\u00eb shkuar\u00ebs. Hiperkolektivizmi, jo vet\u00ebm q\u00eb privoi njer\u00ebzit nga prona dhe kolektivizmi, por p\u00ebr fatin m\u00eb t\u00eb keq tek nj\u00eb pjes\u00eb e madhe e shoq\u00ebris\u00eb e fshiu dhe konceptin.<\/p>\n<p>Por fshirja e konceptit, nj\u00eblloj si\u00e7 fshiu besimin tek Zoti, duhet ta pranojm\u00eb. U krijuan ateist\u00ebt. U krijuan n\u00eb diktatur\u00eb, u krijuan ateist\u00ebt, q\u00eb edhe sot jan\u00eb nj\u00eb pjes\u00eb. Krijimi i k\u00ebsaj psikologjie b\u00ebri q\u00eb PD q\u00eb n\u00eb hapat e par\u00eb t\u00eb kishte, t\u00eb kishte hapa t\u00eb kufizuara, t\u00eb padrejta n\u00eb n\u00eb raport me t\u00eb drejt\u00ebn e pron\u00ebs. Sepse, e drejta e pron\u00ebs, nuk kishte pse t\u00eb njihej jo kaq, aq, etj.<\/p>\n<p>Do t\u2019ju tregoj nj\u00eb histori, e kam treguar edhe nj\u00ebher\u00eb tjet\u00ebr.<\/p>\n<p>N\u00eb vitin 1991, po shkoja n\u00eb nj\u00eb balle, dhe ndalem aty n\u00eb nj\u00eb p\u00ebrrua t\u00eb thell\u00eb, i them atyre t\u00eb shkojm\u00eb te kjo sht\u00ebpi, ishte nj\u00eb sht\u00ebpi n\u00eb shpat aty. Shkojm\u00eb aty, na pret i zoti sht\u00ebpis\u00eb. E pyes, i them: Zef, i them, si e ndat\u00eb tok\u00ebn, a pat\u00ebt sherre?<\/p>\n<p>Jo, Sali, \u00e7far\u00eb sherri. Asnj\u00eb sherr. Po, pse i thash\u00eb un\u00eb, nuk pat\u00ebt? Po secili tha, tok\u00ebn e vet. Ku i dinit\/ po, i kishim ato gur\u00ebt, tha. Gur\u00ebt nuk i kishim l\u00ebvizur. Dhe, e tregova k\u00ebt\u00eb histori se, ata ishin t\u00eb varf\u00ebr, por t\u00eb hekurt e kishin konceptin e pron\u00ebs.<\/p>\n<p>Jo mo tha, p\u00ebr 10 dit\u00eb e ndam\u00eb ne tok\u00ebn tha, nuk kishim asnj\u00eb problem. Asnj\u00eb gj\u00eb fare.<\/p>\n<p>Mir\u00ebpo, nuk ishin k\u00ebto koncepte kudo. Jo p\u00ebr ta justifikuar, por kishte arritur diktatura dhe kur kujtoj ligjet e parlamentit, ato pasqyronin k\u00ebt\u00eb psikologji. Nuk pasqyronin t\u00eb drejt\u00ebn e plot\u00eb t\u00eb pron\u00ebs, ndon\u00ebse ne e kishim shpallur, por n\u00eb m\u00ebnyr\u00eb graduale shkuan duke u korrigjuar. Jo t\u00ebr\u00ebsisht. Dhe si p\u00ebrfundim, k\u00ebto 12 vite, \u00e7\u00ebshtja e pron\u00ebs, jo vet\u00ebm nuk u zgjidh, por dua t\u2019u them juve t\u00eb v\u00ebrtet\u00ebn, sot jan\u00eb ligje t\u00eb vitit 1946. \u00cbsht\u00eb gj\u00eb e pabesueshme. Me krijimin e agjencis\u00eb Korporata e Investimeve, q\u00eb Edi Rama ka v\u00ebn\u00eb aty nj\u00eb Belinda t\u00eb dyt\u00eb, ata i marrin sot tok\u00ebn \u00e7do shqiptari pa asnj\u00eb lloj kufizimi dhe \u00e7mime qesharake. Kjo ka qen\u00eb n\u00eb ligjet e 1946.<\/p>\n<p>Dometh\u00ebn\u00eb, prona k\u00ebto 12 vjet, jan\u00eb zgjidhur gjith\u00ebsej 800 dosje, nga 22 mij\u00eb apo m\u00eb shum\u00eb dosje q\u00eb jan\u00eb, dhe tani me Korporat\u00ebn e Investimeve q\u00eb shpallet pronare nj\u00eb agjenci, q\u00eb \u00ebsht\u00eb e pabazuar n\u00eb Kushtetut\u00eb, ligj dhe zgjedh vet\u00ebm vullnetin p\u00ebr t\u00eb vjedhur toka, shpallet tani pronare e tokave dhe e pronave t\u00eb shtetit shqiptar. Dhe p\u00ebr ta, nuk njihet asnj\u00eb kufizim. \u00cbsht\u00eb tok\u00eb e privatit apo e shtetit, apo e cilitdo.<\/p>\n<p>Pra, \u00ebsht\u00eb krijuar nj\u00eb rrezik i ri. Ose merr k\u00ebt\u00eb, paketa e maleve. Paketa e maleve \u00ebsht\u00eb t\u2019ua marr\u00ebsh pron\u00ebn tjer\u00ebve.<\/p>\n<p>Si mund t\u2019ia marr\u00ebsh tok\u00ebn tjer\u00ebve?<\/p>\n<p>Pra, Edi Rama, jo vet\u00ebm q\u00eb nuk po e zgjidh k\u00ebt\u00eb, por n\u00eb themel po shkat\u00ebrron t\u00eb drejt\u00ebn e pron\u00ebs.<\/p>\n<p>Nj\u00eb an\u00eb i ka dh\u00ebn\u00eb autoritet agjencis\u00eb mbi pronat, q\u00eb nuk ndodh kund n\u00eb bot\u00eb. T\u00eb tjerat u thot\u00eb, pla\u00e7kitja edhe k\u00ebtyre t\u00eb tjer\u00ebve. Ato jan\u00eb kullota, troje.<\/p>\n<p>Me nj\u00eb fjal\u00eb prona \u00ebsht\u00eb n\u00eb nj\u00eb rrezik madhor. E v\u00ebrteta \u00ebsht\u00eb, \u00ebsht\u00eb n\u00eb nj\u00eb rrezik absolut madhor.<\/p>\n<p>\u00c7far\u00eb u premtoj un\u00eb ju?<\/p>\n<p>S\u00eb pari, n\u00eb m\u00ebnyr\u00eb absolute. Asnj\u00eb vendim t\u00eb k\u00ebsaj agjencie nuk do ta njohim. Dhe un\u00eb paralajm\u00ebroj shqiptar\u00ebt. Mos u b\u00ebni bashk\u00ebautor n\u00eb krimin e p\u00ebrvet\u00ebsimit t\u00eb pronave t\u00eb t\u00eb tjer\u00eb, se PD, qeveria e saj, nuk do ta pranoj\u00eb kurr\u00eb nj\u00eb gj\u00eb t\u00eb till\u00eb. Kurr\u00eb!<\/p>\n<p>S\u00eb dyti, n\u00eb 4 vite, cilado q\u00eb t\u00eb jet\u00eb kosto, ne do t\u00eb zgjidhimin n\u00eb m\u00ebnyr\u00eb p\u00ebrfundimtare \u00e7\u00ebshtjen e pron\u00ebs n\u00eb Shqip\u00ebri\u201d, u shpreh Berisha.<\/p>\n","protected":false},"excerpt":{"rendered":"<p>Edi Rama ka shpallur pronare nj\u00eb agjenci p\u00ebr t\u00eb vjedhur toka dhe prona t\u00eb shtetit shqiptar Kryetari i Partis\u00eb Demokratike, Sali Berisha gjat\u00eb fjal\u00ebs s\u00eb mbajtur n\u00eb familjen e vjet\u00ebr tiranse Kazani ka akuzuar Edi Ram\u00ebn se po vjedh tokat dhe pronat e shtetit shqiptar duke p\u00ebrdorur nj\u00eb agjenci. Berisha tha se, me krijimin e &hellip;<\/p>\n","protected":false},"author":4,"featured_media":112550,"comment_status":"closed","ping_status":"closed","sticky":false,"template":"","format":"standard","meta":{"footnotes":""},"categories":[37],"tags":[],"class_list":["post-112549","post","type-post","status-publish","format-standard","has-post-thumbnail","","category-politike"],"_links":{"self":[{"href":"https:\/\/rdnews.al\/index.php\/wp-json\/wp\/v2\/posts\/112549","targetHints":{"allow":["GET"]}}],"collection":[{"href":"https:\/\/rdnews.al\/index.php\/wp-json\/wp\/v2\/posts"}],"about":[{"href":"https:\/\/rdnews.al\/index.php\/wp-json\/wp\/v2\/types\/post"}],"author":[{"embeddable":true,"href":"https:\/\/rdnews.al\/index.php\/wp-json\/wp\/v2\/users\/4"}],"replies":[{"embeddable":true,"href":"https:\/\/rdnews.al\/index.php\/wp-json\/wp\/v2\/comments?post=112549"}],"version-history":[{"count":3,"href":"https:\/\/rdnews.al\/index.php\/wp-json\/wp\/v2\/posts\/112549\/revisions"}],"predecessor-version":[{"id":112553,"href":"https:\/\/rdnews.al\/index.php\/wp-json\/wp\/v2\/posts\/112549\/revisions\/112553"}],"wp:featuredmedia":[{"embeddable":true,"href":"https:\/\/rdnews.al\/index.php\/wp-json\/wp\/v2\/media\/112550"}],"wp:attachment":[{"href":"https:\/\/rdnews.al\/index.php\/wp-json\/wp\/v2\/media?parent=112549"}],"wp:term":[{"taxonomy":"category","embeddable":true,"href":"https:\/\/rdnews.al\/index.php\/wp-json\/wp\/v2\/categories?post=112549"},{"taxonomy":"post_tag","embeddable":true,"href":"https:\/\/rdnews.al\/index.php\/wp-json\/wp\/v2\/tags?post=112549"}],"curies":[{"name":"wp","href":"https:\/\/api.w.org\/{rel}","templated":true}]}}