{"id":112554,"date":"2025-05-02T16:25:00","date_gmt":"2025-05-02T16:25:00","guid":{"rendered":"https:\/\/rdnews.al\/?p=112554"},"modified":"2025-05-02T16:39:33","modified_gmt":"2025-05-02T16:39:33","slug":"berisha-betoni-e-shkaterroi-tiranen-te-gjitha-zonat-e-mbrojtura-u-demtuan-nga-ndertimet","status":"publish","type":"post","link":"https:\/\/rdnews.al\/index.php\/2025\/05\/02\/berisha-betoni-e-shkaterroi-tiranen-te-gjitha-zonat-e-mbrojtura-u-demtuan-nga-ndertimet\/","title":{"rendered":"Berisha: Betoni e shkat\u00ebrroi Tiran\u00ebn, t\u00eb gjitha zonat e mbrojtura u d\u00ebmtuan nga nd\u00ebrtimet"},"content":{"rendered":"<p><em>Kryetari i Partis\u00eb Demokratike, Sali Berisha gjat\u00eb bised\u00ebs me banor\u00eb t\u00eb vjet\u00ebr t\u00eb Tiran\u00ebs, \u00ebsht\u00eb shprehur se, Rama e shkat\u00ebrroit kryeqytetin duke e mbushur me beton.<\/em><\/p>\n<p><em>Berisha tha se, dy arkitekt\u00eb t\u00eb rinj tiranas b\u00ebn\u00eb nj\u00eb plan, b\u00ebn\u00eb nj\u00eb projekt shum\u00eb t\u00eb bukur. E b\u00ebn\u00eb me ndihm\u00ebn e zviceran\u00ebve dhe b\u00ebn\u00eb nj\u00eb projekt shum\u00eb t\u00eb bukur. Gjet\u00ebn dhe territorin dhe e paraqit\u00ebn p\u00ebr ta v\u00ebn\u00eb zon\u00eb t\u00eb mbrojtur dhe p\u00ebr ta trajtuar si t\u00eb till\u00eb. Jo mo, nuk i pyeti fare kush. I mor\u00ebn dhe vazhduan me betonin.<\/em><\/p>\n<p>\u201cTirana, armikun m\u00eb t\u00eb eg\u00ebr ka patur betonin. E shkat\u00ebrroi betoni Tiran\u00ebn. \u00cbsht\u00eb jasht\u00ebzakonisht e dhimbshme. Zonat q\u00eb i shpall\u00ebn t\u00eb mbrojtura, dhe ju kujtohen t\u00eb gjitha. Duke filluar q\u00eb nga Pazari i Vjet\u00ebr, q\u00eb ishte nj\u00eb kryevep\u00ebr. Gj\u00eb m\u00eb t\u00eb gjall\u00eb Shqip\u00ebria nuk mund t\u00eb kishte se sa at\u00eb Pazar. Kush e mban mend? Un\u00eb e mbaj mend. Ai ishte gjall\u00ebria ma e madhe.<\/p>\n<p>E ka Parisi at\u00eb karshi katedrales. K\u00ebta vazhduan me t\u00eb nj\u00ebjt\u00ebn psikologji. Me t\u00eb nj\u00ebjt\u00ebn uri p\u00ebr t\u00eb fituar sa m\u00eb shum\u00eb me betonin. Dy arkitekt\u00eb t\u00eb rinj tiranas b\u00ebn\u00eb nj\u00eb plan, b\u00ebn\u00eb nj\u00eb projekt shum\u00eb t\u00eb bukur. E b\u00ebn\u00eb me ndihm\u00ebn e zviceran\u00ebve dhe b\u00ebn\u00eb nj\u00eb projekt shum\u00eb t\u00eb bukur. Gjet\u00ebn dhe territorin dhe e paraqit\u00ebn p\u00ebr ta v\u00ebn\u00eb zon\u00eb t\u00eb mbrojtur dhe p\u00ebr ta trajtuar si t\u00eb till\u00eb. Jo mo, nuk i pyeti fare kush. I mor\u00ebn dhe vazhduan me betonin.<\/p>\n<p>Absolutisht, ne do b\u00ebjm\u00eb gjith\u00e7ka p\u00ebr t\u00eb ruajtur trash\u00ebgimin\u00eb tejet t\u00eb \u00e7muar kulturore, autoktone t\u00eb Tiran\u00ebs, t\u00eb themeluar qindra vjet m\u00eb par\u00eb dhe q\u00eb n\u00eb t\u00eb gjith\u00eb librat udh\u00ebtar\u00ebt e p\u00ebrshkruajn\u00eb si nj\u00eb qyetet t\u00eb m\u00ebk\u00ebmbur dhe t\u00eb past\u00ebr.<\/p>\n<p>Dhe, n\u00eb t\u00eb cilin, thon\u00eb ata, n\u00eb 1860, 1840, grat\u00eb b\u00ebnin Pazar nj\u00eblloj si burrat n\u00eb tregun e Tiran\u00ebs. E p\u00ebrshkruajn\u00eb shum\u00eb bukur. Hani e ka shkruar, e kan\u00eb shkruar dhe t\u00eb tjer\u00eb.<\/p>\n<p>Duhet t\u00eb investojm\u00eb, dhe me p\u00ebrpar\u00ebsi, ruajtjen e trash\u00ebgimis\u00eb kulturore. Tirana nuk lindi nga betoni. Jo. Betoni erdhi m\u00eb von\u00eb dhe po e shkat\u00ebrron Tiran\u00ebn m\u00eb shum\u00eb se \u00e7do gj\u00eb tjet\u00ebr.<\/p>\n<p>Ne e nis\u00ebm me k\u00ebto element\u00eb.<\/p>\n<p>Por ne, programin ton\u00eb.<\/p>\n<p>Kemi nj\u00eb program me t\u00eb cilin synojm\u00eb q\u00eb, parat\u00eb, taksat q\u00eb ju paguani, t\u2019ua kthejm\u00eb nj\u00eb pjes\u00eb t\u00eb mir\u00eb dhe nuk b\u00ebjm\u00eb asgj\u00eb tjet\u00ebr, ve\u00e7se at\u00eb q\u00eb b\u00ebjn\u00eb qeverit\u00eb e t\u00eb gjitha vendeve t\u00eb lira.<\/p>\n<p>Nj\u00eb qeveri q\u00eb zgjidhet nga qytetar\u00ebt dhe e di se, \u00ebsht\u00eb p\u00ebrgjegj\u00ebse para tyre, \u00e7do vit kur ndan buxhetin, z\u00ebrin e par\u00eb e ndan p\u00ebr rroga, pensione. Pastaj, e ndan p\u00ebr shkollat, kopshtet, spitalet, qendra sh\u00ebndet\u00ebsore, etj. me radh\u00eb.<\/p>\n<p>143 mij\u00eb lek\u00eb ishte pensioni mesatar n\u00eb vitin 2013. 138 mij\u00eb ishte n\u00eb Mal t\u00eb Zi. Qeveria e Malit t\u00eb Zi, \u00e7do vit buxhetin e ndante. Nj\u00eb pjes\u00eb rrog\u00ebtar\u00ebve, nj\u00eb pjes\u00eb pensionist\u00ebve, pjes\u00eb tjera, si\u00e7 thash\u00eb.<\/p>\n<p>Dhe sot, pensionisti i Malit t\u00eb Zi merr 450 mij\u00eb lek pension. Sot, pik\u00ebrisht p\u00ebr k\u00ebt\u00eb q\u00eb thash\u00eb, qeveria u kthen qytetarv\u00eb taksat q\u00eb u ka marr\u00eb.<\/p>\n<p>Parat\u00eb jan\u00eb t\u00eb qytetar\u00ebve.<\/p>\n<p>N\u00eb Maqedoni, pensioni sot \u00ebsht\u00eb 390 mij\u00eb lek\u00eb, n\u00eb Serbi \u00ebsht\u00eb mesatari, 405 mij\u00eb lek\u00eb, dhe Kosova e ka pensionin m\u00eb t\u00eb lart\u00eb se ne.<\/p>\n<p>Kurse k\u00ebta, e lan\u00eb aty. Jo vet\u00ebm e lan\u00eb aty. E rrit\u00ebn nga 143 mij\u00eb, n\u00eb 172. Nj\u00eb rritje krejt\u00ebsisht e par\u00ebnd\u00ebsishme, sepse \u00e7mimet: buka u dyfishua, mishi u dyfishua, qum\u00ebshti u dyfishua, domatet u dyfishuan, specat u dyfishuan.<\/p>\n<p>U mbidyfishuan \u00e7mimet. Dhe faktikisht, sot, p\u00ebr t\u00eb patur, p\u00ebr t\u00eb bler\u00eb ato q\u00eb blihen me pension n\u00eb vitin 2013, duhet kesh nj\u00eb pension 390 mij\u00eb lek\u00eb. Ky, i vuri kapak vitet e fundit.<\/p>\n<p>Sivjet, n\u00eb janar pruri 8 mld, t\u00eb gjitha taksat tuaja, n\u00eb tavolin\u00eb dhe tha tani, p\u00ebr pensionist\u00ebt 16 milion\u00eb euro.<\/p>\n<p>Gj\u00eb e turpshme. Mos t\u00eb kesh respekt, p\u00ebr 760 mij\u00eb burra dhe gra q\u00eb jan\u00eb shkri p\u00ebr t\u00eb prur\u00eb Shqip\u00ebrin\u00eb gjer k\u00ebtu. Duhet t\u00eb kesh nj\u00eb urrejtje t\u00eb pap\u00ebrmbajtur njer\u00ebzore t\u2019i trajtosh n\u00eb k\u00ebt\u00eb m\u00ebnyr\u00eb. 16 milion\u00eb.<\/p>\n<p>Ne kishim d\u00ebrguar prej 1 viti e gjysm\u00eb ligjin p\u00ebr 200 euro pensioni minimal. Jo, tha kjo na \u00e7on n\u00eb humner\u00eb.<\/p>\n<p>Nuk \u00e7on n\u00eb humner\u00eb, p\u00ebrkundrazi, e b\u00ebn shoq\u00ebrin\u00eb m\u00eb t\u00eb drejt\u00eb, e b\u00ebn qeverisjen m\u00eb t\u00eb moralshme dhe \u00ebsht\u00eb nj\u00eb detyrim ligjor dhe kushtetues.<\/p>\n<p>Ne e nisim k\u00ebtu.<\/p>\n<p>Ne u rikthejm\u00eb parat\u00eb qytetar\u00ebve. Nuk do t\u00eb ket\u00eb shqiptar q\u00eb t\u00eb marr\u00eb nd\u00ebn 200 euro.<\/p>\n<p>57% e pensioneve, jan\u00eb pensione t\u00eb pjesshme, jo t\u00eb plot\u00eb. Pra, n\u00ebn 172 mij\u00eb lek\u00eb.<\/p>\n<p>T\u00eb gjitha do shkojn\u00eb n\u00eb n\u00eb 200 milj\u00eb lek\u00eb dhe do rriten me 20%.<\/p>\n<p>Do aplikohejm\u00eb Kart\u00ebn e Konsumatorit, n\u00eb m\u00ebnyr\u00eb q\u00eb t\u00eb merrni mbrapsht 20% t\u00eb \u00e7mimit t\u00eb buk\u00ebs, t\u00eb vez\u00ebve, t\u00eb qumeshtit. T\u00eb t\u00eb gjitha produkteve q\u00eb bleni. T\u2019i blini m\u00eb lir\u00eb.<\/p>\n<p>Kjo \u00ebsht\u00eb shum\u00eb e drejt\u00eb. K\u00ebt\u00eb e ka pothuaj \u00e7do vend. Me ato q\u00eb shpenzohen, e fitohen beh\u00ebn nga 450 euro, po nuk \u00ebsht\u00eb pak, jan\u00eb dy pensione\u201d, u shpreh Berisha.<\/p>\n","protected":false},"excerpt":{"rendered":"<p>Kryetari i Partis\u00eb Demokratike, Sali Berisha gjat\u00eb bised\u00ebs me banor\u00eb t\u00eb vjet\u00ebr t\u00eb Tiran\u00ebs, \u00ebsht\u00eb shprehur se, Rama e shkat\u00ebrroit kryeqytetin duke e mbushur me beton. Berisha tha se, dy arkitekt\u00eb t\u00eb rinj tiranas b\u00ebn\u00eb nj\u00eb plan, b\u00ebn\u00eb nj\u00eb projekt shum\u00eb t\u00eb bukur. E b\u00ebn\u00eb me ndihm\u00ebn e zviceran\u00ebve dhe b\u00ebn\u00eb nj\u00eb projekt shum\u00eb t\u00eb &hellip;<\/p>\n","protected":false},"author":4,"featured_media":112545,"comment_status":"closed","ping_status":"closed","sticky":false,"template":"","format":"standard","meta":{"footnotes":""},"categories":[37],"tags":[],"class_list":["post-112554","post","type-post","status-publish","format-standard","has-post-thumbnail","","category-politike"],"_links":{"self":[{"href":"https:\/\/rdnews.al\/index.php\/wp-json\/wp\/v2\/posts\/112554","targetHints":{"allow":["GET"]}}],"collection":[{"href":"https:\/\/rdnews.al\/index.php\/wp-json\/wp\/v2\/posts"}],"about":[{"href":"https:\/\/rdnews.al\/index.php\/wp-json\/wp\/v2\/types\/post"}],"author":[{"embeddable":true,"href":"https:\/\/rdnews.al\/index.php\/wp-json\/wp\/v2\/users\/4"}],"replies":[{"embeddable":true,"href":"https:\/\/rdnews.al\/index.php\/wp-json\/wp\/v2\/comments?post=112554"}],"version-history":[{"count":1,"href":"https:\/\/rdnews.al\/index.php\/wp-json\/wp\/v2\/posts\/112554\/revisions"}],"predecessor-version":[{"id":112556,"href":"https:\/\/rdnews.al\/index.php\/wp-json\/wp\/v2\/posts\/112554\/revisions\/112556"}],"wp:featuredmedia":[{"embeddable":true,"href":"https:\/\/rdnews.al\/index.php\/wp-json\/wp\/v2\/media\/112545"}],"wp:attachment":[{"href":"https:\/\/rdnews.al\/index.php\/wp-json\/wp\/v2\/media?parent=112554"}],"wp:term":[{"taxonomy":"category","embeddable":true,"href":"https:\/\/rdnews.al\/index.php\/wp-json\/wp\/v2\/categories?post=112554"},{"taxonomy":"post_tag","embeddable":true,"href":"https:\/\/rdnews.al\/index.php\/wp-json\/wp\/v2\/tags?post=112554"}],"curies":[{"name":"wp","href":"https:\/\/api.w.org\/{rel}","templated":true}]}}