{"id":112557,"date":"2025-05-02T16:36:18","date_gmt":"2025-05-02T16:36:18","guid":{"rendered":"https:\/\/rdnews.al\/?p=112557"},"modified":"2025-05-02T16:36:18","modified_gmt":"2025-05-02T16:36:18","slug":"berisha-do-te-instalojme-listen-e-rimbursimit-te-ilaceve-qe-ka-republika-italiane-doshi-dhe-nushi-do-te-mbyllen","status":"publish","type":"post","link":"https:\/\/rdnews.al\/index.php\/2025\/05\/02\/berisha-do-te-instalojme-listen-e-rimbursimit-te-ilaceve-qe-ka-republika-italiane-doshi-dhe-nushi-do-te-mbyllen\/","title":{"rendered":"Berisha: Do t\u00eb instalojm\u00eb list\u00ebn e rimbursimit t\u00eb ila\u00e7eve q\u00eb ka republika italiane! Doshi dhe Nushi do t\u00eb mbyllen\u2026"},"content":{"rendered":"<p>Kryetari i PD, Sali Berisha tha se, n\u00eb Shqip\u00ebri do t\u00eb instalojm\u00eb list\u00ebn e rimbursimit t\u00eb ila\u00e7eve q\u00eb ka republika italiane! Ai tha se, Doshi dhe Nushi do t\u00eb mbyllen q\u00eb t\u00eb dy, do t\u00eb dyllosen.<\/p>\n<p>\u201cUn\u00eb jam mjek. Edhe po t\u00eb mos isha mjek, njeriu nuk mund t\u00eb pranoj\u00eb kurr\u00eb t\u00eb lej\u00eb spitalet pa ila\u00e7e. K\u00ebta kan\u00eb kaluar \u00e7do lloj kufiri. K\u00eb l\u00ebn\u00eb pa ila\u00e7e k\u00ebta? T\u00eb s\u00ebmur\u00ebt e Onkologjikut. E pranojn\u00eb edhe vet, se \u00ebsht\u00eb krim kund\u00ebr njer\u00ebzimit.<\/p>\n<p>Ta l\u00ebsh at\u00eb pa ila\u00e7e, n\u00eb kthetrat e nj\u00eb s\u00ebmundjeje si\u00e7 jan\u00eb ato, ai \u00ebsht\u00eb krim kund\u00ebr njer\u00ebzimit. Se ky ka nj\u00eb gj\u00eb. Vet\u00eb p\u00ebrgjegj\u00ebsi, nuk pranon kurr\u00eb.<\/p>\n<p>Po, tha, mjek\u00ebt. Nuk e kan\u00eb b\u00ebr\u00eb mjek\u00ebt at\u00eb. Nuk e b\u00ebjn\u00eb tenderin e ila\u00e7eve mjek\u00ebt. Tenderin e ila\u00e7eve e b\u00ebn ministria. E b\u00ebn drejtoria e spitalit. Por, nga dita q\u00eb tha jan\u00eb krim kund\u00ebr njer\u00ebzimit e deri sot, nuk ka marr\u00eb asnj\u00eb mas\u00eb, sepse ministrja \u00ebsht\u00eb me duart e zeza t\u00eb saj n\u00eb parat\u00eb e ila\u00e7eve.<\/p>\n<p>Tani, m\u00eb thoni ju mua. A mundet nj\u00eb shtet, t\u00eb lej\u00eb njer\u00ebzit, an\u00ebtar\u00ebt e shoq\u00ebris\u00eb s\u00eb vet, an\u00ebtar\u00ebt e kombit pa ila\u00e7e, se ato kushtojn\u00eb? Jo, nuk mund t\u2019i lej\u00eb. Kushtojn\u00eb, dhe jan\u00eb t\u00eb bleshme. Jan\u00eb plot\u00ebsisht t\u00eb bleshme.<\/p>\n<p>I blinim ne m\u00eb par\u00eb. Kushtonin, por nuk mund t\u00eb ekzistonte. Mendja e njeriut nuk mund t\u00eb pranoj\u00eb q\u00eb ta lesh at\u00eb pa ila\u00e7e aty. Jan\u00eb baz\u00eb ato ila\u00e7e. K\u00ebta rrin\u00eb. Mjek\u00ebt duke i marr\u00eb t\u00eb s\u00ebmur\u00ebt n\u00eb telefon: p\u00ebr dy muaj nuk ka ila\u00e7e, p\u00ebr tre muaj nuk punon aparatura. Asnj\u00eb nga aparaturat kryesore nuk punon aty. Pse?\u00a0 Vet\u00ebm q\u00eb t\u00eb shkojn\u00eb t\u00eb paguajn\u00eb jasht\u00eb, tek privat\u00ebt.<\/p>\n<p>Krim! Ndaj dhe, del pastaj. E publikuan vet dy jav\u00eb m\u00eb par\u00eb. Instituti i statistikave nxorri se, shqiptar\u00ebt paguajn\u00eb n\u00eb vit 820 milion\u00eb euro p\u00ebr kujde sh\u00ebndet\u00ebsor. Ne jemi kombi q\u00eb buk\u00ebn e ha m\u00eb shum\u00eb n\u00eb Europ\u00eb. Por, paguajm\u00eb gjith\u00ebsej buk\u00eb, 220 milion\u00eb. Ila\u00e7e paguajm\u00eb 820 milion\u00eb. E merrni me mend \u00e7far\u00eb gjobe mbi qyetar\u00ebt kjo?<\/p>\n<p>Kjo gjob\u00eb, ose s\u2019kan\u00eb dhe nuk i marrin. Ata q\u00eb kan\u00eb u k\u00ebrkojn\u00eb f\u00ebmij\u00ebve jasht\u00eb, njer\u00ebzve jasht\u00eb: m\u00eb ndihmoni, shtrijn\u00eb dor\u00ebn , apo shesin \u00e7far\u00eb kan\u00eb, etj. me radh\u00eb. Merr fund kjo.<\/p>\n<p>Ne do t\u00eb instalojm\u00eb n\u00eb Shqip\u00ebri list\u00ebn e rimbursimit t\u00eb ila\u00e7eve q\u00eb ka republika italiane. Absolutisht.<\/p>\n<p>Le t\u00eb kushtoj\u00eb sa t\u00eb doj\u00eb. At\u00eb list\u00eb do ta ken\u00eb shqiptar\u00ebt n\u00eb Shqip\u00ebri.<\/p>\n<p>Nuk themi se do marrim rrogat e italian\u00ebve, jo. Por, p\u00ebr ila\u00e7e do jemi nj\u00eblloj me ta. Do marrim ato ila\u00e7e q\u00eb marrin ata n\u00eb farmaci, dhe nuk do shiten kurr\u00eb ila\u00e7e q\u00eb nuk shiten n\u00eb dy vende an\u00ebtare t\u00eb BE. Doshi dhe Nushi mbyllen t\u00eb dy, dyllosen\u201d, tha Berisha.<\/p>\n","protected":false},"excerpt":{"rendered":"<p>Kryetari i PD, Sali Berisha tha se, n\u00eb Shqip\u00ebri do t\u00eb instalojm\u00eb list\u00ebn e rimbursimit t\u00eb ila\u00e7eve q\u00eb ka republika italiane! Ai tha se, Doshi dhe Nushi do t\u00eb mbyllen q\u00eb t\u00eb dy, do t\u00eb dyllosen. \u201cUn\u00eb jam mjek. Edhe po t\u00eb mos isha mjek, njeriu nuk mund t\u00eb pranoj\u00eb kurr\u00eb t\u00eb lej\u00eb spitalet pa &hellip;<\/p>\n","protected":false},"author":4,"featured_media":112558,"comment_status":"closed","ping_status":"closed","sticky":false,"template":"","format":"standard","meta":{"footnotes":""},"categories":[37],"tags":[],"class_list":["post-112557","post","type-post","status-publish","format-standard","has-post-thumbnail","","category-politike"],"_links":{"self":[{"href":"https:\/\/rdnews.al\/index.php\/wp-json\/wp\/v2\/posts\/112557","targetHints":{"allow":["GET"]}}],"collection":[{"href":"https:\/\/rdnews.al\/index.php\/wp-json\/wp\/v2\/posts"}],"about":[{"href":"https:\/\/rdnews.al\/index.php\/wp-json\/wp\/v2\/types\/post"}],"author":[{"embeddable":true,"href":"https:\/\/rdnews.al\/index.php\/wp-json\/wp\/v2\/users\/4"}],"replies":[{"embeddable":true,"href":"https:\/\/rdnews.al\/index.php\/wp-json\/wp\/v2\/comments?post=112557"}],"version-history":[{"count":1,"href":"https:\/\/rdnews.al\/index.php\/wp-json\/wp\/v2\/posts\/112557\/revisions"}],"predecessor-version":[{"id":112559,"href":"https:\/\/rdnews.al\/index.php\/wp-json\/wp\/v2\/posts\/112557\/revisions\/112559"}],"wp:featuredmedia":[{"embeddable":true,"href":"https:\/\/rdnews.al\/index.php\/wp-json\/wp\/v2\/media\/112558"}],"wp:attachment":[{"href":"https:\/\/rdnews.al\/index.php\/wp-json\/wp\/v2\/media?parent=112557"}],"wp:term":[{"taxonomy":"category","embeddable":true,"href":"https:\/\/rdnews.al\/index.php\/wp-json\/wp\/v2\/categories?post=112557"},{"taxonomy":"post_tag","embeddable":true,"href":"https:\/\/rdnews.al\/index.php\/wp-json\/wp\/v2\/tags?post=112557"}],"curies":[{"name":"wp","href":"https:\/\/api.w.org\/{rel}","templated":true}]}}