{"id":112564,"date":"2025-05-02T17:17:47","date_gmt":"2025-05-02T17:17:47","guid":{"rendered":"https:\/\/rdnews.al\/?p=112564"},"modified":"2025-05-02T17:17:47","modified_gmt":"2025-05-02T17:17:47","slug":"berisha-taksat-e-vendosura-nga-1-janari-e-deri-sot-ndaj-biznesit-jane-taksa-elektorale-dhe-nuk-do-te-njihen","status":"publish","type":"post","link":"https:\/\/rdnews.al\/index.php\/2025\/05\/02\/berisha-taksat-e-vendosura-nga-1-janari-e-deri-sot-ndaj-biznesit-jane-taksa-elektorale-dhe-nuk-do-te-njihen\/","title":{"rendered":"Berisha: Taksat e vendosura nga 1 janari e deri sot ndaj biznesit, jan\u00eb taksa elektorale dhe nuk do t\u00eb njihen"},"content":{"rendered":"<p>Lideri i opozit\u00ebs, Sali Berisha, gjat\u00eb takimit elektoral me qytetar\u00ebt e Fush\u00eb Kruj\u00ebs premtoi se me ardhjen e demokrat\u00ebve n\u00eb qeveri, taksat e vendosura ndaj biznesit nga 1 janari i k\u00ebtij viti, nuk do t\u00eb njihen.<\/p>\n<p>Berisha tha se, taksat e vendosura nga 1 janari e deri m\u00eb sot ndaj biznesit, jan\u00eb taksa elektorale dhe nuk do t\u00eb njihen.<\/p>\n<p>\u201cNdaj dhe ne k\u00ebt\u00eb program e nisim duke fshir\u00eb lot\u00ebt e ftohta t\u00eb mjerimit nga syt\u00eb e pensionist\u00ebve tan\u00eb q\u00eb i kan\u00eb shkrir\u00eb jet\u00ebn, mundin, djers\u00ebn e tyre, mendjen dhe sot paguhen me nj\u00eb pension qesharak dhe posht\u00ebrues.<\/p>\n<p>Edi Rama n\u00eb janar t\u00eb k\u00ebtij viti paraqiti buxhetin 8 miliard\u00eb euro dhe n\u00eb pashpirt\u00ebsi t\u00eb plot\u00eb, me p\u00ebr\u00e7mim t\u00eb turpsh\u00ebm ndau p\u00ebr 760 mij\u00eb pensionist\u00eb gjithsej 16 mln euro.<\/p>\n<p>Pensioniste dhe pensionist\u00eb shqiptar\u00eb, fjala ime \u00ebsht\u00eb 100 dit\u00ebt e para n\u00eb Shqip\u00ebri nuk do t\u00eb ket\u00eb pension nd\u00ebn 200 euro.<\/p>\n<p>Dhe pensionet tjera do rriten me 20%.<\/p>\n<p>Miq, sot 57% e pensionist\u00ebve marrin m\u00eb pak se 172 euro. T\u00eb gjith\u00eb n\u00eb fshat, qytet kudo q\u00eb jan\u00eb, t\u00eb plot\u00eb t\u00eb pjessh\u00ebm, pensioni n\u00ebn 200 euro, do jet\u00eb 200 euro.<\/p>\n<p>\u00c7do pensioniste, \u00e7do rrog\u00eb ult\u00eb dhe nuk do t\u00eb ket\u00eb rroga t\u00eb ul\u00ebta asnj\u00ebher\u00eb nd\u00ebn 500 euro.<\/p>\n<p>\u00c7do rrog\u00eb ul\u00ebt do t\u00eb ket\u00eb kart\u00ebn e konsumatorit, me t\u00eb cil\u00ebn buk\u00ebn, gj\u00ebrat baz\u00eb ushqimore do ti blej\u00eb 20% m\u00eb lir\u00eb se t\u00eb tjer\u00ebt. Do mirrni pra 450 euro kthim t\u00eb TVSH-s\u00eb q\u00eb keni shpenzuar.<\/p>\n<p>Qeveria shqiptare ka vendosur 100 dit\u00ebt e para t\u00eb firmos\u00eb list\u00ebn e rimbursimit t\u00eb barnave q\u00eb rimburson qeveria italiane.<\/p>\n<p>Nuk do t\u00eb ket\u00eb m\u00eb nevoj\u00eb t\u00eb k\u00ebrkoni ila\u00e7e tek njer\u00ebzit tuaj, jo dhe jo. Ila\u00e7et do ti merrni falas me list\u00eb, sipas list\u00ebs q\u00eb i marrin italian\u00ebt sot.<\/p>\n<p>Energjia zbret n\u00eb 7 lek.<\/p>\n<p>Tarifat ujit do t\u00eb p\u00ebrgjysmohen.<\/p>\n<p>Hiqen nj\u00eb seri taksash absurde, antikushtetuese, q\u00eb k\u00ebta grabit\u00e7ar\u00eb kan\u00eb vendosur mbi ju.<\/p>\n<p>Miq, un\u00eb jam k\u00ebtu p\u00ebr tu dh\u00ebn\u00eb fjal\u00ebn se falen 100%, gjoba dhe kamat vonesat e IKMT-s\u00eb p\u00ebr familjet.<\/p>\n<p>Falen dhe kthehen mbrapsht t\u00eb gjitha detyrimet dhe taksat e profesioneve t\u00eb lira.<\/p>\n<p>Falen taksat dhe tarifat vendore p\u00ebr bizneset e vogla dhe p\u00ebr individ\u00ebt, q\u00eb n\u00eb nj\u00eb verifikim t\u00eb thjesht\u00eb nuk kan\u00eb mund\u00ebsi pagese, ose q\u00eb kan\u00eb t\u00eb ardhura sa minimumi jetik, apo llogari t\u00eb bllokuara p\u00ebr shkak t\u00eb taksave dhe tatimeve.<\/p>\n<p>Falen kamat\u00ebvonesat dhe detyrimet tek t\u00eb gjith\u00eb debitor\u00ebt q\u00eb jan\u00eb nga tatimi mbi t\u00eb ardhurat, n\u00eb Shqip\u00ebri.<\/p>\n<p>Falet taksa e pron\u00ebs p\u00ebr familjar\u00ebt q\u00eb nuk kan\u00eb pasur mund\u00ebsi ta paguajn\u00eb.<\/p>\n<p>Falet taksa e pron\u00ebs p\u00ebr bizneset pron\u00ebn e tyre dhe jo me qira.<\/p>\n<p>Falen t\u00eb gjitha gjobat dhe kamat\u00ebvonesat e KESH-it dhe ujit.<\/p>\n<p>Falen t\u00eb gjitha gjobat e polic\u00ebve bashkiak rryshfetxhinj dhe gjob\u00ebv\u00ebn\u00ebs mbi ju, asnj\u00eb mos paguani.<\/p>\n<p>Pjes\u00ebtohet me 3, taksa e pastrimit p\u00ebr qytetar\u00ebt dhe bizneset.<\/p>\n<p>Hiqet taksa e reklam\u00ebs p\u00ebr bizneset e vogla, hiqet tarifa e tabel\u00ebs p\u00ebr k\u00ebto biznese dhe t\u00eb m\u00ebdhat\u00eb nga zero gjer n\u00eb 4 met\u00ebr.<\/p>\n<p>Ndryshon taksa e pron\u00ebs p\u00ebr bizneset e vogla q\u00eb ushtrojn\u00eb aktivitetin n\u00eb pron\u00ebn e tyre, 5 vitet e para t\u00eb biznesit.<\/p>\n<p>Thjeshtohen n\u00eb maksimum lejet e nd\u00ebrtimit p\u00ebr banesat individuale n\u00eb zonat urbane dhe rurale.<\/p>\n<p>Hiqet taksa e ndikimit n\u00eb infrastruktur\u00eb p\u00ebr banesat individuale, familjare, banes\u00eb e par\u00eb.<\/p>\n<p>Rishikim i taks\u00ebs s\u00eb pron\u00ebs familjare n\u00eb apartamentet.<\/p>\n<p>Hiqet taksa mbi pron\u00ebn e emigrant\u00ebve shqiptar\u00eb, n\u00eb m\u00ebnyr\u00eb q\u00eb ti ftojm\u00eb t\u00eb vijn\u00eb, ta din\u00eb q\u00eb ne i presim ata dhe nuk i gjobisim.<\/p>\n<p>Ju b\u00ebj thirrje biznesit t\u00eb vog\u00ebl, t\u00eb mes\u00ebm, t\u00eb madh, asnj\u00eb taks\u00eb t\u00eb vendosur nga 1 janari gjer sot, nga agjent\u00ebt e tatimeve etj., mos paguani sepse ka qen\u00eb vet\u00ebm taks\u00eb elektorale. Nuk do njihet asnj\u00ebher\u00eb\u201d, u shpreh Berisha.<\/p>\n","protected":false},"excerpt":{"rendered":"<p>Lideri i opozit\u00ebs, Sali Berisha, gjat\u00eb takimit elektoral me qytetar\u00ebt e Fush\u00eb Kruj\u00ebs premtoi se me ardhjen e demokrat\u00ebve n\u00eb qeveri, taksat e vendosura ndaj biznesit nga 1 janari i k\u00ebtij viti, nuk do t\u00eb njihen. Berisha tha se, taksat e vendosura nga 1 janari e deri m\u00eb sot ndaj biznesit, jan\u00eb taksa elektorale dhe &hellip;<\/p>\n","protected":false},"author":4,"featured_media":112565,"comment_status":"closed","ping_status":"closed","sticky":false,"template":"","format":"standard","meta":{"footnotes":""},"categories":[37],"tags":[],"class_list":["post-112564","post","type-post","status-publish","format-standard","has-post-thumbnail","","category-politike"],"_links":{"self":[{"href":"https:\/\/rdnews.al\/index.php\/wp-json\/wp\/v2\/posts\/112564","targetHints":{"allow":["GET"]}}],"collection":[{"href":"https:\/\/rdnews.al\/index.php\/wp-json\/wp\/v2\/posts"}],"about":[{"href":"https:\/\/rdnews.al\/index.php\/wp-json\/wp\/v2\/types\/post"}],"author":[{"embeddable":true,"href":"https:\/\/rdnews.al\/index.php\/wp-json\/wp\/v2\/users\/4"}],"replies":[{"embeddable":true,"href":"https:\/\/rdnews.al\/index.php\/wp-json\/wp\/v2\/comments?post=112564"}],"version-history":[{"count":1,"href":"https:\/\/rdnews.al\/index.php\/wp-json\/wp\/v2\/posts\/112564\/revisions"}],"predecessor-version":[{"id":112566,"href":"https:\/\/rdnews.al\/index.php\/wp-json\/wp\/v2\/posts\/112564\/revisions\/112566"}],"wp:featuredmedia":[{"embeddable":true,"href":"https:\/\/rdnews.al\/index.php\/wp-json\/wp\/v2\/media\/112565"}],"wp:attachment":[{"href":"https:\/\/rdnews.al\/index.php\/wp-json\/wp\/v2\/media?parent=112564"}],"wp:term":[{"taxonomy":"category","embeddable":true,"href":"https:\/\/rdnews.al\/index.php\/wp-json\/wp\/v2\/categories?post=112564"},{"taxonomy":"post_tag","embeddable":true,"href":"https:\/\/rdnews.al\/index.php\/wp-json\/wp\/v2\/tags?post=112564"}],"curies":[{"name":"wp","href":"https:\/\/api.w.org\/{rel}","templated":true}]}}