{"id":112567,"date":"2025-05-02T17:26:54","date_gmt":"2025-05-02T17:26:54","guid":{"rendered":"https:\/\/rdnews.al\/?p=112567"},"modified":"2025-05-02T17:26:54","modified_gmt":"2025-05-02T17:26:54","slug":"berisha-do-hiqet-diskriminimi-ndaj-fermereve-duke-ulur-taksat-duke-pjestuar-me-3-cmimin-e-energjise","status":"publish","type":"post","link":"https:\/\/rdnews.al\/index.php\/2025\/05\/02\/berisha-do-hiqet-diskriminimi-ndaj-fermereve-duke-ulur-taksat-duke-pjestuar-me-3-cmimin-e-energjise\/","title":{"rendered":"Berisha: Do hiqet diskriminimi ndaj fermer\u00ebve duke ulur taksat, duke pjestuar me 3 \u00e7mimin e energjis\u00eb"},"content":{"rendered":"<p>Lideri i opozit\u00ebs, Sali Berisha u premtoi fermer\u00ebve se pas 11 majit, me qeverin\u00eb e re t\u00eb demokrat\u00ebve, do subvencionohen p\u00ebr \u00e7do bag\u00ebti, fidan apo nj\u00ebsi prodhimi.<\/p>\n<p>Berisha tha se, do hiqet diskriminimi ndaj fermer\u00ebve, subvencionimi do t\u00eb b\u00ebhet p\u00ebr \u00e7do krer\u00eb bag\u00ebti, \u00e7do fidan, \u00e7do nj\u00ebsi prodhimi.<\/p>\n<p>\u201cMiqt\u00eb e mi! Ja pra programi yn\u00eb \u00ebsht\u00eb program i nj\u00eb frym\u00ebmarrje t\u00eb re.<\/p>\n<p>Programi yn\u00eb \u00ebsht\u00eb program i nj\u00eb mund\u00ebsie t\u00eb re.<\/p>\n<p>Garantoj fermer\u00ebt e rrethit t\u00eb Kruj\u00ebs, se do t\u00eb financohen nga shteti p\u00ebr \u00e7do fidan t\u00eb mbjell\u00eb, p\u00ebr \u00e7do nj\u00ebsi prodhimi, p\u00ebr \u00e7do kok\u00eb bag\u00ebti t\u00eb mbar\u00ebshtruar.<\/p>\n<p>Dhe kjo jo duke i diskriminuar, ju q\u00eb keni nj\u00eb lop\u00eb nuk merrni gj\u00eb, duhet t\u00eb kesh 10 lop\u00eb q\u00eb t\u00eb p\u00ebrfitosh. Jo, \u00e7do krer\u00eb, \u00e7do fidan, \u00e7do nj\u00ebsi prodhimi.<\/p>\n<p>Jo vet\u00ebm kaq, por i garantoj se subvencioni p\u00ebr fermer\u00ebt do rritet 5 her\u00eb, \u00ebsht\u00eb 32 milion\u00eb euro, do t\u00eb b\u00ebhet 230 mln euro.<\/p>\n<p>Pra do rritet m\u00eb shum\u00eb se 5 her\u00eb. Pse kjo? Sepse kaq e kan\u00eb vendet p\u00ebrreth. Dhe fermer\u00ebt tan\u00eb nuk mund t\u00eb konkurrojn\u00eb n\u00ebse nuk subvencionohen nj\u00eblloj si ata. Si\u00e7 i subvencionon Maqedonia, Kosova, Mali i Zi dhe Serbia.<\/p>\n<p>Garantoj fermer\u00ebt se nuk do t\u00eb ket\u00eb pension nd\u00ebn 200 euro n\u00eb fshat. Merr fund diskriminimi, nuk ka m\u00eb, jo. 200 euro.<\/p>\n<p>Se fondet p\u00ebr bujq\u00ebsin\u00eb do t\u00eb dyfishohen.<\/p>\n<p>Se do t\u00eb investohet \u00e7do vit 70 mln euro p\u00ebr vaditje, kullim dhe mbrojtje t\u00eb tok\u00ebs.<\/p>\n<p>Siguroj fermer\u00ebt se rritja e prodhimit \u00ebsht\u00eb nj\u00eb nga objektivat m\u00eb madhor.<\/p>\n<p>\u2018Made in Albania\u2019 \u00ebsht\u00eb krenari komb\u00ebtare.<\/p>\n<p>Bizneset e Kruj\u00ebs, Fush\u00eb Kruj\u00ebs, bizneset e Shqip\u00ebris\u00eb, prodhimi i tyre \u00ebsht\u00eb krenari kombat\u00ebre dhe ne do b\u00ebjm\u00eb gjith\u00e7ka duke ulur taksat, duke pjestuar me 3 \u00e7mimin e energjis\u00eb.<\/p>\n<p>Duke subvencionuar trajnimin e pun\u00ebtor\u00ebve q\u00eb suksesi i tyre t\u00eb rritet.<\/p>\n<p>Garantoj eksportuesit shqiptar\u00eb se n\u00eb 100 dit\u00ebt e para ngrihet bordi q\u00eb do i kompensoj\u00eb ata qindark\u00eb p\u00ebr qindark\u00eb, p\u00ebr shvleft\u00ebsimin e euros, nga narkosit shqiptar\u00eb.<\/p>\n<p>K\u00ebshtu q\u00eb ata do ken\u00eb fitimin e garantuar. Do ken\u00eb linja krediti t\u00eb garantuara\u201d, tha Berisha.<\/p>\n","protected":false},"excerpt":{"rendered":"<p>Lideri i opozit\u00ebs, Sali Berisha u premtoi fermer\u00ebve se pas 11 majit, me qeverin\u00eb e re t\u00eb demokrat\u00ebve, do subvencionohen p\u00ebr \u00e7do bag\u00ebti, fidan apo nj\u00ebsi prodhimi. Berisha tha se, do hiqet diskriminimi ndaj fermer\u00ebve, subvencionimi do t\u00eb b\u00ebhet p\u00ebr \u00e7do krer\u00eb bag\u00ebti, \u00e7do fidan, \u00e7do nj\u00ebsi prodhimi. \u201cMiqt\u00eb e mi! Ja pra programi yn\u00eb &hellip;<\/p>\n","protected":false},"author":4,"featured_media":112568,"comment_status":"closed","ping_status":"closed","sticky":false,"template":"","format":"standard","meta":{"footnotes":""},"categories":[37],"tags":[],"class_list":["post-112567","post","type-post","status-publish","format-standard","has-post-thumbnail","","category-politike"],"_links":{"self":[{"href":"https:\/\/rdnews.al\/index.php\/wp-json\/wp\/v2\/posts\/112567","targetHints":{"allow":["GET"]}}],"collection":[{"href":"https:\/\/rdnews.al\/index.php\/wp-json\/wp\/v2\/posts"}],"about":[{"href":"https:\/\/rdnews.al\/index.php\/wp-json\/wp\/v2\/types\/post"}],"author":[{"embeddable":true,"href":"https:\/\/rdnews.al\/index.php\/wp-json\/wp\/v2\/users\/4"}],"replies":[{"embeddable":true,"href":"https:\/\/rdnews.al\/index.php\/wp-json\/wp\/v2\/comments?post=112567"}],"version-history":[{"count":1,"href":"https:\/\/rdnews.al\/index.php\/wp-json\/wp\/v2\/posts\/112567\/revisions"}],"predecessor-version":[{"id":112569,"href":"https:\/\/rdnews.al\/index.php\/wp-json\/wp\/v2\/posts\/112567\/revisions\/112569"}],"wp:featuredmedia":[{"embeddable":true,"href":"https:\/\/rdnews.al\/index.php\/wp-json\/wp\/v2\/media\/112568"}],"wp:attachment":[{"href":"https:\/\/rdnews.al\/index.php\/wp-json\/wp\/v2\/media?parent=112567"}],"wp:term":[{"taxonomy":"category","embeddable":true,"href":"https:\/\/rdnews.al\/index.php\/wp-json\/wp\/v2\/categories?post=112567"},{"taxonomy":"post_tag","embeddable":true,"href":"https:\/\/rdnews.al\/index.php\/wp-json\/wp\/v2\/tags?post=112567"}],"curies":[{"name":"wp","href":"https:\/\/api.w.org\/{rel}","templated":true}]}}