{"id":112579,"date":"2025-05-02T17:40:55","date_gmt":"2025-05-02T17:40:55","guid":{"rendered":"https:\/\/rdnews.al\/?p=112579"},"modified":"2025-05-02T17:52:05","modified_gmt":"2025-05-02T17:52:05","slug":"deputetja-e-forza-italia-vetem-me-berishen-kryeminister-do-te-keni-arsim-dhe-shendetesi-me-te-mire","status":"publish","type":"post","link":"https:\/\/rdnews.al\/index.php\/2025\/05\/02\/deputetja-e-forza-italia-vetem-me-berishen-kryeminister-do-te-keni-arsim-dhe-shendetesi-me-te-mire\/","title":{"rendered":"Eurodeputetja italiane: M\u00eb 11 maj do t\u00eb keni nj\u00eb mund\u00ebsi t\u00eb madhe q\u00eb t\u00eb votoni p\u00ebr PD me Berish\u00ebn kryeminist\u00ebr"},"content":{"rendered":"<p>Deputetja e Partis\u00eb Forza Italia, Erica Mazzeti, ishte sot e pranishme n\u00eb takimin elektoral t\u00eb PD-ASHM, n\u00eb Fush\u00eb-Kruj\u00eb tha se qytetar\u00ebt shqiptar\u00eb vet\u00ebm me kryeminist\u00ebr Sali Berish\u00ebn, do t\u00eb ken\u00eb sh\u00ebndet\u00ebsi dhe arsim m\u00eb t\u00eb mir\u00eb.<\/p>\n<p>Ajo i b\u00ebri thirrje t\u00eb gjith\u00eb emigrant\u00ebve shqiptar\u00eb, n\u00eb ve\u00e7anti atyre n\u00eb Itali q\u00eb t\u00eb votojn\u00eb p\u00ebr kryeminist\u00ebr Sali Berish\u00ebn, n\u00ebse d\u00ebshirojn\u00eb nj\u00eb vend demokratik,\u00a0pasi sipas saj, vet\u00ebm nj\u00eb qeveri e djatht\u00eb do t\u00eb sillte nj\u00eb bashk\u00ebpunim m\u00eb t\u00eb mir\u00eb mes Italis\u00eb dhe Shqip\u00ebris\u00eb.<\/p>\n<p><strong>Fjala e Eurodeputetes italiane Erica Mazzeti<\/strong><\/p>\n<p>Jeni t\u00eb mrekulluesh\u00ebm dhe shum\u00eb t\u00eb shumt\u00eb, faleminderit nga zemra miqve shqiptar\u00eb! Jemi nj\u00eb familje e madhe, italian\u00eb, shqiptar\u00eb, shqiptar\u00eb dhe italian\u00eb, dhe ne ju presim me gjith\u00eb qendr\u00ebn e djatht\u00eb p\u00ebr t\u00eb qeverisur k\u00ebt\u00eb komb t\u00eb madh. Shum\u00eb vite m\u00eb par\u00eb keni ardhur n\u00eb Itali dhe ju kemi pritur me krah\u00eb hapur, dhe ju t\u00eb gjith\u00eb i keni dh\u00ebn\u00eb shum\u00eb k\u00ebtij vendi, dhe ne jua njohim meritat p\u00ebr k\u00ebt\u00eb. Faleminderit q\u00eb m\u00eb dhat\u00eb k\u00ebt\u00eb mund\u00ebsi t\u00eb jem k\u00ebtu me ju. \u00cbsht\u00eb nj\u00eb mund\u00ebsi e madhe p\u00ebr popullin shqiptar, \u00ebsht\u00eb nj\u00eb rast p\u00ebr t\u00eb marr\u00eb revanshin n\u00eb k\u00ebt\u00eb tok\u00eb t\u00eb bukur. Jeni shum\u00eb, jeni plot energji, keni mendje, zem\u00ebr dhe vullnet p\u00ebr t\u00eb qeverisur k\u00ebt\u00eb vend t\u00eb madh.<\/p>\n<p>Un\u00eb jam prej dy dit\u00ebsh k\u00ebtu p\u00ebr fushat\u00eb elektorale, fal\u00eb mikut tim Doda q\u00eb m\u00eb p\u00ebrfshiu n\u00eb k\u00ebt\u00eb p\u00ebrvoj\u00eb t\u00eb bukur, dhe mbi t\u00eb gjitha fal\u00eb Berish\u00ebs, nj\u00eb mik i madh i vendit italian. Ne duam t\u00eb bashk\u00ebpunojm\u00eb me Berish\u00ebn, me t\u00eb gjith\u00eb ju, sepse duhet t\u00eb b\u00ebjm\u00eb nj\u00eb front t\u00eb p\u00ebrbashk\u00ebt per\u00ebndimor. Ne jemi Per\u00ebndimi, jemi pjes\u00eb e Partis\u00eb Popullore Evropiane dhe t\u00eb gjith\u00eb ju duhet t\u00eb b\u00ebheni pjes\u00eb e saj, por k\u00ebt\u00eb mund ta b\u00ebni vet\u00ebm me nj\u00eb kryeminist\u00ebr t\u00eb madh, kryeministrin Berisha.<\/p>\n<p>\u00cbsht\u00eb e drejt\u00eb q\u00eb t\u00eb gjith\u00eb ju t\u00eb jetoni mir\u00eb, sepse e drejta themelore e nj\u00eb personi \u00ebsht\u00eb t\u00eb jetoj\u00eb mir\u00eb, ju duhet t\u00eb keni nj\u00eb sh\u00ebndet\u00ebsi m\u00eb t\u00eb mir\u00eb, infrastruktur\u00eb m\u00eb t\u00eb mir\u00eb, ekonomi m\u00eb t\u00eb mir\u00eb, dhe p\u00ebr t\u00eb gjitha k\u00ebto meritoni fal\u00ebnderime, si kryeministri Berisha, ashtu edhe t\u00eb gjith\u00eb ju. T\u00eb diel\u00ebn, m\u00eb 11 maj, do t\u00eb keni nj\u00eb mund\u00ebsi t\u00eb madhe, dhe kjo varet nga ju, me vot\u00ebn tuaj, duke bindur t\u00eb af\u00ebrm, miq, familjar\u00eb, q\u00eb t\u00eb shkojn\u00eb t\u00eb votojn\u00eb dhe t\u00eb votojn\u00eb p\u00ebr Partin\u00eb Demokratike me Berish\u00ebn kryeminist\u00ebr.<\/p>\n<p>Ne ia kemi dal\u00eb, dhe jam e sigurt q\u00eb edhe ju do t\u2019ia dilni. Ju fal\u00ebnderoj, ju q\u00eb n\u00eb popullin tuaj, n\u00eb gjith\u00eb Italin\u00eb, jeni bashkuar me t\u00eb tjer\u00ebt, dhe ju fal\u00ebnderoj q\u00eb jeni pjes\u00eb e nesh. Italiani m\u00eb i madh, presidenti Silvio Berlusconi, q\u00eb ju ka dashur, ju ka adhuruar, ju ka pritur, thoshte nj\u00eb gj\u00eb t\u00eb r\u00ebnd\u00ebsishme: \u201cN\u00ebse dikush beson, lufton \u2013 dhe kush lufton, fiton gjithmon\u00eb!\u201d Silvio Berlusconi, ish-kryeministri italian, fliste me ju. Nuk ka ask\u00ebnd q\u00eb lufton, n\u00ebse nuk ka njer\u00ebz q\u00eb luftojn\u00eb p\u00ebr t\u00eb. N\u00eb vitin e larg\u00ebt 1991, ai ju njohu sapo arrit\u00ebt, edhe pse ishit t\u00eb huaj, ju priti sepse ai ishte largpam\u00ebs, e kuptonte q\u00eb ishit nj\u00eb popull i madh, dhe kjo duket nga numri juaj sot, nga energjia dhe d\u00ebshira p\u00ebr t\u00eb ndryshuar k\u00ebt\u00eb komb.<\/p>\n<p>Prandaj \u00ebsht\u00eb shum\u00eb e r\u00ebnd\u00ebsishme q\u00eb secili prej jush t\u00eb mos q\u00ebndroj\u00eb n\u00eb sht\u00ebpi, por k\u00ebt\u00eb jav\u00eb t\u00eb b\u00ebj\u00eb nj\u00eb fushat\u00eb t\u00eb madhe elektorale, kund\u00ebr t\u00eb gjith\u00ebve, sepse demokracia dhe liria jan\u00eb gj\u00ebrat m\u00eb t\u00eb bukura q\u00eb nj\u00eb popull mund t\u00eb ket\u00eb. Prandaj, vraponi t\u00eb votoni, t\u00eb b\u00ebni t\u00eb tjer\u00ebt t\u00eb votojn\u00eb!<\/p>\n<p>Un\u00eb si qytetare italiane, si deputete italiane, do t\u00eb sigurohem q\u00eb bashkatdhetar\u00ebt tuaj q\u00eb jetojn\u00eb n\u00eb vendin tim, q\u00eb jan\u00eb me origjin\u00eb shqiptare dhe q\u00eb mund t\u00eb votojn\u00eb, t\u00eb shkojn\u00eb e t\u00eb votojn\u00eb p\u00ebr Berish\u00ebn! Un\u00eb, p\u00ebrkrah Berish\u00ebs, ju ftoj t\u00eb votoni, bashk\u00eb me ju dhe t\u00eb gjith\u00eb ata q\u00eb jan\u00eb n\u00eb vendin tuaj, q\u00eb kan\u00eb emigruar n\u00eb vitin 1991, t\u00eb votojn\u00eb p\u00ebr Berish\u00ebn dhe p\u00ebr lirin\u00eb demokratike! \u00cbsht\u00eb thelb\u00ebsore!<\/p>\n<p>Ne jemi bindsh\u00ebm per\u00ebndimor\u00eb, bindsh\u00ebm demokrat\u00eb, dhe bindsh\u00ebm liberal\u00eb e popullor\u00eb. Prandaj, shkoni t\u00eb gjith\u00eb t\u00eb votoni, votoni si\u00e7 duhet dhe do t\u00eb takohemi k\u00ebtu, n\u00eb k\u00ebt\u00eb shesh, p\u00ebr t\u00eb festuar p\u00ebr Berish\u00ebn, qendr\u00ebn e djatht\u00eb t\u00eb bashkuar dhe Shqip\u00ebrin\u00eb n\u00eb Partin\u00eb Popullore Evropiane, me nj\u00eb ngritje t\u00eb madhe t\u00eb t\u00eb gjith\u00ebve ju!<\/p>\n<p>Jeni nj\u00eb popull i madh, jeni shum\u00eb!<\/p>\n<p>Rroft\u00eb Shqip\u00ebria, rroft\u00eb Berisha!<\/p>\n","protected":false},"excerpt":{"rendered":"<p>Deputetja e Partis\u00eb Forza Italia, Erica Mazzeti, ishte sot e pranishme n\u00eb takimin elektoral t\u00eb PD-ASHM, n\u00eb Fush\u00eb-Kruj\u00eb tha se qytetar\u00ebt shqiptar\u00eb vet\u00ebm me kryeminist\u00ebr Sali Berish\u00ebn, do t\u00eb ken\u00eb sh\u00ebndet\u00ebsi dhe arsim m\u00eb t\u00eb mir\u00eb. Ajo i b\u00ebri thirrje t\u00eb gjith\u00eb emigrant\u00ebve shqiptar\u00eb, n\u00eb ve\u00e7anti atyre n\u00eb Itali q\u00eb t\u00eb votojn\u00eb p\u00ebr kryeminist\u00ebr Sali &hellip;<\/p>\n","protected":false},"author":4,"featured_media":112583,"comment_status":"closed","ping_status":"closed","sticky":false,"template":"","format":"standard","meta":{"footnotes":""},"categories":[37],"tags":[],"class_list":["post-112579","post","type-post","status-publish","format-standard","has-post-thumbnail","","category-politike"],"_links":{"self":[{"href":"https:\/\/rdnews.al\/index.php\/wp-json\/wp\/v2\/posts\/112579","targetHints":{"allow":["GET"]}}],"collection":[{"href":"https:\/\/rdnews.al\/index.php\/wp-json\/wp\/v2\/posts"}],"about":[{"href":"https:\/\/rdnews.al\/index.php\/wp-json\/wp\/v2\/types\/post"}],"author":[{"embeddable":true,"href":"https:\/\/rdnews.al\/index.php\/wp-json\/wp\/v2\/users\/4"}],"replies":[{"embeddable":true,"href":"https:\/\/rdnews.al\/index.php\/wp-json\/wp\/v2\/comments?post=112579"}],"version-history":[{"count":3,"href":"https:\/\/rdnews.al\/index.php\/wp-json\/wp\/v2\/posts\/112579\/revisions"}],"predecessor-version":[{"id":112584,"href":"https:\/\/rdnews.al\/index.php\/wp-json\/wp\/v2\/posts\/112579\/revisions\/112584"}],"wp:featuredmedia":[{"embeddable":true,"href":"https:\/\/rdnews.al\/index.php\/wp-json\/wp\/v2\/media\/112583"}],"wp:attachment":[{"href":"https:\/\/rdnews.al\/index.php\/wp-json\/wp\/v2\/media?parent=112579"}],"wp:term":[{"taxonomy":"category","embeddable":true,"href":"https:\/\/rdnews.al\/index.php\/wp-json\/wp\/v2\/categories?post=112579"},{"taxonomy":"post_tag","embeddable":true,"href":"https:\/\/rdnews.al\/index.php\/wp-json\/wp\/v2\/tags?post=112579"}],"curies":[{"name":"wp","href":"https:\/\/api.w.org\/{rel}","templated":true}]}}