{"id":112586,"date":"2025-05-02T18:39:57","date_gmt":"2025-05-02T18:39:57","guid":{"rendered":"https:\/\/rdnews.al\/?p=112586"},"modified":"2025-05-02T18:39:57","modified_gmt":"2025-05-02T18:39:57","slug":"berishes-i-dhurojne-kupen-me-numrin-1-ne-kurbin-njishi-eshte-numri-i-perendise-i-fitores","status":"publish","type":"post","link":"https:\/\/rdnews.al\/index.php\/2025\/05\/02\/berishes-i-dhurojne-kupen-me-numrin-1-ne-kurbin-njishi-eshte-numri-i-perendise-i-fitores\/","title":{"rendered":"Berish\u00ebs i dhurojn\u00eb kup\u00ebn me numrin 1 n\u00eb Kurbin: Njishi \u00ebsht\u00eb numri i per\u00ebndis\u00eb, i fitores!"},"content":{"rendered":"<p>Kryetari i Partis\u00eb Demokratike, Sali Berisha ka prezantuar n\u00eb Kurbin, kandidat\u00ebt p\u00ebr deputet\u00eb t\u00eb k\u00ebsaj zone.<\/p>\n<p>Ai u shpreh se, Edi Rama, po num\u00ebron or\u00ebt dhe dit\u00ebt e fundit t\u00eb regjimit t\u00eb tij, nuk ka t\u00eb ardhme dhe u garantoj ju se edhe prapa diellit po t\u00eb shkoj\u00eb, do ta gjejm\u00eb dhe do ta mundim.<\/p>\n<p>\u201cP\u00ebrsh\u00ebndetjet m\u00eb t\u00eb p\u00ebrzem\u00ebrta, njishat e Kurbinit, njishat e Shqip\u00ebris\u00eb.<\/p>\n<p>Njishi \u00ebsht\u00eb numri i per\u00ebndis\u00eb, \u00ebsht\u00eb numri i fitores, numri i drit\u00ebs dhe i diellit.<\/p>\n<p>Rrofshi ju, rroft\u00eb Kurbini, rroft\u00eb Shqip\u00ebria.<\/p>\n<p>E nderuara zonja Erika Mazeti, parlamentare e Forza Italia-s n\u00eb parlamentin italian.<\/p>\n<p>Nj\u00eb mir\u00ebnjohje t\u00eb pakufishme ndaj jush, Forza Italia-s dhe Italis\u00eb mike p\u00ebr pranin\u00eb tuaj, mb\u00ebshtetjen p\u00ebr opozit\u00ebn shqiptare n\u00eb k\u00ebt\u00eb betej\u00eb, n\u00eb t\u00eb cil\u00ebn do p\u00ebrmbys\u00eb diktatur\u00ebn e vetme dhe t\u00eb par\u00eb, t\u00eb bazuar n\u00eb drog\u00ebn dhe krimin n\u00eb Europ\u00eb, narkodiktatur\u00ebn e Edi Ram\u00ebs.<\/p>\n<p>Miq\u00ebsia dhe bashk\u00ebpunimi tradicional i PD me Forza Italia daton q\u00eb n\u00eb themelimin e saj, nga i pavdekshmi, italiani m\u00eb i madh i koh\u00ebrave, Silvio Berluskoni, mik i shquar i kombit shqiptar.<\/p>\n<p>Dhe sot prania juaj e nderuara Mazeti \u00ebsht\u00eb d\u00ebshmi e vazhdimit t\u00eb k\u00ebsaj miq\u00ebsie dhe bashk\u00ebpunimi n\u00eb interesin m\u00eb t\u00eb madh t\u00eb dy forcave tona politike dhe t\u00eb dy vendeve mike.<\/p>\n<p>T\u00eb dashur qytetare dhe qytetar\u00eb t\u00eb Kurbinit, qytetare dhe qytetar\u00eb t\u00eb fitores, sot n\u00eb t\u00eb kat\u00ebr an\u00ebt e Shqip\u00ebris\u00eb, n\u00eb syt\u00eb dhe zemrat e shqiptar\u00ebve shndrit fitorja e 11 Majit.<\/p>\n<p>Sot ne jemi m\u00eb af\u00ebr se kurr\u00eb fitores p\u00ebr t\u00eb cil\u00ebn luftuam 12 vite, fitores p\u00ebr t\u00eb cil\u00ebn q\u00ebndruam t\u00eb pamposhtur, fitores p\u00ebr t\u00eb cil\u00ebn sakrifikuam dhe ja ku jemi sot, m\u00eb t\u00eb vendosur se kurr\u00eb, m\u00eb t\u00eb sigurt se kurr\u00eb, t\u00eb firmosim fitoren m\u00eb 11 Maj.<\/p>\n<p>Edi Rama, po num\u00ebron or\u00ebt dhe dit\u00ebt e fundit t\u00eb regjimit t\u00eb tij.<\/p>\n<p>Edi Rama nuk ka t\u00eb ardhme dhe u garantoj ju se edhe prapa diellit po t\u00eb shkoj\u00eb, do ta gjejm\u00eb dhe do ta mundim.<\/p>\n<p>Nuk ka shpres\u00eb p\u00ebr t\u00eb m\u00eb!<\/p>\n<p>Ndaj dhe \u00e7far\u00ebdo q\u00eb t\u00eb b\u00ebsh, sado q\u00eb t\u00eb fshihesh, je t\u00ebr\u00ebsisht i pashpres\u00eb.<\/p>\n<p>Do kesh fundin e \u00e7do diktatori, fundin e merituar t\u00eb atyre q\u00eb u shnd\u00ebrruan n\u00eb t\u00eb keqen e kombit t\u00eb vet.<\/p>\n<p>Ai kalon nga sheshi, nga takimi n\u00eb takimi, me zyrtar\u00ebt e tij t\u00eb mbledhur me firm\u00eb, pa takuar kurr\u00eb n\u00eb tre muaj rresht, nj\u00eb dit\u00eb t\u00eb vetme 10 apo 20 qytetar\u00eb t\u00eb lir\u00eb sepse edhe nj\u00eb i lir\u00eb kur ndodhet n\u00eb takimin e tij, i p\u00ebrvishet me guxim dhe shfazon. Edi Rama u ka b\u00ebr\u00eb t\u00eb k\u00ebqija t\u00eb m\u00ebdha shqiptar\u00ebve\u201d, tha Berisha.<\/p>\n","protected":false},"excerpt":{"rendered":"<p>Kryetari i Partis\u00eb Demokratike, Sali Berisha ka prezantuar n\u00eb Kurbin, kandidat\u00ebt p\u00ebr deputet\u00eb t\u00eb k\u00ebsaj zone. Ai u shpreh se, Edi Rama, po num\u00ebron or\u00ebt dhe dit\u00ebt e fundit t\u00eb regjimit t\u00eb tij, nuk ka t\u00eb ardhme dhe u garantoj ju se edhe prapa diellit po t\u00eb shkoj\u00eb, do ta gjejm\u00eb dhe do ta mundim. &hellip;<\/p>\n","protected":false},"author":4,"featured_media":112588,"comment_status":"closed","ping_status":"closed","sticky":false,"template":"","format":"standard","meta":{"footnotes":""},"categories":[37],"tags":[],"class_list":["post-112586","post","type-post","status-publish","format-standard","has-post-thumbnail","","category-politike"],"_links":{"self":[{"href":"https:\/\/rdnews.al\/index.php\/wp-json\/wp\/v2\/posts\/112586","targetHints":{"allow":["GET"]}}],"collection":[{"href":"https:\/\/rdnews.al\/index.php\/wp-json\/wp\/v2\/posts"}],"about":[{"href":"https:\/\/rdnews.al\/index.php\/wp-json\/wp\/v2\/types\/post"}],"author":[{"embeddable":true,"href":"https:\/\/rdnews.al\/index.php\/wp-json\/wp\/v2\/users\/4"}],"replies":[{"embeddable":true,"href":"https:\/\/rdnews.al\/index.php\/wp-json\/wp\/v2\/comments?post=112586"}],"version-history":[{"count":1,"href":"https:\/\/rdnews.al\/index.php\/wp-json\/wp\/v2\/posts\/112586\/revisions"}],"predecessor-version":[{"id":112589,"href":"https:\/\/rdnews.al\/index.php\/wp-json\/wp\/v2\/posts\/112586\/revisions\/112589"}],"wp:featuredmedia":[{"embeddable":true,"href":"https:\/\/rdnews.al\/index.php\/wp-json\/wp\/v2\/media\/112588"}],"wp:attachment":[{"href":"https:\/\/rdnews.al\/index.php\/wp-json\/wp\/v2\/media?parent=112586"}],"wp:term":[{"taxonomy":"category","embeddable":true,"href":"https:\/\/rdnews.al\/index.php\/wp-json\/wp\/v2\/categories?post=112586"},{"taxonomy":"post_tag","embeddable":true,"href":"https:\/\/rdnews.al\/index.php\/wp-json\/wp\/v2\/tags?post=112586"}],"curies":[{"name":"wp","href":"https:\/\/api.w.org\/{rel}","templated":true}]}}