{"id":112606,"date":"2025-05-02T19:20:50","date_gmt":"2025-05-02T19:20:50","guid":{"rendered":"https:\/\/rdnews.al\/?p=112606"},"modified":"2025-05-02T19:20:50","modified_gmt":"2025-05-02T19:20:50","slug":"perfaqesues-i-biznesit-numri-i-shitjeve-eshte-pergjysmuar-me-ardhjen-e-pd-ne-pushtet-do-te-zgjerojme-bizneset","status":"publish","type":"post","link":"https:\/\/rdnews.al\/index.php\/2025\/05\/02\/perfaqesues-i-biznesit-numri-i-shitjeve-eshte-pergjysmuar-me-ardhjen-e-pd-ne-pushtet-do-te-zgjerojme-bizneset\/","title":{"rendered":"P\u00ebrfaq\u00ebsues i biznesit: Numri i shitjeve \u00ebsht\u00eb p\u00ebrgjysmuar! Me ardhjen e PD n\u00eb pushtet do t\u00eb zgjerojm\u00eb bizneset"},"content":{"rendered":"<p>P\u00ebrfaq\u00ebsues i biznesit t\u00eb vog\u00ebl, Aleksand\u00ebr Selala, i pranish\u00ebm n\u00eb takimin q\u00eb PD-ASHM zhvilloi n\u00eb Kurbin theksoi se numri i shitjeve ka r\u00ebn\u00eb ndjeshm\u00eb n\u00eb 4 vitet e fundit p\u00ebr shkak t\u00eb rritjes s\u00eb \u00e7mimeve.<\/p>\n<p>Ai tha se me ardhjen e PD n\u00eb pushtet \u00e7do biznes i vog\u00ebl do t\u00eb ket\u00eb mund\u00ebsi q\u00eb t\u00eb rritet m\u00eb shum\u00eb<\/p>\n<p>\u201cDisa prej jush ndihen si un\u00eb dhe mezi ja dalin ta mbajn\u00eb biznesin n\u00eb k\u00ebmb\u00eb. Pasi gjendja ekonomike \u00ebsht\u00eb v\u00ebshtir\u00ebsuar shum\u00eb. Njer\u00ebzit kalojn\u00eb rrug\u00ebve dhe nuk blejn\u00eb asgj\u00eb p\u00ebr shkak t\u00eb fuqis\u00eb t\u00eb forc\u00ebs bler\u00ebsve t\u00eb tyre. Shitjet jan\u00eb p\u00ebrgjysmuar sidomos k\u00ebto tri kat\u00ebr vitet e fundit, n\u00eb maksimumin e mundsh\u00ebm. \u00c7mimi i energjis\u00eb dhe ujit ka ndikuar n\u00eb maksimum, n\u00eb shpenzimet dhe kostot e mbajtje s\u00eb biznesit.<\/p>\n<p>P\u00ebrve\u00e7 kostove q\u00eb jan\u00eb rritur, sidomos nj\u00ebher\u00eb tarifat e Bashkis\u00eb. Nuk mjafton vet\u00ebm kjo, jan\u00eb edhe taksitar\u00ebt e qeveris q\u00eb vijn\u00eb dhe t\u00ebrheqin nga xhepat ton\u00eb me forc\u00eb me presion nga t\u00eb gjitha forcat e m\u00ebnyrat. Prandaj t\u00eb nderuar qytetar, na nevojitet nj\u00eb program shum\u00eb i mir\u00eb. Me program e Prof,Dr. Sali Beris\u00ebs,\u00a0PD dhe Aleanc\u00ebn Madh\u00ebshtore do t\u00eb ulet \u00e7mimi i energjis\u00eb dhe ujit do t\u00eb ngrihet tavani p\u00ebr xhirot p\u00ebr \u00e7do bizneseve t\u00eb vog\u00ebl p\u00ebr 500 euro n\u00eb dit\u00eb.<\/p>\n<p>Largimi i taksidar\u00ebve t\u00eb qeveris\u00eb do t\u00eb jet\u00eb absolut, q\u00eb do t\u00eb na lejoj\u00eb t\u00eb p\u00ebrballojm\u00eb t\u00eb gjitha shpenzimet e bizneseve dhe t\u00eb kemi di\u00e7ka q\u00eb t\u00eb na ngelet m\u00ebnjan\u00eb, p\u00ebr t\u00eb rritur biznesin. Un\u00eb besoj se me programin e PD na pret nj\u00eb e ardhme m\u00eb e mir\u00eb p\u00ebr biznesin dhe p\u00ebr familjet tona. Un\u00eb e kam b\u00ebr\u00eb zgjedhjen time p\u00ebr PD-ASHM, dhe ju ftoj t\u00eb gjith\u00ebve, q\u00eb t\u00eb votoni vet\u00ebm p\u00ebr numrin 1. Mendoj q\u00eb Qarku i Lezh\u00ebs do t\u00eb dal\u00eb 5-2 sepse 4 i kemi marr\u00eb n\u00eb koh\u00eb m\u00eb t\u00eb v\u00ebshtir\u00eb\u201d,\u00a0tha Selala.<\/p>\n","protected":false},"excerpt":{"rendered":"<p>P\u00ebrfaq\u00ebsues i biznesit t\u00eb vog\u00ebl, Aleksand\u00ebr Selala, i pranish\u00ebm n\u00eb takimin q\u00eb PD-ASHM zhvilloi n\u00eb Kurbin theksoi se numri i shitjeve ka r\u00ebn\u00eb ndjeshm\u00eb n\u00eb 4 vitet e fundit p\u00ebr shkak t\u00eb rritjes s\u00eb \u00e7mimeve. Ai tha se me ardhjen e PD n\u00eb pushtet \u00e7do biznes i vog\u00ebl do t\u00eb ket\u00eb mund\u00ebsi q\u00eb t\u00eb rritet &hellip;<\/p>\n","protected":false},"author":4,"featured_media":112607,"comment_status":"closed","ping_status":"closed","sticky":false,"template":"","format":"standard","meta":{"footnotes":""},"categories":[37],"tags":[],"class_list":["post-112606","post","type-post","status-publish","format-standard","has-post-thumbnail","","category-politike"],"_links":{"self":[{"href":"https:\/\/rdnews.al\/index.php\/wp-json\/wp\/v2\/posts\/112606","targetHints":{"allow":["GET"]}}],"collection":[{"href":"https:\/\/rdnews.al\/index.php\/wp-json\/wp\/v2\/posts"}],"about":[{"href":"https:\/\/rdnews.al\/index.php\/wp-json\/wp\/v2\/types\/post"}],"author":[{"embeddable":true,"href":"https:\/\/rdnews.al\/index.php\/wp-json\/wp\/v2\/users\/4"}],"replies":[{"embeddable":true,"href":"https:\/\/rdnews.al\/index.php\/wp-json\/wp\/v2\/comments?post=112606"}],"version-history":[{"count":1,"href":"https:\/\/rdnews.al\/index.php\/wp-json\/wp\/v2\/posts\/112606\/revisions"}],"predecessor-version":[{"id":112608,"href":"https:\/\/rdnews.al\/index.php\/wp-json\/wp\/v2\/posts\/112606\/revisions\/112608"}],"wp:featuredmedia":[{"embeddable":true,"href":"https:\/\/rdnews.al\/index.php\/wp-json\/wp\/v2\/media\/112607"}],"wp:attachment":[{"href":"https:\/\/rdnews.al\/index.php\/wp-json\/wp\/v2\/media?parent=112606"}],"wp:term":[{"taxonomy":"category","embeddable":true,"href":"https:\/\/rdnews.al\/index.php\/wp-json\/wp\/v2\/categories?post=112606"},{"taxonomy":"post_tag","embeddable":true,"href":"https:\/\/rdnews.al\/index.php\/wp-json\/wp\/v2\/tags?post=112606"}],"curies":[{"name":"wp","href":"https:\/\/api.w.org\/{rel}","templated":true}]}}