{"id":112618,"date":"2025-05-03T09:45:08","date_gmt":"2025-05-03T09:45:08","guid":{"rendered":"https:\/\/rdnews.al\/?p=112618"},"modified":"2025-05-03T09:45:40","modified_gmt":"2025-05-03T09:45:40","slug":"berisha-ne-peqin-ne-100-ditet-e-para-u-siguroj-se-nuk-do-kete-pensionist-me-pension-nen-200-euro","status":"publish","type":"post","link":"https:\/\/rdnews.al\/index.php\/2025\/05\/03\/berisha-ne-peqin-ne-100-ditet-e-para-u-siguroj-se-nuk-do-kete-pensionist-me-pension-nen-200-euro\/","title":{"rendered":"Berisha n\u00eb Peqin: N\u00eb 100 dit\u00ebt e para u siguroj se nuk do ket\u00eb pensionist me pension n\u00ebn 200 euro"},"content":{"rendered":"<p>Nga Peqini n\u00eb fushat\u00ebn p\u00ebrmbyll\u00ebse n\u00eb k\u00ebt\u00eb qytet, kryetari i PD, \u00a0Sali Berisha garantoi se n\u00ebn qeverisjen e tij, nuk do t\u00eb ket\u00eb pension n\u00ebn 200 euro.<\/p>\n<p>Gjat\u00eb fjal\u00ebs s\u00eb tij, Berisha tha se, ky qytet \u00ebsht\u00eb b\u00ebr\u00eb i pajetuesh\u00ebm jo vet\u00ebm p\u00ebr pensionist\u00ebt, por edhe p\u00ebr bizneset, q\u00eb sipas kryedemokratit, \u00a0ndrydhen dhe gjobiten nga t\u00eb kat\u00ebr an\u00ebt.<\/p>\n<p>\u201cMir\u00ebdita dhe p\u00ebrsh\u00ebndetjet e mia m\u00eb t\u00eb p\u00ebrzem\u00ebrta ju banor\u00ebve t\u00eb Peqinit n\u00eb k\u00ebt\u00eb shesh dhe kudo q\u00eb ndodheni sot, n\u00eb Peqin, n\u00eb Elbasan, n\u00eb Shqip\u00ebri dhe jasht\u00eb vendit.<\/p>\n<p>P\u00ebrulem me nderimin m\u00eb t\u00eb madh para jush, mir\u00ebnjohjen m\u00eb t\u00eb thell\u00eb.<\/p>\n<p>I nderuar zoti Tomorr Alizoti, udh\u00ebheq\u00ebs politik i qarkut t\u00eb Elbasanit p\u00ebr PD dhe Aleanc\u00ebn p\u00ebr Shqip\u00ebrin\u00eb Madh\u00ebshtore.<\/p>\n<p>I dashur zoti kryetar i PD p\u00ebr Peqinin, t\u00eb dashur kandidat\u00eb p\u00ebr deputet\u00eb n\u00eb Kuvend, p\u00ebrfaq\u00ebsues dinjitoz\u00eb me t\u00eb cil\u00ebt ne jemi krenar\u00eb, krenar \u00ebsht\u00eb Elbasani, krenar \u00ebsht\u00eb e gjith\u00eb Shqip\u00ebria me k\u00ebt\u00eb ekip, q\u00eb do jet\u00eb avokat i pamposhtur i kauzave tuaja n\u00eb Kuvendin e ardhsh\u00ebm t\u00eb Shqip\u00ebris\u00eb.<\/p>\n<p>T\u00eb dashur miq, ne vijm\u00eb sot p\u00ebr t\u00eb paraqitur para jush programin e Peqinit madh\u00ebshtor, Elbasanit madh\u00ebshtor dhe Shqip\u00ebris\u00eb madh\u00ebshtore.<\/p>\n<p>E v\u00ebrteta \u00ebsht\u00eb se Peqini po t\u00eb v\u00ebshtrosh n\u00eb historin\u00eb e tij, \u00ebsht\u00eb nj\u00eb diamant me nj\u00eb histori madh\u00ebshtore mij\u00ebravje\u00e7are.<\/p>\n<p>Ai ka pasuri t\u00eb pafundme, ka toka nd\u00ebr m\u00eb pjelloret, ka lumin, ka kodrat dhe njer\u00ebzit e mrekulluesh\u00ebm pun\u00ebtor\u00eb.<\/p>\n<p>E megjithat\u00eb nga Peqini k\u00ebto vite ikin, ikin dhe vet\u00ebm ikin bijt\u00eb dhe bijat e saj.<\/p>\n<p>Ka nj\u00eb gj\u00eb themelore q\u00eb nuk shkon n\u00eb k\u00ebt\u00eb vend, ky largim masiv i shqiptar\u00ebve nuk vjen se ata nuk duan Peqinin, nuk vjen se ata nuk kan\u00eb lidhje malli dhe zemre me familjen e tyre, nuk vjen se ata nuk e duan vendin e tyre, por kjo vjen se para tyre jan\u00eb vendosur mure papun\u00ebsie.<\/p>\n<p>Para tyre \u00ebsht\u00eb vendosur varf\u00ebria.<\/p>\n<p>N\u00eb k\u00ebt\u00eb m\u00ebnyr\u00eb, n\u00eb m\u00ebnyr\u00eb t\u00eb heshtur dhe haptas, prind\u00ebrit u thon\u00eb f\u00ebmij\u00ebve t\u00eb tyre, ndiq fatin, ndiq rrug\u00ebt e bot\u00ebs se k\u00ebtu nuk mjafton.<\/p>\n<p>E v\u00ebrteta \u00ebsht\u00eb se ky Peqin, kjo Shqip\u00ebri \u00ebsht\u00eb b\u00ebr\u00eb e pajetueshme.<\/p>\n<p>\u00cbsht\u00eb b\u00ebr\u00eb e pajetueshme sepse pensionist\u00ebt, q\u00eb kan\u00eb shkrir\u00eb jet\u00ebn e tyre, sot trajtohen n\u00eb m\u00ebnyr\u00ebn m\u00eb t\u00eb pashpirt, sot trajtohen me nj\u00eb pension mesatar 172 euro, i cili para 12 vitesh ishte 143 euro.<\/p>\n<p>Me nj\u00eb pension q\u00eb sot krahasuar me 13 vite m\u00eb par\u00eb, blen 2 her\u00eb e gjysm\u00eb m\u00eb pak.<\/p>\n<p>Me nj\u00eb pension q\u00eb p\u00ebr t\u00eb bler\u00eb sa blihej n\u00eb vitin 2013, duhej t\u00eb ishte 390 mij\u00eb lek\u00eb.<\/p>\n<p>Nuk arrijn\u00eb t\u00eb jetojn\u00eb k\u00ebtu se bizneset ndrydhen dhe gjobiten nga t\u00eb kat\u00ebr an\u00ebt.<\/p>\n<p>Kurse fermer\u00ebt kan\u00eb tokat nga m\u00eb t\u00eb mrekullueshmet, por problemi \u00ebsht\u00eb se kan\u00eb mb\u00ebshtetje mizerab\u00ebl dhe nuk konkurrojn\u00eb dot me fermer\u00ebt e Maqedonis\u00eb, Kosov\u00ebs apo Serbis\u00eb, sepse ata marrin mb\u00ebshtetje pes\u00eb her\u00eb m\u00eb shum\u00eb se fermer\u00ebt e Peqinit.<\/p>\n<p>T\u00eb gjitha k\u00ebto b\u00ebjn\u00eb q\u00eb fermeri yn\u00eb t\u00eb mos konkurroj\u00eb dot me fermerin maqedonas apo serb. Prodhimet tuaja t\u00eb mbeten n\u00eb ara, t\u00eb hidhen n\u00eb lum\u00eb ose toka t\u00eb mbetet djerr\u00eb.<\/p>\n<p>80 p\u00ebrqind e t\u00eb gjitha frutave dhe zarzavateve q\u00eb shiten n\u00eb dyqanet tona jan\u00eb importi, nd\u00ebrkoh\u00eb q\u00eb Shqip\u00ebria ka nj\u00eb potencial t\u00eb jasht\u00ebzakonsh\u00ebm sa asnj\u00eb vend tjet\u00ebr.<\/p>\n<p>N\u00eb k\u00ebto kushte ne kemi nj\u00eb program i cili nuk \u00ebsht\u00eb nj\u00eb program i shpikur.<\/p>\n<p>Jo, ky program bashkon praktikat m\u00eb t\u00eb mira t\u00eb vendeve p\u00ebrreth dhe vendeve t\u00eb tjera. Ky program vendos t\u2019u kthej\u00eb parat\u00eb qytetar\u00ebve shqiptar\u00eb.<\/p>\n<p>\u00c7do pensionisti i k\u00ebrkoj njer\u00ebzisht vet\u00ebm nj\u00eb gj\u00eb. T\u2019i shtroj\u00eb vetes pyetjen: si ka mund\u00ebsi q\u00eb pensionisti malazez, q\u00eb n\u00eb vitin 2013 merrte 138 mij\u00eb lek\u00eb pension mesatar, sot merr 450 mij\u00eb lek\u00eb.<\/p>\n<p>Pse, \u00e7far\u00eb ndodhi? Plasi nafta apo floriri n\u00eb Mal t\u00eb Zi. Jo mo jo. Mali i Zi \u00ebsht\u00eb nj\u00eb territor i vog\u00ebl, por pasuri p\u00ebrrallore si Shqip\u00ebria nuk ka asnj\u00eb vend tjet\u00ebr.<\/p>\n<p>\u00c7far\u00eb ndodhi me pensionistin malazez? Ndodhi ajo q\u00eb qeveria e Malit t\u00eb Zi, e zgjedhur nga qytetar\u00ebt e saj, kthen parat\u00eb e taksave tek qytetar\u00ebt. Taksat q\u00eb ua merr, ua kthen atyre n\u00eb rroga dhe pensione.<\/p>\n<p>Edi Rama solli k\u00ebt\u00eb vit buxhetin 8 miliard\u00eb euro. Kishte l\u00ebn\u00eb gjithsej p\u00ebr pensionist\u00ebt 16 milion\u00eb euro. P\u00ebr 760 mij\u00eb burra dhe gra vet\u00ebm 16 milion\u00eb euro.<\/p>\n<p>Kur ne k\u00ebrkuam t\u00eb vendosim minimumin jetik 200 euro, kjo, tha ai, na \u00e7on n\u00eb humner\u00eb.<\/p>\n<p>Po a shkoi Mali i Zi n\u00eb humner\u00eb q\u00eb i rriti pensionet? A shkoi Maqedonia n\u00eb humner\u00eb? A shkoi Serbia n\u00eb humner\u00eb?<\/p>\n<p>Kujt ia thot\u00eb ky k\u00ebto? Ky tallet me n\u00ebnat, baballar\u00ebt, gjyshet, gjyshit e k\u00ebtij vendi.<\/p>\n<p>Po rrogat e larta si u b\u00ebn\u00eb n\u00eb Shqip\u00ebri? Sot zyrtar\u00ebt shqiptar\u00eb marrin rrogat m\u00eb t\u00eb larta n\u00eb Ballkan.<\/p>\n<p>Sot diferenca mes rrog\u00ebs minimale dhe rrog\u00ebs m\u00eb t\u00eb lart\u00eb \u00ebsht\u00eb 14-15 her\u00eb, sa asnj\u00eb vend tjet\u00ebr n\u00eb planet. Mund t\u00eb ket\u00eb ndonj\u00eb sulltan apo ndonj\u00eb mbret, por vend q\u00eb vendos t\u00eb till\u00eb hendek mes rrog\u00ebs s\u00eb lart\u00eb dhe t\u00eb ul\u00ebt si k\u00ebtu nuk ka.<\/p>\n<p>Ndaj dhe jam sot k\u00ebtu p\u00ebr t\u00eb k\u00ebrkuar nga t\u00eb gjith\u00eb ju, nga t\u00eb gjith\u00eb qytetar\u00ebt e Peqinit, t\u00eb gjith\u00eb fermer\u00ebt e Peqinit, t\u00eb bashkohemi p\u00ebr t\u00eb votuar ndryshimin.<\/p>\n<p>Me vot\u00ebn ton\u00eb ne mund t\u00eb b\u00ebjm\u00eb jo nj\u00eb ndryshim, por nj\u00eb ndryshim epokal.<\/p>\n<p>Sepse n\u00eb 100 dit\u00ebt e para u siguroj se nuk do ket\u00eb pensionist me pension n\u00ebn 200 euro.<\/p>\n<p>Dhe sot me pension n\u00ebn 172 euro jan\u00eb 57 p\u00ebrqind e t\u00eb gjith\u00eb pensionist\u00ebve.<\/p>\n<p>U siguroj se me 11 Maj, me vot\u00ebn tuaj, ju b\u00ebni nj\u00eb ndryshim epokal sepse pas 11 Majit n\u00eb 100 dit\u00ebt e para nuk do t\u00eb ket\u00eb rrog\u00ebtar me rrog\u00eb m\u00eb t\u00eb ul\u00ebt se 500 euro n\u00eb Shqip\u00ebri.Dhe se rroga mesatare do jet\u00eb 1250 euro. Nuk do ket\u00eb m\u00ebsues me rrog\u00eb n\u00ebn 1500 euro\u201d, u shpreh Berisha.<\/p>\n","protected":false},"excerpt":{"rendered":"<p>Nga Peqini n\u00eb fushat\u00ebn p\u00ebrmbyll\u00ebse n\u00eb k\u00ebt\u00eb qytet, kryetari i PD, \u00a0Sali Berisha garantoi se n\u00ebn qeverisjen e tij, nuk do t\u00eb ket\u00eb pension n\u00ebn 200 euro. Gjat\u00eb fjal\u00ebs s\u00eb tij, Berisha tha se, ky qytet \u00ebsht\u00eb b\u00ebr\u00eb i pajetuesh\u00ebm jo vet\u00ebm p\u00ebr pensionist\u00ebt, por edhe p\u00ebr bizneset, q\u00eb sipas kryedemokratit, \u00a0ndrydhen dhe gjobiten nga &hellip;<\/p>\n","protected":false},"author":4,"featured_media":112619,"comment_status":"closed","ping_status":"closed","sticky":false,"template":"","format":"standard","meta":{"footnotes":""},"categories":[37],"tags":[],"class_list":["post-112618","post","type-post","status-publish","format-standard","has-post-thumbnail","","category-politike"],"_links":{"self":[{"href":"https:\/\/rdnews.al\/index.php\/wp-json\/wp\/v2\/posts\/112618","targetHints":{"allow":["GET"]}}],"collection":[{"href":"https:\/\/rdnews.al\/index.php\/wp-json\/wp\/v2\/posts"}],"about":[{"href":"https:\/\/rdnews.al\/index.php\/wp-json\/wp\/v2\/types\/post"}],"author":[{"embeddable":true,"href":"https:\/\/rdnews.al\/index.php\/wp-json\/wp\/v2\/users\/4"}],"replies":[{"embeddable":true,"href":"https:\/\/rdnews.al\/index.php\/wp-json\/wp\/v2\/comments?post=112618"}],"version-history":[{"count":1,"href":"https:\/\/rdnews.al\/index.php\/wp-json\/wp\/v2\/posts\/112618\/revisions"}],"predecessor-version":[{"id":112620,"href":"https:\/\/rdnews.al\/index.php\/wp-json\/wp\/v2\/posts\/112618\/revisions\/112620"}],"wp:featuredmedia":[{"embeddable":true,"href":"https:\/\/rdnews.al\/index.php\/wp-json\/wp\/v2\/media\/112619"}],"wp:attachment":[{"href":"https:\/\/rdnews.al\/index.php\/wp-json\/wp\/v2\/media?parent=112618"}],"wp:term":[{"taxonomy":"category","embeddable":true,"href":"https:\/\/rdnews.al\/index.php\/wp-json\/wp\/v2\/categories?post=112618"},{"taxonomy":"post_tag","embeddable":true,"href":"https:\/\/rdnews.al\/index.php\/wp-json\/wp\/v2\/tags?post=112618"}],"curies":[{"name":"wp","href":"https:\/\/api.w.org\/{rel}","templated":true}]}}