{"id":112626,"date":"2025-05-03T10:06:12","date_gmt":"2025-05-03T10:06:12","guid":{"rendered":"https:\/\/rdnews.al\/?p=112626"},"modified":"2025-05-03T10:06:12","modified_gmt":"2025-05-03T10:06:12","slug":"berisha-edi-rama-i-zhyti-qytetaret-ne-varferi-lamborghini-i-noizit-nuk-eshte-rroga-dhe-pensione","status":"publish","type":"post","link":"https:\/\/rdnews.al\/index.php\/2025\/05\/03\/berisha-edi-rama-i-zhyti-qytetaret-ne-varferi-lamborghini-i-noizit-nuk-eshte-rroga-dhe-pensione\/","title":{"rendered":"Berisha: Edi Rama i zhyti qytetar\u00ebt n\u00eb varf\u00ebri! Lamborghini i Noizit nuk \u00ebsht\u00eb rroga dhe pensione!"},"content":{"rendered":"<p>Kryetari i PD, Sali Berisha teksa komentoi \u2018luksin\u2019 e shfrenuar t\u00eb artist\u00ebve q\u00eb po ndjekin Ram\u00ebn nga pas, si\u00e7 ishte rasti i\u00a0Noizy-t n\u00eb Dib\u00ebr, nga Peqini tha se makina e tij luksoze, nuk \u00ebsht\u00eb rroga dhe pensione p\u00ebr qytetar\u00ebt dhe pensionist\u00ebt.<\/p>\n<p>Duke folur n\u00eb takimin p\u00ebrmbyll\u00ebs n\u00eb Peqin, Berisha nd\u00ebrsa solli n\u00eb v\u00ebmendje gar\u00ebn presidenciale mes Trump dhe Harris n\u00eb SHBA, nj\u00ebjt\u00eb si\u00e7 po vepron edhe Rama duke ndjekur shembullin e kandidates amerikane, p\u00ebr t\u00eb cilin tha se do t\u00eb marr\u00eb p\u00ebrgjigjen e merituar:\u00a0&#8216;Kamala mori t\u00eb gjith\u00eb Hollivudin me vete, po p\u00ebrfundoi atje ku e meritonte\u2019.<\/p>\n<p>Berisha: T\u00eb dashur miq, Edi Rama pasi zhyti qytetar\u00ebt n\u00eb varf\u00ebri, i la pensionist\u00ebt n\u00eb mjerim me pension mesatar 172 mij\u00eb lek\u00eb, t\u00eb cilin nuk e marrin 57 p\u00ebrqind e pensionist\u00ebve se marrin m\u00eb pak.<\/p>\n<p>Pasi p\u00ebrzuri n\u00eb 10 vite rreth 45 p\u00ebrqind t\u00eb shqiptar\u00ebve nga Shqip\u00ebria.<\/p>\n<p>Pasi nd\u00ebrtoi nj\u00eb parajs\u00eb t\u00eb v\u00ebrtet\u00eb, saraje dy her\u00eb m\u00eb t\u00eb m\u00ebdha se vila e Enver Hoxh\u00ebs. 57 metra t\u00eb gjat\u00eb e kan\u00eb themelin, me kopsht kat\u00ebr her\u00eb m\u00eb t\u00eb madh se vila e diktatorit.<\/p>\n<p>Duke deklaruar se kishte gjithsej 3800 euro.<\/p>\n<p>Pasi u martua me nj\u00eb pallat n\u00eb paj\u00eb, 5 kate pallati pa asnj\u00eb fatur\u00eb.<\/p>\n<p>Pasi zhduku n\u00eb kontot e tij bankare 130 milion\u00eb euro t\u00eb djeg\u00ebsit t\u00eb Tiran\u00ebs.<\/p>\n<p>Pasi pla\u00e7kiti dhe grabiti 225 mij\u00eb met\u00ebr katror\u00eb tok\u00eb tek kanioni i Gjipes\u00eb n\u00eb zon\u00ebn m\u00eb t\u00eb bukur n\u00eb detin Jon.<\/p>\n<p>Pasi ka rr\u00ebmbyer me baxhanakun e tij qindra milion\u00eb euro tek AKSHI dhe tendera t\u00eb tjera.<\/p>\n<p>Pasi i dha t\u00eb v\u00ebllait 38 mij\u00eb met\u00ebr katror\u00eb tok\u00eb t\u00eb pronar\u00ebve tiranas tek Rrapi i Treshit.<\/p>\n<p>Pra miq, tani \u00e7far\u00eb b\u00ebn? U v\u00eb perde para syve, n\u00eb nj\u00eb akt cinik, n\u00eb nj\u00eb akt t\u00eb pap\u00ebrgjegjsh\u00ebm u v\u00eb qytetar\u00ebve shqiptar\u00eb perden.<\/p>\n<p>Dhe n\u00eb vend se t\u00eb jap\u00eb llogari pensionist\u00ebve se pse i la me at\u00eb pension, u nxjerr marr\u00ebzit\u00eb e tij. Tallavara. U nxjerr banalitete. Organizon takime si\u00e7 b\u00ebheshin n\u00eb vitet \u201950 q\u00eb i organizonte fronti, ve\u00e7mas burrat, ve\u00e7mas grat\u00eb. U kthye n\u00eb gjenet e t\u00eb atit.<\/p>\n<p>I k\u00ebrkohet t\u00eb vij\u00eb t\u00eb ballafaqohet, refuzon.<\/p>\n<p>Po pse refuzon? Sepse del hajdut para jush.<\/p>\n<p>Nuk thot\u00eb nj\u00eb fjal\u00eb se ku jan\u00eb 130 milion\u00eb euro.<\/p>\n<p>Nuk justifikon dot kurr\u00eb sarajet e tij n\u00eb Surrel.<\/p>\n<p>Nuk justifikon dot kurr\u00eb 225 mij\u00eb tok\u00eb n\u00eb Gjipe pa asnj\u00eb dokument kadastral, me falsitet, falsitet, falsitet.<\/p>\n<p>Pra t\u00eb gjitha k\u00ebto k\u00ebrkon t\u2019u v\u00ebr\u00eb perde ju. Tallet me ju, tallet me shqiptar\u00ebt, merr daullen, i bie daulles.<\/p>\n<p>Gjen edhe Noizin me Lamborghini.<\/p>\n<p>Po Lamborghini i Noizit nuk \u00ebsht\u00eb pensione, nuk \u00ebsht\u00eb rroga. Ai ta g\u00ebzoj\u00eb, po \u00e7\u2019pun\u00eb ka pensionisti me t\u00eb, apo si ta mashtroj\u00eb?<\/p>\n<p>Po \u00e7\u2019pun\u00eb ka i s\u00ebmuri q\u00eb vdes p\u00ebr ila\u00e7e?<\/p>\n<p>Historia ka qen\u00eb e hidhur.<\/p>\n<p>Edhe Kamala mori t\u00eb gjith\u00eb Hollivudin me vete, po p\u00ebrfundoi atje ku e meritonte.<\/p>\n<p>\u00c7far\u00eb i mendon ky shqiptar\u00ebt? Qenie primitive, njer\u00ebz t\u00eb pap\u00ebrgjegjsh\u00ebm? Njer\u00ebz q\u00eb mund t\u2019i mashtroj\u00eb.<\/p>\n<p>Kurr\u00ebn e kurr\u00ebs nuk jan\u00eb t\u00eb till\u00eb shqiptar\u00ebt, nuk jan\u00eb t\u00eb tilla grat\u00eb, n\u00ebnat, motrat, vajzat tona.<\/p>\n<p>Ndaj dhe 11 Maji \u00ebsht\u00eb dita e qytetarit.<\/p>\n<p>\u00cbsht\u00eb ora e v\u00ebrtet\u00eb e tij.<\/p>\n<p>E men\u00e7uris\u00eb, e dinjitetit, e krenaris\u00eb s\u00eb tij, e shpres\u00ebs, e besimit tek e ardhmja.<\/p>\n<p>Votoni njishin.<\/p>\n<p>T\u00eb gjith\u00eb jeni njisha.<\/p>\n<p>Rrofshi ju, rroft\u00eb Peqini, rroft\u00eb Shqip\u00ebria!<\/p>\n","protected":false},"excerpt":{"rendered":"<p>Kryetari i PD, Sali Berisha teksa komentoi \u2018luksin\u2019 e shfrenuar t\u00eb artist\u00ebve q\u00eb po ndjekin Ram\u00ebn nga pas, si\u00e7 ishte rasti i\u00a0Noizy-t n\u00eb Dib\u00ebr, nga Peqini tha se makina e tij luksoze, nuk \u00ebsht\u00eb rroga dhe pensione p\u00ebr qytetar\u00ebt dhe pensionist\u00ebt. Duke folur n\u00eb takimin p\u00ebrmbyll\u00ebs n\u00eb Peqin, Berisha nd\u00ebrsa solli n\u00eb v\u00ebmendje gar\u00ebn presidenciale &hellip;<\/p>\n","protected":false},"author":4,"featured_media":112627,"comment_status":"closed","ping_status":"closed","sticky":false,"template":"","format":"standard","meta":{"footnotes":""},"categories":[37],"tags":[],"class_list":["post-112626","post","type-post","status-publish","format-standard","has-post-thumbnail","","category-politike"],"_links":{"self":[{"href":"https:\/\/rdnews.al\/index.php\/wp-json\/wp\/v2\/posts\/112626","targetHints":{"allow":["GET"]}}],"collection":[{"href":"https:\/\/rdnews.al\/index.php\/wp-json\/wp\/v2\/posts"}],"about":[{"href":"https:\/\/rdnews.al\/index.php\/wp-json\/wp\/v2\/types\/post"}],"author":[{"embeddable":true,"href":"https:\/\/rdnews.al\/index.php\/wp-json\/wp\/v2\/users\/4"}],"replies":[{"embeddable":true,"href":"https:\/\/rdnews.al\/index.php\/wp-json\/wp\/v2\/comments?post=112626"}],"version-history":[{"count":1,"href":"https:\/\/rdnews.al\/index.php\/wp-json\/wp\/v2\/posts\/112626\/revisions"}],"predecessor-version":[{"id":112628,"href":"https:\/\/rdnews.al\/index.php\/wp-json\/wp\/v2\/posts\/112626\/revisions\/112628"}],"wp:featuredmedia":[{"embeddable":true,"href":"https:\/\/rdnews.al\/index.php\/wp-json\/wp\/v2\/media\/112627"}],"wp:attachment":[{"href":"https:\/\/rdnews.al\/index.php\/wp-json\/wp\/v2\/media?parent=112626"}],"wp:term":[{"taxonomy":"category","embeddable":true,"href":"https:\/\/rdnews.al\/index.php\/wp-json\/wp\/v2\/categories?post=112626"},{"taxonomy":"post_tag","embeddable":true,"href":"https:\/\/rdnews.al\/index.php\/wp-json\/wp\/v2\/tags?post=112626"}],"curies":[{"name":"wp","href":"https:\/\/api.w.org\/{rel}","templated":true}]}}