{"id":112633,"date":"2025-05-03T10:12:13","date_gmt":"2025-05-03T10:12:13","guid":{"rendered":"https:\/\/rdnews.al\/?p=112633"},"modified":"2025-05-03T10:12:13","modified_gmt":"2025-05-03T10:12:13","slug":"kreu-i-pd-peqin-mos-lejoni-qe-apatia-apo-perfitimet-per-nje-vend-pune-tiu-ndalojne-per-te-votuar","status":"publish","type":"post","link":"https:\/\/rdnews.al\/index.php\/2025\/05\/03\/kreu-i-pd-peqin-mos-lejoni-qe-apatia-apo-perfitimet-per-nje-vend-pune-tiu-ndalojne-per-te-votuar\/","title":{"rendered":"Kreu i PD Peqin: Mos lejoni q\u00eb apatia apo p\u00ebrfitimet p\u00ebr nj\u00eb vend pune, t\u2019iu ndalojn\u00eb p\u00ebr t\u00eb votuar!"},"content":{"rendered":"<p>Kryetari i Deg\u00ebs s\u00eb PD, Peqin, Armand Kurti n\u00eb takimin p\u00ebrmbyll\u00ebs t\u00eb fushat\u00ebs elektorale n\u00eb k\u00ebt\u00eb qytet u shpreh se Peqni \u00ebsht\u00eb tkurrur ndjesh\u00ebm n\u00eb rang popullsie, duke b\u00ebr\u00eb q\u00eb t\u00eb braktiset nga qytetar\u00ebt e tij.<\/p>\n<p>Shkak p\u00ebr k\u00ebt\u00eb, theksoi Kurti, \u00ebsht\u00eb mungesa e investimeve dhe mund\u00ebsia e nj\u00eb jet\u00eb m\u00eb t\u00eb mir\u00eb, n\u00eb qytetin e vog\u00ebl n\u00eb zem\u00ebr t\u00eb Shqip\u00ebris\u00eb, ashtu sikurse nj\u00eb pasoj\u00eb e nj\u00eb arrogance qeveris\u00ebse q\u00eb mendon vet\u00ebm si t\u00eb pasurohet.<\/p>\n<p>Kurti u k\u00ebrkoi jo vet\u00ebm qytetar\u00ebve t\u00eb Peqinit t\u00eb votojn\u00eb m\u00eb 11 maj ndryshimin, por t\u00eb gjith\u00eb shqiptar\u00ebve, pasi me PD n\u00eb pushtet dhe si forc\u00eb udh\u00ebheq\u00ebse, Shqip\u00ebria do t\u00eb njoh\u00eb zhvillim dhe m\u00eb shum\u00eb investime n\u00eb infrastruktur\u00eb, arsim e sh\u00ebndet\u00ebsi, ashtu sikurse mb\u00ebshtetje p\u00ebr fermer\u00ebt e blegtor\u00ebt.<\/p>\n<p>\u201cPeqini s\u2019\u00ebsht\u00eb thjesht qyteti i vog\u00ebl, \u00ebsht\u00eb zemra e familjeve t\u00eb ndershme q\u00eb punojn\u00eb me sakrific\u00eb p\u00ebr t\u00eb jetuar. Peqini vijon e braktiset. M\u00eb 2011 ishin 26 mij\u00eb banor\u00eb, m\u00eb 2023 ishin 16 mij\u00eb banor\u00eb, ne kemi humbur rreth 40% \u00a0t\u00eb popullat\u00ebs s\u00eb Peqinit.<\/p>\n<p>N\u00eb nj\u00eb qytet pa investime, ku ka m\u00eb shum\u00eb kompani nd\u00ebrtimi t\u00eb drejtuesve t\u00eb bashkis\u00eb se sa inxhinier\u00eb t\u00eb bashkis\u00eb. Mungon tregu dhe grumbullimi i vajit t\u00eb ullirit.<\/p>\n<p>T\u00eb rinjt\u00eb largohen nga Peqini, pasi nuk shohin mund\u00ebsi. \u00cbsht\u00eb pasoj\u00eb e nj\u00eb qeverie q\u00eb mendon p\u00ebr veten dhe nj\u00eb administrate q\u00eb i sh\u00ebrben partis\u00eb shtet. Beteja p\u00ebr nj\u00eb Shqip\u00ebri q\u00eb secili meriton t\u00eb jetoj\u00eb. PD vjen me vizion e program t\u00eb qart\u00eb. Mb\u00ebshtetje p\u00ebr fermer\u00ebt, arsim, sh\u00ebndet\u00ebsi dhe q\u00eb u sh\u00ebrben interesave t\u00eb qytetarit dhe jo konjekturave t\u00eb kryetarit t\u00eb partis\u00eb. Zgjedhjet po vijn\u00eb, jan\u00eb mund\u00ebsi p\u00ebr ne. Mos lejoni q\u00eb apatia apo p\u00ebrfitimet t\u2019ju ndalojn\u00eb p\u00ebr t\u00eb votuar t\u00eb ardhmen tuaj. T\u00eb jemi ne z\u00ebri i ndryshimit dhe ta b\u00ebjm\u00eb PD forc\u00eb fituese, votoni ndryshimin m\u00eb 11 maj\u201d, tha Kurti.<\/p>\n","protected":false},"excerpt":{"rendered":"<p>Kryetari i Deg\u00ebs s\u00eb PD, Peqin, Armand Kurti n\u00eb takimin p\u00ebrmbyll\u00ebs t\u00eb fushat\u00ebs elektorale n\u00eb k\u00ebt\u00eb qytet u shpreh se Peqni \u00ebsht\u00eb tkurrur ndjesh\u00ebm n\u00eb rang popullsie, duke b\u00ebr\u00eb q\u00eb t\u00eb braktiset nga qytetar\u00ebt e tij. Shkak p\u00ebr k\u00ebt\u00eb, theksoi Kurti, \u00ebsht\u00eb mungesa e investimeve dhe mund\u00ebsia e nj\u00eb jet\u00eb m\u00eb t\u00eb mir\u00eb, n\u00eb qytetin &hellip;<\/p>\n","protected":false},"author":4,"featured_media":112634,"comment_status":"closed","ping_status":"closed","sticky":false,"template":"","format":"standard","meta":{"footnotes":""},"categories":[37],"tags":[],"class_list":["post-112633","post","type-post","status-publish","format-standard","has-post-thumbnail","","category-politike"],"_links":{"self":[{"href":"https:\/\/rdnews.al\/index.php\/wp-json\/wp\/v2\/posts\/112633","targetHints":{"allow":["GET"]}}],"collection":[{"href":"https:\/\/rdnews.al\/index.php\/wp-json\/wp\/v2\/posts"}],"about":[{"href":"https:\/\/rdnews.al\/index.php\/wp-json\/wp\/v2\/types\/post"}],"author":[{"embeddable":true,"href":"https:\/\/rdnews.al\/index.php\/wp-json\/wp\/v2\/users\/4"}],"replies":[{"embeddable":true,"href":"https:\/\/rdnews.al\/index.php\/wp-json\/wp\/v2\/comments?post=112633"}],"version-history":[{"count":1,"href":"https:\/\/rdnews.al\/index.php\/wp-json\/wp\/v2\/posts\/112633\/revisions"}],"predecessor-version":[{"id":112635,"href":"https:\/\/rdnews.al\/index.php\/wp-json\/wp\/v2\/posts\/112633\/revisions\/112635"}],"wp:featuredmedia":[{"embeddable":true,"href":"https:\/\/rdnews.al\/index.php\/wp-json\/wp\/v2\/media\/112634"}],"wp:attachment":[{"href":"https:\/\/rdnews.al\/index.php\/wp-json\/wp\/v2\/media?parent=112633"}],"wp:term":[{"taxonomy":"category","embeddable":true,"href":"https:\/\/rdnews.al\/index.php\/wp-json\/wp\/v2\/categories?post=112633"},{"taxonomy":"post_tag","embeddable":true,"href":"https:\/\/rdnews.al\/index.php\/wp-json\/wp\/v2\/tags?post=112633"}],"curies":[{"name":"wp","href":"https:\/\/api.w.org\/{rel}","templated":true}]}}