{"id":112644,"date":"2025-05-03T11:31:11","date_gmt":"2025-05-03T11:31:11","guid":{"rendered":"https:\/\/rdnews.al\/?p=112644"},"modified":"2025-05-03T11:31:11","modified_gmt":"2025-05-03T11:31:11","slug":"berisha-ne-gramsh-rruget-kane-mbetur-sic-i-lame-ne-vitin-2013-shendetesia-eshte-kthyer-si-ne-vitin-1960","status":"publish","type":"post","link":"https:\/\/rdnews.al\/index.php\/2025\/05\/03\/berisha-ne-gramsh-rruget-kane-mbetur-sic-i-lame-ne-vitin-2013-shendetesia-eshte-kthyer-si-ne-vitin-1960\/","title":{"rendered":"Berisha n\u00eb Gramsh: Rrug\u00ebt kan\u00eb mbetur si\u00e7 i lam\u00eb n\u00eb vitin 2013, sh\u00ebndet\u00ebsia \u00ebsht\u00eb kthyer si n\u00eb vitin 1960"},"content":{"rendered":"<p>Kryetari i PD, Sali Berisha u shpreh nga Gramshi se, ky qytet ka nevoj\u00eb p\u00ebr nj\u00eb nd\u00ebrhyrje emergjente.<\/p>\n<p>Gjat\u00eb fjal\u00ebs s\u00eb tij p\u00ebrpara qytetar\u00ebve, Berisha tha se, n\u00eb Gramsh, rrug\u00ebt kan\u00eb mbetur t\u00eb nj\u00ebjta si\u00e7 qeverisja demokrate i la, nd\u00ebrsa shtoi se sh\u00ebndet\u00ebsia \u00ebsht\u00eb kthyer si n\u00eb vitin 1960.<\/p>\n<p><em>Ai premtoi se, qeveria q\u00eb zgjidhet nga populli, e ka detyrim absolut, kushtetues, ligjor, q\u00eb parat\u00eb e buxhetit t\u2019ua kthej\u00eb qytetar\u00ebve rroga dhe pensione. Arsim, sh\u00ebndeti, etj me radh\u00eb<\/em>.<\/p>\n<p>\u201cT\u00eb dashur qytetare dhe qytetar\u00eb t\u00eb Gramshit, banor\u00eb t\u00eb mrekulluesh\u00ebm t\u00eb k\u00ebtij rrethi, nj\u00eb p\u00ebrsh\u00ebndetje t\u00eb p\u00ebrzem\u00ebrt ju q\u00eb jeni sot n\u00eb k\u00ebt\u00eb takim dhe t\u00eb gjith\u00eb banor\u00ebve t\u00eb k\u00ebtij rrethi kudo q\u00eb jan\u00eb sot, n\u00eb Gramsh, n\u00eb Shqip\u00ebri dhe jasht\u00eb vendit.<\/p>\n<p>I p\u00ebrsh\u00ebndes dhe p\u00ebrulem me nderim t\u00eb madh para tyre.<\/p>\n<p>I dashur zoti Tomorr Alizoti, udh\u00ebheq\u00ebs politik p\u00ebr qarkun e Elbasanit, i dashur kryetar PD p\u00ebr Gramshin, zoti Kodheli, kryetar\u00eb t\u00eb deg\u00ebve t\u00eb tjera, t\u00eb dashur kandidat\u00eb p\u00ebr deputet\u00eb, i dashur tenori yn\u00eb i madh, Armardo Kllogjeri, jeni krenari p\u00ebr Gramshin, Elbasanin dhe mbar\u00eb vendin.<\/p>\n<p>T\u00eb dashur miq, vij k\u00ebtu tek ju me nj\u00eb ndjenj\u00eb t\u00eb thell\u00eb keqardhje dhe Kodheli e tha bukur, Gramshi \u00ebsht\u00eb nj\u00eb emergjenc\u00eb.<\/p>\n<p>Un\u00eb e njoh jo pak k\u00ebt\u00eb vend, por e v\u00ebrteta \u00ebsht\u00eb se Gramshi si asnj\u00eb rreth tjet\u00ebr ka nevojat m\u00eb emergjente.<\/p>\n<p>Para se t\u00eb vija k\u00ebtu, nj\u00eb mik i imi, Besnik Kala, m\u00eb b\u00ebn nj\u00eb mesazh, m\u00eb thot\u00eb: Rruga e Kodoviatit mbeti aty ku e lat\u00eb n\u00eb vitin 2013.<\/p>\n<p>Jan\u00eb me dhjet\u00ebra fshatra t\u00eb cilat as rrug\u00ebt e qerreve nuk i kan\u00eb m\u00eb si\u00e7 i kan\u00eb pasur.<\/p>\n<p>Nd\u00ebrkoh\u00eb Gramshi n\u00eb t\u00eb v\u00ebrtet\u00eb \u00ebsht\u00eb nj\u00eb rreth me pasuri shum\u00eb t\u00eb m\u00ebdha.<\/p>\n<p>\u00cbsht\u00eb nj\u00eb rreth me njer\u00ebz shum\u00eb pun\u00ebtor\u00eb, t\u00eb p\u00ebrkushtuar.<\/p>\n<p>\u00cbsht\u00eb nj\u00eb rreth n\u00eb t\u00eb cilin \u00ebsht\u00eb nj\u00eb kopsht i v\u00ebrtet\u00eb me dru frutor\u00eb. T\u00eb gjitha pem\u00ebt rriten dhe t\u00eb cil\u00ebsis\u00eb m\u00eb t\u00eb mir\u00eb.<\/p>\n<p>\u00cbsht\u00eb nj\u00eb rreth me potencial malor t\u00eb madh turistik.<\/p>\n<p>\u00cbsht\u00eb nj\u00eb rreth q\u00eb sot ka nj\u00eb nga liqenet m\u00eb t\u00eb bukura, liqenin e Banj\u00ebs.<\/p>\n<p>Por t\u00eb gjitha k\u00ebto potenciale t\u00eb m\u00ebdha nuk i g\u00ebzojn\u00eb gramshiot\u00ebt, nuk shnd\u00ebrrohen n\u00eb pasuri p\u00ebr familjet dhe banor\u00ebt e Gramshit.<\/p>\n<p>T\u00eb gjitha k\u00ebto pasuri nuk begatojn\u00eb familjet n\u00eb Gramsh dhe qytetar\u00ebt, por i detyrojn\u00eb vet\u00ebm t\u00eb largohen.<\/p>\n<p>Nga 50 mij\u00eb banor\u00eb, Gramshi sot ka gjithsej 16 mij\u00eb.<\/p>\n<p>Si\u00e7 ka infrastruktur\u00ebn, Gramshi ka infrastruktur\u00ebn e arsimit, infrastruktur\u00ebn e sh\u00ebndet\u00ebsis\u00eb.<\/p>\n<p>K\u00ebtu para dy vitesh nj\u00eb mjeke e nderuar m\u00eb tha se ishte mjeke n\u00eb nj\u00eb zon\u00eb me 8 mij\u00eb banor\u00eb n\u00eb fshatra. Nj\u00eb heroin\u00eb e v\u00ebrtet\u00eb sepse mjek\u00ebt ik\u00ebn, ik\u00ebn dhe vet\u00ebm ik\u00ebn.<\/p>\n<p>Sot ne kemi zbritur si vend n\u00eb nivelin e vitit 1960 p\u00ebr mjek\u00eb p\u00ebr num\u00ebr banor\u00ebsh. Kemi kat\u00ebr her\u00eb m\u00eb pak se BE.<\/p>\n<p>Pra, kan\u00eb qen\u00eb 12 vite rrokullisje t\u00eb v\u00ebrtet\u00eb.<\/p>\n<p>N\u00eb vitin 2013 pensionisti n\u00eb Gramsh merrte pak, por merrte m\u00eb shum\u00eb se pensionisti m\u00eb Maqedoni, Serbi, Mal t\u00eb Zi, Rumani dhe Bullgari.<\/p>\n<p>N\u00eb vitin 2013, rrog\u00ebul\u00ebti n\u00eb Gramsh merrte pak, por prap\u00eb merrte m\u00eb shum\u00eb se sa rrog\u00ebul\u00ebti n\u00eb Maqedoni, Serbi, Mal t\u00eb Zi, Rumani dhe Bullgari.<\/p>\n<p>N\u00eb vitin 2013, rumun\u00ebt kishin nj\u00eb rrog\u00eb prej 167 eurosh, kurse shqiptar\u00eb kishin nj\u00eb rrog\u00eb minimale 220 euro. Sot rumuni ka nj\u00eb rrog\u00eb minimale 800 euro. Sot malazezi q\u00eb kishte nj\u00eb pension 138 mij\u00eb lek\u00eb, ka nj\u00eb pension 450 mij\u00eb lek\u00eb.<\/p>\n<p>Sot serbi q\u00eb kishte nj\u00eb pension 140 mij\u00eb lek\u00eb, ka nj\u00eb pension 405 mij\u00eb lek\u00eb.<\/p>\n<p>Sot maqedonasi q\u00eb kishte nj\u00eb pension 130 e ca mij\u00eb lek\u00eb, ka nj\u00eb pension 390 mij\u00eb lek\u00eb.<\/p>\n<p>\u00c7far\u00eb ndodhi miqt\u00eb e mi? Injorim i plot\u00eb dhe posht\u00ebrim i pensionist\u00ebve dhe qytetar\u00ebve.<\/p>\n<p>Por mos harroni nj\u00eb gj\u00eb tjet\u00ebr q\u00eb \u00ebsht\u00eb akoma m\u00eb tmerrshme. N\u00eb qoft\u00eb se n\u00eb vitin 2013, blije p\u00ebr shkak t\u00eb \u00e7mimeve, dy her\u00eb e gjysm\u00eb m\u00eb shum\u00eb se sot.<\/p>\n<p>Inflacioni i ka rritur \u00e7mimet e ushqimeve 250 p\u00ebrqind.<\/p>\n<p>Dhe p\u00ebr t\u00eb p\u00ebrballuar k\u00ebt\u00eb rritje t\u00eb \u00e7mimeve, pensionisti duhej t\u00eb kishte pensionin 390 mij\u00eb lek\u00eb sot. Kjo \u00ebsht\u00eb e v\u00ebrteta.<\/p>\n<p>Pse malazezi kalon nga 138 mij\u00eb lek\u00eb n\u00eb 450 mij\u00eb lek\u00eb?<\/p>\n<p>Sepse qeveria q\u00eb zgjidhet nga populli, e ka detyrim absolut, kushtetues, ligjor, q\u00eb parat\u00eb e buxhetit t\u2019ua kthej\u00eb qytetar\u00ebve rroga dhe pensione. Arsim, sh\u00ebndeti, etj me radh\u00eb.<\/p>\n<p>Kurse k\u00ebta \u00e7far\u00eb b\u00ebjn\u00eb k\u00ebta?<\/p>\n<p>K\u00ebta kan\u00eb vjedhur miliarda nga rrogat dhe pensionet tuaja o miq.<\/p>\n<p>K\u00ebta i kan\u00eb kaluar n\u00eb rrug\u00eb, t\u00eb cilat i nd\u00ebrtojn\u00eb me \u00e7mime 10 her\u00eb m\u00eb t\u00eb larta se n\u00eb Europ\u00eb.<\/p>\n<p>Para tre vitesh n\u00eb Kroaci, kush t\u00eb doj\u00eb t\u00eb k\u00ebrkoj\u00eb n\u00eb Google, autostrada Manastir-Bjeliosek, kushtoi 1.6 milion\u00eb euro kilometri.<\/p>\n<p>Kurse k\u00ebtu Rruga e Arbrit kushtoi 11 milion\u00eb euro kilometri.<\/p>\n<p>Ajo 27 metra e gjer\u00eb, kushtoi 1.6 milion\u00eb euro, kjo 10 metra e gjer\u00eb, kushtoi 11 milion\u00eb euro.<\/p>\n<p>Rruga tjet\u00ebr, 20 milion\u00eb euro. Unaza e Tiran\u00ebs, 17 milion\u00eb euro.<\/p>\n<p>K\u00ebta nuk ua japin pensione, nuk ua japin rruga, k\u00ebta i kalojn\u00eb tek rrug\u00ebt dhe i vjedhin n\u00eb m\u00ebnyr\u00eb t\u00eb \u00e7mendur dhe t\u00eb pap\u00ebrmbajtur.<\/p>\n<p>Por ka edhe m\u00eb keq, k\u00ebta prokurojn\u00eb nd\u00ebrtimin e djeg\u00ebsit e Tiran\u00ebs 130 milion\u00eb euro dhe djeg\u00ebsi nuk ka as nam e as nishan.<\/p>\n<p>Miq, isha n\u00eb Kongresin e PPE, ngjarja m\u00eb e madhe politike vjetore e Europ\u00ebs. I pranish\u00ebm kancelari gjerman dhe presidentja e KE. Kur un\u00eb u shpjegoja zhdukjen e djeg\u00ebsit t\u00eb Tiran\u00ebs, nuk mbeti njeri q\u00eb nuk i binte ballit. Nuk mbeti njeri q\u00eb nuk u detyrova t\u2019ia shpjegoj tre her\u00eb se dilte jasht\u00eb \u00e7do imagjinate.<\/p>\n<p>Por un\u00eb e b\u00ebra k\u00ebt\u00eb. U mbrojta ju.<\/p>\n<p>E b\u00ebra k\u00ebt\u00eb p\u00ebr t\u00eb mbrojtur \u00e7do shqiptar nga k\u00ebta hajdut\u00eb pa moral\u201d, u shpreh Berisha.<\/p>\n","protected":false},"excerpt":{"rendered":"<p>Kryetari i PD, Sali Berisha u shpreh nga Gramshi se, ky qytet ka nevoj\u00eb p\u00ebr nj\u00eb nd\u00ebrhyrje emergjente. Gjat\u00eb fjal\u00ebs s\u00eb tij p\u00ebrpara qytetar\u00ebve, Berisha tha se, n\u00eb Gramsh, rrug\u00ebt kan\u00eb mbetur t\u00eb nj\u00ebjta si\u00e7 qeverisja demokrate i la, nd\u00ebrsa shtoi se sh\u00ebndet\u00ebsia \u00ebsht\u00eb kthyer si n\u00eb vitin 1960. Ai premtoi se, qeveria q\u00eb zgjidhet &hellip;<\/p>\n","protected":false},"author":4,"featured_media":112645,"comment_status":"closed","ping_status":"closed","sticky":false,"template":"","format":"standard","meta":{"footnotes":""},"categories":[37],"tags":[],"class_list":["post-112644","post","type-post","status-publish","format-standard","has-post-thumbnail","","category-politike"],"_links":{"self":[{"href":"https:\/\/rdnews.al\/index.php\/wp-json\/wp\/v2\/posts\/112644","targetHints":{"allow":["GET"]}}],"collection":[{"href":"https:\/\/rdnews.al\/index.php\/wp-json\/wp\/v2\/posts"}],"about":[{"href":"https:\/\/rdnews.al\/index.php\/wp-json\/wp\/v2\/types\/post"}],"author":[{"embeddable":true,"href":"https:\/\/rdnews.al\/index.php\/wp-json\/wp\/v2\/users\/4"}],"replies":[{"embeddable":true,"href":"https:\/\/rdnews.al\/index.php\/wp-json\/wp\/v2\/comments?post=112644"}],"version-history":[{"count":1,"href":"https:\/\/rdnews.al\/index.php\/wp-json\/wp\/v2\/posts\/112644\/revisions"}],"predecessor-version":[{"id":112646,"href":"https:\/\/rdnews.al\/index.php\/wp-json\/wp\/v2\/posts\/112644\/revisions\/112646"}],"wp:featuredmedia":[{"embeddable":true,"href":"https:\/\/rdnews.al\/index.php\/wp-json\/wp\/v2\/media\/112645"}],"wp:attachment":[{"href":"https:\/\/rdnews.al\/index.php\/wp-json\/wp\/v2\/media?parent=112644"}],"wp:term":[{"taxonomy":"category","embeddable":true,"href":"https:\/\/rdnews.al\/index.php\/wp-json\/wp\/v2\/categories?post=112644"},{"taxonomy":"post_tag","embeddable":true,"href":"https:\/\/rdnews.al\/index.php\/wp-json\/wp\/v2\/tags?post=112644"}],"curies":[{"name":"wp","href":"https:\/\/api.w.org\/{rel}","templated":true}]}}