{"id":112649,"date":"2025-05-03T11:47:26","date_gmt":"2025-05-03T11:47:26","guid":{"rendered":"https:\/\/rdnews.al\/?p=112649"},"modified":"2025-05-03T11:47:26","modified_gmt":"2025-05-03T11:47:26","slug":"berisha-gramshi-do-jete-prioriteti-im-kryesor-70-milione-euro-do-investohen-per-rruge-vaditje-kullim-dhe-mirembajtje-te-tokes","status":"publish","type":"post","link":"https:\/\/rdnews.al\/index.php\/2025\/05\/03\/berisha-gramshi-do-jete-prioriteti-im-kryesor-70-milione-euro-do-investohen-per-rruge-vaditje-kullim-dhe-mirembajtje-te-tokes\/","title":{"rendered":"Berisha: Gramshi do jet\u00eb prioriteti im kryesor! 70 milion\u00eb euro do investohen p\u00ebr rrug\u00eb, vaditje, kullim dhe mir\u00ebmbajtje t\u00eb tok\u00ebs"},"content":{"rendered":"<p>Kryetari i PD, Sali Berisha ka garantuar qytetar\u00ebt e Gramshit, se do t\u00eb jen\u00eb prioriteti kryesor n\u00ebn qeverisjen e PD.<\/p>\n<p>Duke folur n\u00eb takimin p\u00ebrmbyll\u00ebs t\u00eb fushat\u00ebs elektorale, Berisha tha se 70 milion\u00eb euro do investohen \u00e7do vit p\u00ebr rrug\u00eb, vaditje, kullim dhe mir\u00ebmbajtje t\u00eb tok\u00ebs.<\/p>\n<p>Berisha tha se, n\u00eb 4 vitet q\u00eb vijn\u00eb u garantoj \u00e7do gj\u00eb q\u00eb rrezet e diellit t\u2019i shnd\u00ebrrojm\u00eb n\u00eb energji p\u00ebr familjet shqiptare, n\u00eb m\u00ebnyr\u00eb q\u00eb pas tre vitesh ata ta ken\u00eb falas energjin\u00eb elektrike.<\/p>\n<p>\u201cNdaj dhe ne kemi parat\u00eb qytetar\u00ebve.<\/p>\n<p>Do t\u2019u kthejm\u00eb parat\u00eb ju dhe n\u00eb k\u00ebt\u00eb kontekst zotohem se nuk do ket\u00eb pension n\u00ebn 200 euro 100 dit\u00ebt e para t\u00eb qeveris\u00eb s\u00eb ardhshme.<\/p>\n<p>Minimumi jetik 200 euro p\u00ebr \u00e7do shqiptar.<\/p>\n<p>Rrog\u00eb minimale 500 euro.<\/p>\n<p>Nafta do zbres\u00eb 40 p\u00ebrqind p\u00ebr \u00e7do shqiptar.<\/p>\n<p>Ila\u00e7et do rimbursohen 100 p\u00ebrqind sipas list\u00ebs s\u00eb ila\u00e7eve t\u00eb republik\u00ebs italiane.<\/p>\n<p>Karta e konsumatorit p\u00ebr \u00e7do rrog\u00ebul\u00ebt dhe pensionist, do blejn\u00eb 20 p\u00ebrqind m\u00eb lir\u00eb se t\u00eb tjer\u00ebt.<\/p>\n<p>Po, do i fshijm\u00eb ne nj\u00ebher\u00eb e mir\u00eb lot\u00ebt e ftohta t\u00eb mjerimit nga pensionist\u00ebt tan\u00eb.<\/p>\n<p>K\u00ebta tejkalojn\u00eb \u00e7do lloj kriteri, \u00e7do lloj ndjenje, \u00e7do lloj standardi.<\/p>\n<p>Kishte 8 miliard\u00eb n\u00eb tavolin\u00eb dhe ndau p\u00ebr 760 mij\u00eb pensionist\u00eb, 16 milion\u00eb euro.<\/p>\n<p>Gj\u00ebja m\u00eb e pashpirt.<\/p>\n<p>Po p\u00ebr t\u00eb rritur rrogat, p\u00ebr t\u00eb b\u00ebr\u00eb nj\u00eb rrog\u00ebtar me rrog\u00eb maksimale me nj\u00eb rrog\u00eb maksimale sa 50 pensione, nuk ka vend n\u00eb bot\u00eb, p\u00ebrve\u00e7 Shqip\u00ebris\u00eb.<\/p>\n<p>K\u00ebto jan\u00eb \u00e7njer\u00ebzi dhe k\u00ebto ne i fshijm\u00eb 100 dit\u00ebt e para dhe i arkivojm\u00eb n\u00eb historin\u00eb e turpit t\u00eb atyre q\u00eb krijuan k\u00ebt\u00eb situat\u00eb.<\/p>\n<p>Miqt\u00eb e mi, kthehem prap\u00eb tek Kodheli. Tha se Gramshi \u00ebsht\u00eb emergjenc\u00eb.<\/p>\n<p>Po, \u00ebsht\u00eb v\u00ebrtet emergjenc\u00eb. N\u00eb t\u00eb gjitha rrethet q\u00eb di un\u00eb, Gramshi \u00ebsht\u00eb m\u00eb emergjence se t\u00eb tjerat sepse Gramshi i ka potencialet e bllokuara. Nuk ka rrug\u00eb, nuk ka uj\u00eb, nuk ka energji elektrike.<\/p>\n<p>Ndaj u garantoj, e kam shpallur p\u00ebrpar\u00ebsi absolute bajpasin e Elbasanit, rrug\u00ebn Shkod\u00ebr-Milot.<\/p>\n<p>Kurse si do garantoj se Gramshi do jet\u00eb p\u00ebrpar\u00ebsi absolute.<\/p>\n<p>Me Armaldon t\u00eb gjith\u00eb projektet me p\u00ebrpar\u00ebsi me emergjenc\u00eb.<\/p>\n<p>Po ky \u00ebsht\u00eb nj\u00eb rreth me potencial t\u00eb jasht\u00ebzakonsh\u00ebm, sidomos n\u00eb frutikultur\u00eb dhe \u00ebsht\u00eb krim ta zhb\u00ebsh Gramshin.<\/p>\n<p>Fermer\u00ebt e Gramshit do ken\u00eb pes\u00ebfishin e subvencioneve q\u00eb kan\u00eb sot.<\/p>\n<p>Sot 380 mij\u00eb fermer\u00eb t\u00eb Shqip\u00ebris\u00eb kan\u00eb subvencion 32 milion\u00eb euro. 32 milion\u00eb her\u00eb turp p\u00ebr Edi Ram\u00ebn.<\/p>\n<p>32 milion\u00eb euro, pun\u00ebsojn\u00eb rreth 500 mij\u00eb shqiptar\u00eb, japin rreth 20 p\u00ebrqind t\u00eb prodhimit t\u00eb vendit.<\/p>\n<p>At\u00ebher\u00eb \u00e7far\u00eb do b\u00ebjm\u00eb ne?<\/p>\n<p>Ne nga 32 milion\u00eb do i \u00e7ojm\u00eb n\u00eb 230 milion\u00eb, do i barazojm\u00eb me Maqedonin\u00eb, me Kosov\u00ebn, me Malin e Zi.<\/p>\n<p>Tjet\u00ebr, ne do mbrojm\u00eb prodhimet e tyre.<\/p>\n<p>Prodhimet e fermer\u00ebve shqiptar\u00eb n\u00eb sezon do mbrohen plot\u00ebsisht.<\/p>\n<p>Ballkani i Hapur n\u00eb kosh t\u00eb plehrave jav\u00ebn e par\u00eb.<\/p>\n<p>Ne njohim vet\u00ebm standardet europiane.<\/p>\n<p>Ja ku jan\u00eb, buz\u00eb liqenit pa vaditje. Po pse do rrin\u00eb ata? Do ikin.<\/p>\n<p>Mbi uj\u00eb, por uj\u00eb nuk kan\u00eb.<\/p>\n<p>70 milion\u00eb euro do investohen \u00e7do vit p\u00ebr vaditje, kullim dhe mir\u00ebmbajtje t\u00eb tok\u00ebs.<\/p>\n<p>Do dyfishohet buxheti p\u00ebr bujq\u00ebsin\u00eb.<\/p>\n<p>Do ulen taksat nga 23 p\u00ebrqind n\u00eb 10 p\u00ebrqind tatim fitimi.<\/p>\n<p>TVSH do ulet nga 20 n\u00eb 15 p\u00ebrqind.<\/p>\n<p>Energjia elektrike p\u00ebr biznesin do ulet nga 18 n\u00eb 6 lek\u00eb.<\/p>\n<p>Nuk do mundet kurr\u00eb bashkia t\u00eb vendos\u00eb m\u00eb shum\u00eb se 1 p\u00ebrqind t\u00eb xhiros taksa.<\/p>\n<p>T\u00eb gjith\u00eb ata shqiptar\u00eb q\u00eb duan t\u00eb kthehen n\u00eb vendin e tyre, do jen\u00eb 5 vite pa asnj\u00eb taks\u00eb.<\/p>\n<p>Do mb\u00ebshteten me kredi t\u00eb buta dhe grante p\u00ebr strehim, p\u00ebr biznes, n\u00eb m\u00ebnyr\u00eb q\u00eb \u00ebndrrat e tyre t\u2019i nd\u00ebrtojn\u00eb n\u00eb Shqip\u00ebri.<\/p>\n<p>P\u00ebr t\u00eb rinjt\u00eb, do hiqet \u00e7do lloj pengese p\u00ebr shkoll\u00ebn e lart\u00eb. Do hiqet mesatarja. Modernizimi i arsimit \u00ebsht\u00eb synim kryesor.<\/p>\n<p>Nuk do ket\u00eb m\u00ebsues q\u00eb t\u00eb marr\u00eb n\u00ebn 1500 euro.<\/p>\n<p>Mjek\u00ebve dhe infermier\u00ebve do u dyfishohet rroga.<\/p>\n<p>Miqt\u00eb e mi, n\u00eb qoft\u00eb se ka nj\u00eb vend p\u00ebr sip\u00ebrfaqe me potencial energjie se Shqip\u00ebria, nuk ekziston k\u00ebrkund. Ujore, diellore, era, ne n\u00eb 4 vitet q\u00eb vijn\u00eb u garantoj \u00e7do gj\u00eb q\u00eb rrezet e diellit t\u2019i shnd\u00ebrrojm\u00eb n\u00eb energji p\u00ebr familjet shqiptare, n\u00eb m\u00ebnyr\u00eb q\u00eb pas tre vitesh ata ta ken\u00eb falas energjin\u00eb elektrike\u201d, u shpreh Berisha.<\/p>\n","protected":false},"excerpt":{"rendered":"<p>Kryetari i PD, Sali Berisha ka garantuar qytetar\u00ebt e Gramshit, se do t\u00eb jen\u00eb prioriteti kryesor n\u00ebn qeverisjen e PD. Duke folur n\u00eb takimin p\u00ebrmbyll\u00ebs t\u00eb fushat\u00ebs elektorale, Berisha tha se 70 milion\u00eb euro do investohen \u00e7do vit p\u00ebr rrug\u00eb, vaditje, kullim dhe mir\u00ebmbajtje t\u00eb tok\u00ebs. Berisha tha se, n\u00eb 4 vitet q\u00eb vijn\u00eb u &hellip;<\/p>\n","protected":false},"author":4,"featured_media":112651,"comment_status":"closed","ping_status":"closed","sticky":false,"template":"","format":"standard","meta":{"footnotes":""},"categories":[37],"tags":[],"class_list":["post-112649","post","type-post","status-publish","format-standard","has-post-thumbnail","","category-politike"],"_links":{"self":[{"href":"https:\/\/rdnews.al\/index.php\/wp-json\/wp\/v2\/posts\/112649","targetHints":{"allow":["GET"]}}],"collection":[{"href":"https:\/\/rdnews.al\/index.php\/wp-json\/wp\/v2\/posts"}],"about":[{"href":"https:\/\/rdnews.al\/index.php\/wp-json\/wp\/v2\/types\/post"}],"author":[{"embeddable":true,"href":"https:\/\/rdnews.al\/index.php\/wp-json\/wp\/v2\/users\/4"}],"replies":[{"embeddable":true,"href":"https:\/\/rdnews.al\/index.php\/wp-json\/wp\/v2\/comments?post=112649"}],"version-history":[{"count":1,"href":"https:\/\/rdnews.al\/index.php\/wp-json\/wp\/v2\/posts\/112649\/revisions"}],"predecessor-version":[{"id":112652,"href":"https:\/\/rdnews.al\/index.php\/wp-json\/wp\/v2\/posts\/112649\/revisions\/112652"}],"wp:featuredmedia":[{"embeddable":true,"href":"https:\/\/rdnews.al\/index.php\/wp-json\/wp\/v2\/media\/112651"}],"wp:attachment":[{"href":"https:\/\/rdnews.al\/index.php\/wp-json\/wp\/v2\/media?parent=112649"}],"wp:term":[{"taxonomy":"category","embeddable":true,"href":"https:\/\/rdnews.al\/index.php\/wp-json\/wp\/v2\/categories?post=112649"},{"taxonomy":"post_tag","embeddable":true,"href":"https:\/\/rdnews.al\/index.php\/wp-json\/wp\/v2\/tags?post=112649"}],"curies":[{"name":"wp","href":"https:\/\/api.w.org\/{rel}","templated":true}]}}