{"id":112656,"date":"2025-05-03T12:07:57","date_gmt":"2025-05-03T12:07:57","guid":{"rendered":"https:\/\/rdnews.al\/?p=112656"},"modified":"2025-05-03T12:07:57","modified_gmt":"2025-05-03T12:07:57","slug":"gaztore-dhe-gazetare","status":"publish","type":"post","link":"https:\/\/rdnews.al\/index.php\/2025\/05\/03\/gaztore-dhe-gazetare\/","title":{"rendered":"Gaztor\u00eb dhe gazetar\u00eb"},"content":{"rendered":"<p><strong>Nga Lutfi DERVISHI<\/strong><\/p>\n<p>N\u00eb dit\u00ebn nd\u00ebrkomb\u00ebtare t\u00eb Liris\u00eb s\u00eb shtypit duhet kujtuar se sot t\u00eb gjith\u00eb jemi gazetar\u00eb. Kush ka nj\u00eb celular me kamera dhe nj\u00eb sens protagonizmi, n\u00eb mos gazetar \u00ebsht\u00eb gaztor.<\/p>\n<p>Sot \u00ebsht\u00eb dita t\u00eb kujtojm\u00eb q\u00eb jemi n\u00eb nj\u00eb epok\u00eb t\u00eb re. Ashtu si epoka e gurit mbaroi, jo se mbaruan gur\u00ebt, edhe gazetaria q\u00eb ka qen\u00eb, ka mbaruar megjith\u00ebse ka plot let\u00ebr.<\/p>\n<p>Sot nuk ka m\u00eb koh\u00eb q\u00eb ngjarjet t\u00eb verifikohen, analizohen apo redaktohen. Mjafton nj\u00eb \u201clive\u201d pa kontekst, pa p\u00ebrgjegj\u00ebsi, dhe ke krijuar \u201clajmin\u201d.<\/p>\n<p>Nd\u00ebrkoh\u00eb gazetari, ai i v\u00ebrteti q\u00eb kontrollon faktet, verifikon burimet dhe pyet veten para se t\u00eb publikoj\u00eb, sot ngjan si personazh i dal\u00eb nga muzeumi.<\/p>\n<p>Dje lufta ishte mes t\u00eb v\u00ebrtet\u00ebs dhe g\u00ebnjeshtr\u00ebs. Sot, beteja \u00ebsht\u00eb shum\u00eb m\u00eb e pashpres\u00eb: \u00ebsht\u00eb e v\u00ebrteta kund\u00ebr virales, kund\u00ebr emocioneve, kund\u00ebr algoritmit q\u00eb t\u00eb thot\u00eb: m\u00eb ke mua, nuk ka nevoj\u00eb t\u00eb mendosh.<\/p>\n<p>Sot, nuk vlen pyetja: a kam t\u00eb drejt\u00eb t\u00eb flas?, por \u201ca m\u00eb d\u00ebgjon kush?\u201d<\/p>\n<p>N\u00eb k\u00ebt\u00eb kakofoni digjitale, ku secili ka z\u00ebrin e vet, d\u00ebgjohet jo ai q\u00eb ka m\u00eb shum\u00eb p\u00ebr t\u00eb th\u00ebn\u00eb, por ai q\u00eb b\u00ebrtet m\u00eb fort.<\/p>\n<p>Kush verifikon, argumenton, analizon \u00ebsht\u00eb mbrapa kohe.<\/p>\n<p>N\u00ebse dikur media ishte dritarja q\u00eb lidhte qytetarin me bot\u00ebn, ishte filtri q\u00eb pastronte informacionin, sot po b\u00ebhet xhami i tymosur i makin\u00ebs s\u00eb pushtetit, q\u00eb t\u00eb l\u00eb t\u00eb shikosh vet\u00ebm at\u00eb q\u00eb do shoferi!<\/p>\n<p>Sot kemi opinionin si fe dhe faktin si mit. N\u00eb vend q\u00eb faktet t\u00eb formojn\u00eb opinionet, kemi opinione q\u00eb dridhen e p\u00ebrdridhen derisa t\u00eb gjejn\u00eb \u201cfakte\u201d q\u00eb i justifikojn\u00eb. Dhe n\u00ebse faktet nuk gjenden, sajohen. (N\u00eb mos qoft\u00eb, u sajoft\u00eb)<\/p>\n<p>Sot n\u00eb Dit\u00ebn e Liris\u00eb s\u00eb Shtypit, kur pushtetet, (q\u00eb dikur mbaheshin n\u00eb kontroll nga media), raportojn\u00eb vet\u00eb p\u00ebr veten, pyetja q\u00eb lind natyrsh\u00ebm \u00ebsht\u00eb: a ka m\u00eb kuptim profesioni i gazetarit, kur \u00e7dokush \u00ebsht\u00eb \u201cgazetar\u201d?<\/p>\n<p>Pa nj\u00eb media t\u00eb lir\u00eb dhe profesionale, pushteti b\u00ebhet podcaster, kritikat z\u00ebvend\u00ebsohen me batuta, konferencat p\u00ebr shtyp me reels, dhe e v\u00ebrteta me \u201cstory\u201d.<\/p>\n<p>Nj\u00eb vend pa media q\u00eb verifikon e kontrollon \u00ebsht\u00eb si nj\u00eb sht\u00ebpi pa dritare, ku mund t\u00eb mbijetosh p\u00ebr ca koh\u00eb, por do t\u00eb mbytesh nga myku i propagand\u00ebs.<\/p>\n<p>Media mund t\u00eb mbijetoj\u00eb, madje t\u00eb lul\u00ebzoj\u00eb, edhe n\u00eb k\u00ebt\u00eb epok\u00eb algoritmash, por vet\u00ebm n\u00ebse nga garues p\u00ebr v\u00ebmendje, kthehet n\u00eb garantues t\u00eb s\u00eb v\u00ebrtet\u00ebs; vet\u00ebm n\u00ebse b\u00ebn aleanc\u00eb me audienc\u00ebn, jo me politikanin apo karagjoz\u00ebt virtual\u00eb q\u00eb b\u00ebhen viral\u00eb.<\/p>\n<p>Liria e medias nuk \u00ebsht\u00eb status Facebook-u, por \u00ebsht\u00eb sfid\u00eb e p\u00ebrditshme. Sfida e vjet\u00ebr \u00ebsht\u00eb po aq e re: informim, edukim, arg\u00ebtim.<\/p>\n<p>Po, arg\u00ebtimi ka qen\u00eb nj\u00eb nga detyrat e medias, por gjella me krip\u00eb dhe kripa me karar. Arg\u00ebtimi n\u00eb kurriz t\u00eb v\u00ebrtet\u00ebs b\u00ebn p\u00ebr shembull q\u00eb lajm t\u00eb mos jet\u00eb fushata, por Nafijet, Zeqinet\u00eb, Lajet! E n\u00eb k\u00ebt\u00eb rast, nuk \u00ebsht\u00eb faji i audienc\u00ebs q\u00eb ngat\u00ebrron gaztor\u00ebt me gazetar\u00ebt.<\/p>\n","protected":false},"excerpt":{"rendered":"<p>Nga Lutfi DERVISHI N\u00eb dit\u00ebn nd\u00ebrkomb\u00ebtare t\u00eb Liris\u00eb s\u00eb shtypit duhet kujtuar se sot t\u00eb gjith\u00eb jemi gazetar\u00eb. Kush ka nj\u00eb celular me kamera dhe nj\u00eb sens protagonizmi, n\u00eb mos gazetar \u00ebsht\u00eb gaztor. Sot \u00ebsht\u00eb dita t\u00eb kujtojm\u00eb q\u00eb jemi n\u00eb nj\u00eb epok\u00eb t\u00eb re. Ashtu si epoka e gurit mbaroi, jo se mbaruan gur\u00ebt, &hellip;<\/p>\n","protected":false},"author":4,"featured_media":104105,"comment_status":"closed","ping_status":"closed","sticky":false,"template":"","format":"standard","meta":{"footnotes":""},"categories":[44],"tags":[],"class_list":["post-112656","post","type-post","status-publish","format-standard","has-post-thumbnail","","category-editorial"],"_links":{"self":[{"href":"https:\/\/rdnews.al\/index.php\/wp-json\/wp\/v2\/posts\/112656","targetHints":{"allow":["GET"]}}],"collection":[{"href":"https:\/\/rdnews.al\/index.php\/wp-json\/wp\/v2\/posts"}],"about":[{"href":"https:\/\/rdnews.al\/index.php\/wp-json\/wp\/v2\/types\/post"}],"author":[{"embeddable":true,"href":"https:\/\/rdnews.al\/index.php\/wp-json\/wp\/v2\/users\/4"}],"replies":[{"embeddable":true,"href":"https:\/\/rdnews.al\/index.php\/wp-json\/wp\/v2\/comments?post=112656"}],"version-history":[{"count":1,"href":"https:\/\/rdnews.al\/index.php\/wp-json\/wp\/v2\/posts\/112656\/revisions"}],"predecessor-version":[{"id":112657,"href":"https:\/\/rdnews.al\/index.php\/wp-json\/wp\/v2\/posts\/112656\/revisions\/112657"}],"wp:featuredmedia":[{"embeddable":true,"href":"https:\/\/rdnews.al\/index.php\/wp-json\/wp\/v2\/media\/104105"}],"wp:attachment":[{"href":"https:\/\/rdnews.al\/index.php\/wp-json\/wp\/v2\/media?parent=112656"}],"wp:term":[{"taxonomy":"category","embeddable":true,"href":"https:\/\/rdnews.al\/index.php\/wp-json\/wp\/v2\/categories?post=112656"},{"taxonomy":"post_tag","embeddable":true,"href":"https:\/\/rdnews.al\/index.php\/wp-json\/wp\/v2\/tags?post=112656"}],"curies":[{"name":"wp","href":"https:\/\/api.w.org\/{rel}","templated":true}]}}