{"id":112661,"date":"2025-05-03T16:19:53","date_gmt":"2025-05-03T16:19:53","guid":{"rendered":"https:\/\/rdnews.al\/?p=112661"},"modified":"2025-05-03T16:19:53","modified_gmt":"2025-05-03T16:19:53","slug":"bilanc-lufte-ne-lac-5-te-plagosur-me-arme-dy-te-rinj-ne-gjendje-te-rende","status":"publish","type":"post","link":"https:\/\/rdnews.al\/index.php\/2025\/05\/03\/bilanc-lufte-ne-lac-5-te-plagosur-me-arme-dy-te-rinj-ne-gjendje-te-rende\/","title":{"rendered":"Bilanc lufte n\u00eb La\u00e7, 5 t\u00eb plagosur me arm\u00eb, dy t\u00eb rinj n\u00eb gjendje t\u00eb r\u00ebnd\u00eb"},"content":{"rendered":"<p>Nj\u00eb ngjarje e r\u00ebnd\u00eb ka ndodhur mesdit\u00ebn e sotme n\u00eb qytetin e La\u00e7it ku kan\u00eb mbetur t\u00eb plagosur me arm\u00eb zjarri 5 persona.<\/p>\n<p>Ngjarja ka ndodhur rreth or\u00ebs 13.30, pran\u00eb ish-Gjykat\u00ebs s\u00eb Kurbini, nd\u00ebrsa t\u00eb plagosurit\u00a0jan\u00eb d\u00ebrguar menj\u00ebher\u00eb p\u00ebr ndihm\u00eb mjek\u00ebsore m\u00eb t\u00eb specializuar n\u00eb spitalin e Traum\u00ebs n\u00eb Tiran\u00eb. Mes t\u00eb plagosurve \u00ebsht\u00eb dhe shit\u00ebsja e qirinjve, A.GJ<\/p>\n<p>Policia e Kurbinit ka dal\u00eb me nj\u00eb komunikat\u00eb p\u00ebr mediat n\u00eb lidhje me t\u00eb sht\u00ebnat me arm\u00eb zjarri q\u00eb trondit\u00ebn qytetin.<\/p>\n<p>Sipas autoriteve, gjithsej kan\u00eb mbetur t\u00eb plagosur 5 persona, m\u00eb konkretisht shtetasit\u00a0<strong style=\"font-style: inherit;\">Liridon Ismaili, Angjelina Gjezaj, Geri Bitri, Amarildo Ndoj\u00a0<\/strong>dhe\u00a0<strong style=\"font-style: inherit;\">Daniel Gjeloshi.<\/strong><\/p>\n<p>Ata jan\u00eb d\u00ebrguar me urgjenc\u00eb n\u00eb spitalin e Traum\u00ebs n\u00eb Tiran\u00eb p\u00ebr mjekim m\u00eb t\u00eb specializuar, teksa m\u00ebsohet se nj\u00ebri prej tyre ndodhet n\u00eb gjendje kritike p\u00ebr jet\u00ebn.<\/p>\n<p>Nj\u00eb prej t\u00eb plagosurve \u00ebsht\u00eb nj\u00eb grua, nj\u00eb shit\u00ebse ambulante, e cila e kan\u00eb kapur plumbat rast\u00ebsisht, teksa ka qen\u00eb duke shitur qirinj n\u00eb trotuar. Ngjarja ka ndodhur pran\u00eb godin\u00ebs s\u00eb ish-Gjykat\u00ebs.<\/p>\n<p>Sipas Policis\u00eb ngjarja ka ndodhur pas nj\u00eb konflikti mes disa personash dhe thot\u00eb se ka identifikuar autorin, ku po punon p\u00ebr kapjen e tij.<\/p>\n<p><span style=\"font-style: inherit; font-weight: inherit;\">Por, burime p\u00ebr mediat b\u00ebjn\u00eb me dije se \u00ebsht\u00eb q\u00eblluar me arm\u00eb zjarri automatike, drejt nj\u00eb makine n\u00eb l\u00ebvizje ku ndodheshin kat\u00ebr t\u00eb rinjt\u00eb. Dyshohet se sherri mes tyre t\u00eb ket\u00eb ndodhur p\u00ebrpara se autori t\u00eb zbrazte karikatoren e automatikut drejt sh\u00ebnjestrave<\/span><\/p>\n<p>Nd\u00ebrkoh\u00eb, pas atenatit \u00ebsht\u00eb gjetur duke u djegur nj\u00eb automjet n\u00eb fshatin Balldren, e cila dyshohet se i p\u00ebrket autor\u00ebve t\u00eb krimit.<\/p>\n<p>Kjo \u00ebsht\u00eb e disata ngjarje kriminale ku plumbat kapin edhe qytetar\u00ebt e pafajsh\u00ebm q\u00eb jan\u00eb n\u00eb pun\u00eb t\u00eb tyre, teksa POlicia mbledh vet\u00ebm g\u00ebzhojat.<\/p>\n<p>Burime nga Spitali Universitar i Traum\u00ebs b\u00ebjn\u00eb me dije se pacient\u00ebt Amarildo Ndoj, 26 vje\u00e7, dhe Geri Bitri, 24 vje\u00e7, ndodhen n\u00eb gjendje t\u00eb r\u00ebnd\u00eb sh\u00ebndet\u00ebsore dhe jan\u00eb n\u00ebn kujdes intensiv. T\u00eb dy kan\u00eb plag\u00eb n\u00eb zon\u00ebn e legenit, duke b\u00ebr\u00eb q\u00eb mjek\u00ebt t\u00eb mbajn\u00eb n\u00ebn monitorim t\u00eb vazhduesh\u00ebm situat\u00ebn e tyre.<\/p>\n<p>Nd\u00ebrkoh\u00eb, pacient\u00ebt e tjer\u00eb t\u00eb plagosur, Daniel Gjeloshi, 26 vje\u00e7, Liridon Ismaili, 26 vje\u00e7, dhe Angjelina Gjezaj, 58 vje\u00e7, raportohen n\u00eb gjendje m\u00eb t\u00eb stabilizuar dhe jan\u00eb koshient\u00eb. Ata kan\u00eb p\u00ebsuar d\u00ebmtime kryesisht n\u00eb gjymtyr\u00ebt e poshtme, dhe po marrin trajtim mjek\u00ebsor t\u00eb specializuar.<\/p>\n","protected":false},"excerpt":{"rendered":"<p>Nj\u00eb ngjarje e r\u00ebnd\u00eb ka ndodhur mesdit\u00ebn e sotme n\u00eb qytetin e La\u00e7it ku kan\u00eb mbetur t\u00eb plagosur me arm\u00eb zjarri 5 persona. Ngjarja ka ndodhur rreth or\u00ebs 13.30, pran\u00eb ish-Gjykat\u00ebs s\u00eb Kurbini, nd\u00ebrsa t\u00eb plagosurit\u00a0jan\u00eb d\u00ebrguar menj\u00ebher\u00eb p\u00ebr ndihm\u00eb mjek\u00ebsore m\u00eb t\u00eb specializuar n\u00eb spitalin e Traum\u00ebs n\u00eb Tiran\u00eb. Mes t\u00eb plagosurve \u00ebsht\u00eb dhe &hellip;<\/p>\n","protected":false},"author":4,"featured_media":112662,"comment_status":"closed","ping_status":"closed","sticky":false,"template":"","format":"standard","meta":{"footnotes":""},"categories":[37],"tags":[],"class_list":["post-112661","post","type-post","status-publish","format-standard","has-post-thumbnail","","category-politike"],"_links":{"self":[{"href":"https:\/\/rdnews.al\/index.php\/wp-json\/wp\/v2\/posts\/112661","targetHints":{"allow":["GET"]}}],"collection":[{"href":"https:\/\/rdnews.al\/index.php\/wp-json\/wp\/v2\/posts"}],"about":[{"href":"https:\/\/rdnews.al\/index.php\/wp-json\/wp\/v2\/types\/post"}],"author":[{"embeddable":true,"href":"https:\/\/rdnews.al\/index.php\/wp-json\/wp\/v2\/users\/4"}],"replies":[{"embeddable":true,"href":"https:\/\/rdnews.al\/index.php\/wp-json\/wp\/v2\/comments?post=112661"}],"version-history":[{"count":1,"href":"https:\/\/rdnews.al\/index.php\/wp-json\/wp\/v2\/posts\/112661\/revisions"}],"predecessor-version":[{"id":112663,"href":"https:\/\/rdnews.al\/index.php\/wp-json\/wp\/v2\/posts\/112661\/revisions\/112663"}],"wp:featuredmedia":[{"embeddable":true,"href":"https:\/\/rdnews.al\/index.php\/wp-json\/wp\/v2\/media\/112662"}],"wp:attachment":[{"href":"https:\/\/rdnews.al\/index.php\/wp-json\/wp\/v2\/media?parent=112661"}],"wp:term":[{"taxonomy":"category","embeddable":true,"href":"https:\/\/rdnews.al\/index.php\/wp-json\/wp\/v2\/categories?post=112661"},{"taxonomy":"post_tag","embeddable":true,"href":"https:\/\/rdnews.al\/index.php\/wp-json\/wp\/v2\/tags?post=112661"}],"curies":[{"name":"wp","href":"https:\/\/api.w.org\/{rel}","templated":true}]}}