{"id":112664,"date":"2025-05-03T16:23:29","date_gmt":"2025-05-03T16:23:29","guid":{"rendered":"https:\/\/rdnews.al\/?p=112664"},"modified":"2025-05-03T16:23:29","modified_gmt":"2025-05-03T16:23:29","slug":"pergjakja-e-lacit-pd-policia-e-narkoshtetit-duarkryq-e-ka-mendjen-tek-manipulimi-i-zgjedhjeve","status":"publish","type":"post","link":"https:\/\/rdnews.al\/index.php\/2025\/05\/03\/pergjakja-e-lacit-pd-policia-e-narkoshtetit-duarkryq-e-ka-mendjen-tek-manipulimi-i-zgjedhjeve\/","title":{"rendered":"P\u00ebrgjakja e La\u00e7it\/ PD: Policia e narkoshtetit duarkryq, e ka mendjen tek manipulimi i zgjedhjeve"},"content":{"rendered":"<p><strong>DEKLARAT\u00cb P\u00cbR MEDIA KOORDINATORI RAJONAL P\u00cbR TIRAN\u00cbN, KLEVIS BALLIU<\/strong><\/p>\n<p>Pes\u00eb t\u00eb plagosur \u00ebsht\u00eb bilanci i nj\u00eb p\u00ebrplasjeje me arm\u00eb n\u00eb La\u00e7 mesdit\u00ebn e sotme. N\u00eb kulmin e fushat\u00ebs, kur ka mbetur edhe nj\u00eb jav\u00eb nga mbyllja e procesit elektoral, dhe pak jav\u00eb nga hapja zyrtare e sezonit turistik, banor\u00ebt e La\u00e7it jan\u00eb tronditur nga krismat e arm\u00ebve dhe pasiguria p\u00ebr jet\u00ebn q\u00eb shoq\u00ebron ngjarje t\u00eb tilla.<\/p>\n<p>P\u00ebrplasja e p\u00ebrgjakur e La\u00e7it nuk \u00ebsht\u00eb e vetmja gjat\u00eb jav\u00ebve t\u00eb fundit. Lezha dhe Tirana jan\u00eb tronditur po kaq nga p\u00ebrplasje t\u00eb ngjashme q\u00eb kan\u00eb marr\u00eb edhe jet\u00eb f\u00ebmij\u00ebsh t\u00eb pafajsh\u00ebm.<\/p>\n<p>Fjalia fam\u00ebkeqe e Edi Ram\u00ebs \u201ch\u00ebngshin kokat e nj\u00ebri-tjetrit\u201d, por t\u00eb vetmet koka q\u00eb bien jan\u00eb ato t\u00eb shqiptar\u00ebve t\u00eb thjesht\u00eb:<\/p>\n<p>M\u00eb 17 Prill 2025 n\u00eb nj\u00eb atentat n\u00eb Tiran\u00eb u plagos\u00ebn 4 vet\u00eb.<\/p>\n<p>M\u00eb 30 Tetor 2024 , 4 vet\u00eb u vran\u00eb n\u00eb Dobra\u00e7, mes t\u00eb cil\u00ebve Flutura dhe Bashkim Basha kalimtar\u00eb t\u00eb rastit.<\/p>\n<p>N\u00eb Janar 2022 vritet gabimisht n\u00eb nj\u00eb atentat Erion \u00c7ela n\u00eb Don Bosko.<\/p>\n<p>N\u00eb Qershor 2024 vriten, gabimisht, n\u00eb nj\u00eb atenat mafioz Gledio Muka dhe Marsel \u00c7ela n\u00eb Memliaj.<\/p>\n<p>N\u00eb Mars 2023 nga p\u00ebrplasja e bandave humb jet\u00ebn banakierja e lokalit n\u00eb Don Bosko Mimoza Paja.<\/p>\n<p>N\u00eb Mars 2023 vritet roja i Top Channel Pal, Kola.<\/p>\n<p>N\u00eb Qershor 2021 vritet Museam Zeneli 17 vje\u00e7 n\u00eb Velipoj\u00ebs.<\/p>\n<p>Partia Demokratike dhe koalicioni opozitar ASHM jan\u00eb t\u00eb qart\u00eb dhe e ka dh\u00ebn\u00eb prej koh\u00ebsh alarmin mbi arsyet se pse krimi bredh i lir\u00eb dhe i pakontrolluar n\u00ebp\u00ebr Shqip\u00ebri: Policia e narkoshtetit \u00ebsht\u00eb e angashuar, ose me manipulimin e zgjedhjeve n\u00eb favor t\u00eb qeveris\u00eb, ose me mbrojtjen e trafikant\u00ebve t\u00eb drog\u00ebs. Nuk \u00ebsht\u00eb rast\u00ebsi q\u00eb fushatat elektorale jan\u00eb nj\u00eb mjedis i preferuar p\u00ebr larjen e hesapeve. Kriminel\u00ebt q\u00eb i kan\u00eb n\u00eb list\u00eb-pagesa polic\u00ebt e Ram\u00ebs, t\u00eb Hoxh\u00ebs dhe t\u00eb Prod\u00ebs e din\u00eb k\u00ebt\u00eb dhe marrin arm\u00ebt e dalin p\u00ebr gjah.<\/p>\n<p>Siguria dhe jeta e qytetar\u00ebve \u00ebsht\u00eb e k\u00ebrc\u00ebnuar, zgjedhjet jan\u00eb t\u00eb k\u00ebrc\u00ebnuara, rendi \u00ebsht\u00eb i k\u00ebrc\u00ebnuar. T\u00eb vetmit t\u00eb mbrojtur jan\u00eb kriminelet e drog\u00ebs dhe t\u00eb vjedhjes s\u00eb zgjedhjeve, t\u00eb gjith\u00eb t\u00eb lidhur me pushtetin me nj\u00eb mij\u00eb fije e interesa.<\/p>\n<p>Partia Demokratike, duke d\u00ebnuar kriminalitetin dhe pasigurin\u00eb q\u00eb ai sjell p\u00ebr qytetar\u00ebt e La\u00e7it dhe t\u00eb Shqip\u00ebris\u00eb, i k\u00ebrkon policis\u00eb t\u00eb kthehet n\u00eb krye t\u00eb detyr\u00ebs, p\u00ebr hir t\u00eb rendit, jet\u00ebs s\u00eb qytetar\u00ebve dhe nj\u00eb tranzicioni t\u00eb paqt\u00eb t\u00eb pushtetit m\u00eb 12 maj.<\/p>\n<p>Shqiptar\u00ebve u b\u00ebjm\u00eb me dije se siguria kthehet kur t\u00eb rr\u00ebzohet Edi Rama dhe qeveria e tij, q\u00eb ka l\u00ebshuar qytetar\u00ebt dhe ka p\u00ebrqafuar krimin.<\/p>\n<p>M\u00eb 11 maj \u00ebsht\u00eb dita p\u00ebr t\u2019i ndar\u00eb nj\u00eb her\u00eb e p\u00ebrgjithmon\u00eb Shqip\u00ebrin\u00eb nga krimi dhe qeveria e krimit.<\/p>\n<p>Nj\u00eb Shqip\u00ebri e sigurt \u00ebsht\u00eb nj\u00eb Shqip\u00ebri madh\u00ebshtore!<\/p>\n","protected":false},"excerpt":{"rendered":"<p>DEKLARAT\u00cb P\u00cbR MEDIA KOORDINATORI RAJONAL P\u00cbR TIRAN\u00cbN, KLEVIS BALLIU Pes\u00eb t\u00eb plagosur \u00ebsht\u00eb bilanci i nj\u00eb p\u00ebrplasjeje me arm\u00eb n\u00eb La\u00e7 mesdit\u00ebn e sotme. N\u00eb kulmin e fushat\u00ebs, kur ka mbetur edhe nj\u00eb jav\u00eb nga mbyllja e procesit elektoral, dhe pak jav\u00eb nga hapja zyrtare e sezonit turistik, banor\u00ebt e La\u00e7it jan\u00eb tronditur nga krismat &hellip;<\/p>\n","protected":false},"author":4,"featured_media":112665,"comment_status":"closed","ping_status":"closed","sticky":false,"template":"","format":"standard","meta":{"footnotes":""},"categories":[37],"tags":[],"class_list":["post-112664","post","type-post","status-publish","format-standard","has-post-thumbnail","","category-politike"],"_links":{"self":[{"href":"https:\/\/rdnews.al\/index.php\/wp-json\/wp\/v2\/posts\/112664","targetHints":{"allow":["GET"]}}],"collection":[{"href":"https:\/\/rdnews.al\/index.php\/wp-json\/wp\/v2\/posts"}],"about":[{"href":"https:\/\/rdnews.al\/index.php\/wp-json\/wp\/v2\/types\/post"}],"author":[{"embeddable":true,"href":"https:\/\/rdnews.al\/index.php\/wp-json\/wp\/v2\/users\/4"}],"replies":[{"embeddable":true,"href":"https:\/\/rdnews.al\/index.php\/wp-json\/wp\/v2\/comments?post=112664"}],"version-history":[{"count":1,"href":"https:\/\/rdnews.al\/index.php\/wp-json\/wp\/v2\/posts\/112664\/revisions"}],"predecessor-version":[{"id":112666,"href":"https:\/\/rdnews.al\/index.php\/wp-json\/wp\/v2\/posts\/112664\/revisions\/112666"}],"wp:featuredmedia":[{"embeddable":true,"href":"https:\/\/rdnews.al\/index.php\/wp-json\/wp\/v2\/media\/112665"}],"wp:attachment":[{"href":"https:\/\/rdnews.al\/index.php\/wp-json\/wp\/v2\/media?parent=112664"}],"wp:term":[{"taxonomy":"category","embeddable":true,"href":"https:\/\/rdnews.al\/index.php\/wp-json\/wp\/v2\/categories?post=112664"},{"taxonomy":"post_tag","embeddable":true,"href":"https:\/\/rdnews.al\/index.php\/wp-json\/wp\/v2\/tags?post=112664"}],"curies":[{"name":"wp","href":"https:\/\/api.w.org\/{rel}","templated":true}]}}