{"id":112667,"date":"2025-05-03T16:27:37","date_gmt":"2025-05-03T16:27:37","guid":{"rendered":"https:\/\/rdnews.al\/?p=112667"},"modified":"2025-05-03T16:28:14","modified_gmt":"2025-05-03T16:28:14","slug":"noka-takime-ne-tirane-votoni-nr-1-te-te-ripopullojme-shqiperine","status":"publish","type":"post","link":"https:\/\/rdnews.al\/index.php\/2025\/05\/03\/noka-takime-ne-tirane-votoni-nr-1-te-te-ripopullojme-shqiperine\/","title":{"rendered":"Noka takime n\u00eb Tiran\u00eb: Votoni nr.1 t\u00eb t\u00eb ripopullojm\u00eb Shqip\u00ebrin\u00eb!"},"content":{"rendered":"<div id=\"rekl-49\">Sekretari i P\u00ebrgjithsh\u00ebm i PD, Flamur Noka, ka ndar\u00eb momente n\u00eb rrjetin social Facebook nga takimi i tij me banor\u00ebt e ish-kombinatit n\u00eb Tiran\u00eb.<\/div>\n<div class=\"readmore-text-here\">\n<p>Noka theksoi se programi i PD-ASHM ka synimin q\u00eb t\u00eb ripopulloj\u00eb Shqip\u00ebrin\u00eb, dhe t\u00eb rikthej\u00eb pjes\u00ebn m\u00eb t\u00eb mir\u00eb t\u00eb shoq\u00ebris\u00eb n\u00eb vend.<\/p>\n<p>\u201cN\u00eb zon\u00ebn e ish Kombinatit n\u00eb Tiran\u00eb, p\u00ebr t\u00eb biseduar me bashk\u00ebqytetar\u00ebt rreth programit t\u00eb PD-ASHM. Voto1 p\u00ebr ripopullimin e Shqip\u00ebris\u00eb dhe rikthimin e trurit n\u00eb atdhe! Voto [1\ufe0f\u20e3] p\u00ebr programin ekonomik m\u00eb t\u00eb mir\u00eb q\u00eb ka pasur Shqip\u00ebria!\u201d, shkruan Noka n\u00eb postimin e tij n\u00eb Facebook.<\/p>\n<p><iframe loading=\"lazy\" src=\"https:\/\/www.facebook.com\/plugins\/post.php?href=https%3A%2F%2Fwww.facebook.com%2Fphoto.php%3Ffbid%3D1261514392643526%26set%3Da.266261158835526%26type%3D3&amp;show_text=true&amp;width=500\" width=\"500\" height=\"703\" frameborder=\"0\" scrolling=\"no\" allowfullscreen=\"allowfullscreen\" data-mce-fragment=\"1\"><\/iframe><\/p>\n<div id=\"rekl-57\"><\/div>\n<\/div>\n<div id=\"rekl-33\"><\/div>\n","protected":false},"excerpt":{"rendered":"<p>Sekretari i P\u00ebrgjithsh\u00ebm i PD, Flamur Noka, ka ndar\u00eb momente n\u00eb rrjetin social Facebook nga takimi i tij me banor\u00ebt e ish-kombinatit n\u00eb Tiran\u00eb. Noka theksoi se programi i PD-ASHM ka synimin q\u00eb t\u00eb ripopulloj\u00eb Shqip\u00ebrin\u00eb, dhe t\u00eb rikthej\u00eb pjes\u00ebn m\u00eb t\u00eb mir\u00eb t\u00eb shoq\u00ebris\u00eb n\u00eb vend. \u201cN\u00eb zon\u00ebn e ish Kombinatit n\u00eb Tiran\u00eb, p\u00ebr &hellip;<\/p>\n","protected":false},"author":4,"featured_media":112670,"comment_status":"closed","ping_status":"closed","sticky":false,"template":"","format":"standard","meta":{"footnotes":""},"categories":[37],"tags":[],"class_list":["post-112667","post","type-post","status-publish","format-standard","has-post-thumbnail","","category-politike"],"_links":{"self":[{"href":"https:\/\/rdnews.al\/index.php\/wp-json\/wp\/v2\/posts\/112667","targetHints":{"allow":["GET"]}}],"collection":[{"href":"https:\/\/rdnews.al\/index.php\/wp-json\/wp\/v2\/posts"}],"about":[{"href":"https:\/\/rdnews.al\/index.php\/wp-json\/wp\/v2\/types\/post"}],"author":[{"embeddable":true,"href":"https:\/\/rdnews.al\/index.php\/wp-json\/wp\/v2\/users\/4"}],"replies":[{"embeddable":true,"href":"https:\/\/rdnews.al\/index.php\/wp-json\/wp\/v2\/comments?post=112667"}],"version-history":[{"count":1,"href":"https:\/\/rdnews.al\/index.php\/wp-json\/wp\/v2\/posts\/112667\/revisions"}],"predecessor-version":[{"id":112669,"href":"https:\/\/rdnews.al\/index.php\/wp-json\/wp\/v2\/posts\/112667\/revisions\/112669"}],"wp:featuredmedia":[{"embeddable":true,"href":"https:\/\/rdnews.al\/index.php\/wp-json\/wp\/v2\/media\/112670"}],"wp:attachment":[{"href":"https:\/\/rdnews.al\/index.php\/wp-json\/wp\/v2\/media?parent=112667"}],"wp:term":[{"taxonomy":"category","embeddable":true,"href":"https:\/\/rdnews.al\/index.php\/wp-json\/wp\/v2\/categories?post=112667"},{"taxonomy":"post_tag","embeddable":true,"href":"https:\/\/rdnews.al\/index.php\/wp-json\/wp\/v2\/tags?post=112667"}],"curies":[{"name":"wp","href":"https:\/\/api.w.org\/{rel}","templated":true}]}}