{"id":112671,"date":"2025-05-03T16:32:09","date_gmt":"2025-05-03T16:32:09","guid":{"rendered":"https:\/\/rdnews.al\/?p=112671"},"modified":"2025-05-03T16:33:12","modified_gmt":"2025-05-03T16:33:12","slug":"5-te-plagosur-me-arme-ne-lac-gjekmarkaj-akt-i-rende-kriminal-deshtim-serioz-i-strukturave-te-rendit","status":"publish","type":"post","link":"https:\/\/rdnews.al\/index.php\/2025\/05\/03\/5-te-plagosur-me-arme-ne-lac-gjekmarkaj-akt-i-rende-kriminal-deshtim-serioz-i-strukturave-te-rendit\/","title":{"rendered":"5 t\u00eb plagosur me arm\u00eb n\u00eb La\u00e7\/ Gjekmarkaj: Akt i r\u00ebnd\u00eb kriminal! D\u00ebshtim serioz i strukturave t\u00eb rendit"},"content":{"rendered":"<div id=\"rekl-49\">Drejtuesi politik i Partis\u00eb Demokratike n\u00eb Lezh\u00eb, Agron Gjekmarkaj, ka reaguar p\u00ebr plagosjen e shum\u00ebfisht\u00eb t\u00eb ndodhur n\u00eb La\u00e7.<\/div>\n<div class=\"readmore-text-here\">\n<p>Gjekmarkaj shprehet se ngjarja \u00ebsht\u00eb nj\u00eb akt i r\u00ebnd\u00eb kriminal, ku shton mes t\u00eb tjerash, se n\u00eb k\u00ebt\u00eb ngjarje \u00ebsht\u00eb l\u00ebnduar edhe nj\u00eb qytetare krejt e pafajshme.<\/p>\n<p>&#8220;Plagosja e pes\u00eb personave n\u00eb qytetin e La\u00e7it \u00ebsht\u00eb nj\u00eb akt i r\u00ebnd\u00eb kriminal q\u00eb d\u00ebshmon pasigurin\u00eb e jet\u00ebs dhe rrezikun real q\u00eb paraqesin personat e armatosur q\u00eb l\u00ebvizin lirsh\u00ebm n\u00ebp\u00ebr qytete. Nj\u00eb zonj\u00eb e pafajshme q\u00eb shet qirinj n\u00eb rrug\u00eb p\u00ebr buk\u00ebn e goj\u00ebs u q\u00ebllua nga plumbat. Kjo situat\u00eb \u00ebsht\u00eb e pafalshme dhe tregon d\u00ebshtim serioz t\u00eb strukturave t\u00eb rendit, p\u00ebrfshir\u00eb drejtuesit lokal\u00eb t\u00eb policis\u00eb dhe Ministrin\u00eb e Brendshme.<\/p>\n<p>U b\u00ebj thirrje organeve t\u00eb drejt\u00ebsis\u00eb dhe hetimit t\u00eb veprojn\u00eb me urgjenc\u00eb p\u00ebr t\u00eb identifikuar dhe kapur autor\u00ebt e k\u00ebsaj ngjarjeje, duke garantuar sigurin\u00eb dhe rendin p\u00ebr qytetar\u00ebt&#8221;,\u00a0deklaron Gjekmarkaj.<\/p>\n<p><iframe loading=\"lazy\" src=\"https:\/\/www.facebook.com\/plugins\/video.php?height=314&amp;href=https%3A%2F%2Fwww.facebook.com%2F100069034779753%2Fvideos%2F1181770046575130%2F&amp;show_text=false&amp;width=560&amp;t=0\" width=\"560\" height=\"314\" frameborder=\"0\" scrolling=\"no\" allowfullscreen=\"allowfullscreen\" data-mce-fragment=\"1\"><\/iframe><\/p>\n<\/div>\n<div id=\"rekl-33\"><\/div>\n","protected":false},"excerpt":{"rendered":"<p>Drejtuesi politik i Partis\u00eb Demokratike n\u00eb Lezh\u00eb, Agron Gjekmarkaj, ka reaguar p\u00ebr plagosjen e shum\u00ebfisht\u00eb t\u00eb ndodhur n\u00eb La\u00e7. Gjekmarkaj shprehet se ngjarja \u00ebsht\u00eb nj\u00eb akt i r\u00ebnd\u00eb kriminal, ku shton mes t\u00eb tjerash, se n\u00eb k\u00ebt\u00eb ngjarje \u00ebsht\u00eb l\u00ebnduar edhe nj\u00eb qytetare krejt e pafajshme. &#8220;Plagosja e pes\u00eb personave n\u00eb qytetin e La\u00e7it \u00ebsht\u00eb &hellip;<\/p>\n","protected":false},"author":4,"featured_media":110450,"comment_status":"closed","ping_status":"closed","sticky":false,"template":"","format":"standard","meta":{"footnotes":""},"categories":[37],"tags":[],"class_list":["post-112671","post","type-post","status-publish","format-standard","has-post-thumbnail","","category-politike"],"_links":{"self":[{"href":"https:\/\/rdnews.al\/index.php\/wp-json\/wp\/v2\/posts\/112671","targetHints":{"allow":["GET"]}}],"collection":[{"href":"https:\/\/rdnews.al\/index.php\/wp-json\/wp\/v2\/posts"}],"about":[{"href":"https:\/\/rdnews.al\/index.php\/wp-json\/wp\/v2\/types\/post"}],"author":[{"embeddable":true,"href":"https:\/\/rdnews.al\/index.php\/wp-json\/wp\/v2\/users\/4"}],"replies":[{"embeddable":true,"href":"https:\/\/rdnews.al\/index.php\/wp-json\/wp\/v2\/comments?post=112671"}],"version-history":[{"count":1,"href":"https:\/\/rdnews.al\/index.php\/wp-json\/wp\/v2\/posts\/112671\/revisions"}],"predecessor-version":[{"id":112672,"href":"https:\/\/rdnews.al\/index.php\/wp-json\/wp\/v2\/posts\/112671\/revisions\/112672"}],"wp:featuredmedia":[{"embeddable":true,"href":"https:\/\/rdnews.al\/index.php\/wp-json\/wp\/v2\/media\/110450"}],"wp:attachment":[{"href":"https:\/\/rdnews.al\/index.php\/wp-json\/wp\/v2\/media?parent=112671"}],"wp:term":[{"taxonomy":"category","embeddable":true,"href":"https:\/\/rdnews.al\/index.php\/wp-json\/wp\/v2\/categories?post=112671"},{"taxonomy":"post_tag","embeddable":true,"href":"https:\/\/rdnews.al\/index.php\/wp-json\/wp\/v2\/tags?post=112671"}],"curies":[{"name":"wp","href":"https:\/\/api.w.org\/{rel}","templated":true}]}}