{"id":112676,"date":"2025-05-03T17:15:38","date_gmt":"2025-05-03T17:15:38","guid":{"rendered":"https:\/\/rdnews.al\/?p=112676"},"modified":"2025-05-03T17:15:38","modified_gmt":"2025-05-03T17:15:38","slug":"pedagogu-te-gjithe-bashke-te-largojme-edi-ramen-me-11maj","status":"publish","type":"post","link":"https:\/\/rdnews.al\/index.php\/2025\/05\/03\/pedagogu-te-gjithe-bashke-te-largojme-edi-ramen-me-11maj\/","title":{"rendered":"Pedagogu: T\u00eb gjith\u00eb bashk\u00eb t\u00eb largojm\u00eb Edi Ram\u00ebn m\u00eb 11maj!"},"content":{"rendered":"<p>Kryetari i Partis\u00eb Demokratike, Sali Berisha, ka zhvilluar dit\u00ebn e sotme nj\u00eb takim me qytetar\u00ebt e Fierit, ku \u00ebsht\u00eb pritur me entuziaz\u00ebm dhe pjes\u00ebmarrje t\u00eb gjer\u00eb nga qytetar\u00eb t\u00eb shumt\u00eb q\u00eb k\u00ebrkojn\u00eb ndryshimin.<\/p>\n<p>Shpend Gashi, pedagog, gjat\u00eb fjal\u00ebs s\u00eb tij u shpreh se p\u00ebrball\u00eb k\u00ebsaj qeverie, nuk ka nevoj\u00eb p\u00ebr prova t\u00eb tjera p\u00ebr t\u00eb treguar se kush \u00ebsht\u00eb n\u00eb an\u00ebn e duhur.<\/p>\n<p>Ai theksoi r\u00ebnd\u00ebsin\u00eb e dinjitetit, vler\u00eb e trash\u00ebguar nga familja dhe e mish\u00ebruar n\u00eb bashk\u00ebjetes\u00ebn nd\u00ebrkomunitare q\u00eb karakterizon qytetin e Fierit.<\/p>\n<p>\u201cMe qeverin\u00eb q\u00eb kemi p\u00ebrball\u00eb, nuk na duhet asgj\u00eb p\u00ebr t\u00eb treguar q\u00eb jemi m\u00eb t\u00eb mir\u00ebt. Ajo \u00e7far\u00eb na ka m\u00ebsuar familja ka qen\u00eb dinjiteti.<\/p>\n<p>N\u00ebse Shqip\u00ebrin\u00eb mund ta p\u00ebrshkruajm\u00eb si nj\u00eb vend me bashk\u00ebjetes\u00eb fetare, Fieri \u00ebsht\u00eb shembulli i bashk\u00ebjetes\u00ebs mes komuniteteve. Ne nuk na ka ndar\u00eb as e majta, as e djathta. Em\u00ebruesi i p\u00ebrbashk\u00ebt i k\u00ebtij populli ka qen\u00eb dinjiteti.<\/p>\n<p>N\u00ebse ne pranojm\u00eb q\u00eb Kryeministri t\u00eb na quaj\u00eb \u201cqyrk n\u00eb qaf\u00eb\u201d \u2013 paci jet\u00ebn \u2013 dhe nuk i themi \u201cRama ik\u201d, por \u201clargoje\u201d, at\u00ebher\u00eb ne do ta largojm\u00eb.<\/p>\n<p>T\u00eb q\u00ebndruarit n\u00eb an\u00ebn e duhur t\u00eb historis\u00eb do t\u00eb thot\u00eb t\u00eb jesh kund\u00ebr Ram\u00ebs. M\u00ebnyra e vetme p\u00ebr t\u00eb maksimizuar vot\u00ebn p\u00ebr ta larguar at\u00eb, \u00ebsht\u00eb t\u00eb votojm\u00eb Partin\u00eb Demokratike. Duhet t\u00eb jemi t\u00eb gjith\u00eb, n\u00eb m\u00ebnyr\u00eb plebishitare, p\u00ebr ta larguar.<\/p>\n<p>Ky \u00ebsht\u00eb testi yn\u00eb i fundit, prandaj dua t\u00eb jemi t\u00eb gjith\u00eb bashk\u00eb. Nuk e keni iden\u00eb sa krenar jam q\u00eb flas k\u00ebtu \u2013 \u00ebndrrat i kam ende n\u00eb k\u00ebt\u00eb qytet. T\u00eb gjith\u00eb bashk\u00eb, drejt fitores!\u201d, tha Gashi.<\/p>\n","protected":false},"excerpt":{"rendered":"<p>Kryetari i Partis\u00eb Demokratike, Sali Berisha, ka zhvilluar dit\u00ebn e sotme nj\u00eb takim me qytetar\u00ebt e Fierit, ku \u00ebsht\u00eb pritur me entuziaz\u00ebm dhe pjes\u00ebmarrje t\u00eb gjer\u00eb nga qytetar\u00eb t\u00eb shumt\u00eb q\u00eb k\u00ebrkojn\u00eb ndryshimin. Shpend Gashi, pedagog, gjat\u00eb fjal\u00ebs s\u00eb tij u shpreh se p\u00ebrball\u00eb k\u00ebsaj qeverie, nuk ka nevoj\u00eb p\u00ebr prova t\u00eb tjera p\u00ebr t\u00eb &hellip;<\/p>\n","protected":false},"author":4,"featured_media":112677,"comment_status":"closed","ping_status":"closed","sticky":false,"template":"","format":"standard","meta":{"footnotes":""},"categories":[37],"tags":[],"class_list":["post-112676","post","type-post","status-publish","format-standard","has-post-thumbnail","","category-politike"],"_links":{"self":[{"href":"https:\/\/rdnews.al\/index.php\/wp-json\/wp\/v2\/posts\/112676","targetHints":{"allow":["GET"]}}],"collection":[{"href":"https:\/\/rdnews.al\/index.php\/wp-json\/wp\/v2\/posts"}],"about":[{"href":"https:\/\/rdnews.al\/index.php\/wp-json\/wp\/v2\/types\/post"}],"author":[{"embeddable":true,"href":"https:\/\/rdnews.al\/index.php\/wp-json\/wp\/v2\/users\/4"}],"replies":[{"embeddable":true,"href":"https:\/\/rdnews.al\/index.php\/wp-json\/wp\/v2\/comments?post=112676"}],"version-history":[{"count":1,"href":"https:\/\/rdnews.al\/index.php\/wp-json\/wp\/v2\/posts\/112676\/revisions"}],"predecessor-version":[{"id":112678,"href":"https:\/\/rdnews.al\/index.php\/wp-json\/wp\/v2\/posts\/112676\/revisions\/112678"}],"wp:featuredmedia":[{"embeddable":true,"href":"https:\/\/rdnews.al\/index.php\/wp-json\/wp\/v2\/media\/112677"}],"wp:attachment":[{"href":"https:\/\/rdnews.al\/index.php\/wp-json\/wp\/v2\/media?parent=112676"}],"wp:term":[{"taxonomy":"category","embeddable":true,"href":"https:\/\/rdnews.al\/index.php\/wp-json\/wp\/v2\/categories?post=112676"},{"taxonomy":"post_tag","embeddable":true,"href":"https:\/\/rdnews.al\/index.php\/wp-json\/wp\/v2\/tags?post=112676"}],"curies":[{"name":"wp","href":"https:\/\/api.w.org\/{rel}","templated":true}]}}