{"id":112682,"date":"2025-05-03T17:19:37","date_gmt":"2025-05-03T17:19:37","guid":{"rendered":"https:\/\/rdnews.al\/?p=112682"},"modified":"2025-05-03T18:14:29","modified_gmt":"2025-05-03T18:14:29","slug":"bardhi-refuzojeni-me-vote-me-11-maj-arrogancen-e-edi-rames-dhe-belinda-ballukut","status":"publish","type":"post","link":"https:\/\/rdnews.al\/index.php\/2025\/05\/03\/bardhi-refuzojeni-me-vote-me-11-maj-arrogancen-e-edi-rames-dhe-belinda-ballukut\/","title":{"rendered":"Bardhi n\u00eb Fier: Refuzojeni me vot\u00eb m\u00eb 11 maj arroganc\u00ebn e Edi Ram\u00ebs dhe Belinda Ballukut!"},"content":{"rendered":"<p>Fieri i ka rezervuar nj\u00eb pritje madh\u00ebshtore Liderit t\u00eb Opozit\u00ebs dhe kandidat\u00ebve p\u00ebr deputet\u00eb n\u00eb k\u00ebt\u00eb qark. Drejtuesi politik i Qarkut, Gazment Bardhi tha se, ne kemi nevoj\u00eb p\u00ebr nj\u00eb qeveri me fytyr\u00eb njer\u00ebzore e jo p\u00ebr bandit\u00eb m\u00eb pushtet.<\/p>\n<p>\u201cFaleminderit t\u00eb gjith\u00ebve q\u00eb keni ardhur sot ketu, p\u00ebr ti treguar \u00e7do shqiptari nga veriu n\u00eb jug se edhe Fieri i \u00ebsht\u00eb bashkuar ndryshimit. I \u00ebsht\u00eb bashkuar fitores s\u00eb Partis\u00eb Demokratike.<\/p>\n<p>Jemi 8 dit\u00eb larg dit\u00ebs s\u00eb shum\u00ebpritur t\u00eb ndryshimit dhe fitores.<\/p>\n<p>Ne do t\u00eb b\u00ebjm\u00eb gjith\u00e7ka p\u00ebr t\u00eb mos zhg\u00ebnjyer besimin e banor\u00ebve t\u00eb Fierit, p\u00ebr t\u00eb mos zhg\u00ebnjyer mb\u00ebshtetjen e tyre t\u00eb madhe. Ju jam mir\u00ebnjoh\u00ebs me zem\u00ebr, mij\u00ebra demokrat\u00ebve t\u00eb palodhur t\u00eb rinjve dhe t\u00eb rejave n\u00eb t\u00eb gjith\u00eb qarkun e Fierit q\u00eb kan\u00eb mbajtur gjall\u00eb shprese dhe q\u00eb po punojn\u00eb me sakrific\u00eb e q\u00eb do t\u00eb vazhdojn\u00eb pa u ndalur p\u00ebr t\u00eb garantuar qeverin\u00eb e re t\u00eb qytetar\u00ebve shqiptar\u00eb.<\/p>\n<p>Faleminderit me zem\u00ebr p\u00ebr koleget e mi, kandidat\u00eb p\u00ebr deputet\u00eb, ekipit fitues t\u00eb Fierit.<\/p>\n<p>T\u00eb dashur qytetar\u00eb, t\u00eb dashur fermer\u00eb, t\u00eb rinj e t\u00eb reja, n\u00ebna dhe motra. Ne 8 dit\u00eb ju keni n\u00eb dor\u00eb t\u00eb z\u00ebvend\u00ebsoni arroganc\u00ebn e pushtetit.<\/p>\n<p>Pyetja n\u00eb k\u00ebt\u00eb zgjedhje \u00ebsht\u00eb e thjesht\u00eb. A do ta lini akoma vot\u00ebn tuaj atyre q\u00eb ju kan\u00eb masakruar p\u00ebr 12 vjet apo do ja besoni at\u00eb Partis\u00eb Demokratike.<\/p>\n<p>Prandaj t\u00eb nderuar socialist\u00eb t\u00eb ndersh\u00ebm le t\u00eb b\u00ebhemi bashk\u00eb me 11 maj dhe fitorja jon\u00eb do t\u00eb jet\u00eb edhe me e madhe dhe e ardhmja jon\u00eb e p\u00ebrbashk\u00ebt do t\u00eb jete edhe m\u00eb e mir\u00eb. Kemi takuar socialist\u00eb t\u00eb ndersh\u00ebm q\u00eb po presin 11 majin q\u00eb t\u00eb marrin borxhin q\u00eb Rama nuk ua ktheu kurr\u00eb,<\/p>\n<p>Refuzojeni arroganc\u00ebn e Edi Ram\u00ebs dhe Belinda Ballukut.<\/p>\n<p>Ne kemi nevoj\u00eb p\u00ebr nj\u00eb qeveri me fytyr\u00eb njer\u00ebzore e jo p\u00ebr bandit\u00eb m\u00eb pushtet.<\/p>\n<p>Mos ja dhuroni jet\u00ebn tuaj atyre q\u00eb nuk ju kan\u00eb n\u00eb llogari. Mos ja jepni vot\u00ebn atyre q\u00eb ju kan\u00eb mashtruar dhe varf\u00ebruar p\u00ebr 12 vjet.<\/p>\n<p>PD dhe Sali Berisha kan\u00eb nj\u00eb mision. Shqip\u00ebria e para!\u201d, tha Bardhi.<\/p>\n","protected":false},"excerpt":{"rendered":"<p>Fieri i ka rezervuar nj\u00eb pritje madh\u00ebshtore Liderit t\u00eb Opozit\u00ebs dhe kandidat\u00ebve p\u00ebr deputet\u00eb n\u00eb k\u00ebt\u00eb qark. Drejtuesi politik i Qarkut, Gazment Bardhi tha se, ne kemi nevoj\u00eb p\u00ebr nj\u00eb qeveri me fytyr\u00eb njer\u00ebzore e jo p\u00ebr bandit\u00eb m\u00eb pushtet. \u201cFaleminderit t\u00eb gjith\u00ebve q\u00eb keni ardhur sot ketu, p\u00ebr ti treguar \u00e7do shqiptari nga veriu &hellip;<\/p>\n","protected":false},"author":4,"featured_media":112699,"comment_status":"closed","ping_status":"closed","sticky":false,"template":"","format":"standard","meta":{"footnotes":""},"categories":[37],"tags":[],"class_list":["post-112682","post","type-post","status-publish","format-standard","has-post-thumbnail","","category-politike"],"_links":{"self":[{"href":"https:\/\/rdnews.al\/index.php\/wp-json\/wp\/v2\/posts\/112682","targetHints":{"allow":["GET"]}}],"collection":[{"href":"https:\/\/rdnews.al\/index.php\/wp-json\/wp\/v2\/posts"}],"about":[{"href":"https:\/\/rdnews.al\/index.php\/wp-json\/wp\/v2\/types\/post"}],"author":[{"embeddable":true,"href":"https:\/\/rdnews.al\/index.php\/wp-json\/wp\/v2\/users\/4"}],"replies":[{"embeddable":true,"href":"https:\/\/rdnews.al\/index.php\/wp-json\/wp\/v2\/comments?post=112682"}],"version-history":[{"count":2,"href":"https:\/\/rdnews.al\/index.php\/wp-json\/wp\/v2\/posts\/112682\/revisions"}],"predecessor-version":[{"id":112685,"href":"https:\/\/rdnews.al\/index.php\/wp-json\/wp\/v2\/posts\/112682\/revisions\/112685"}],"wp:featuredmedia":[{"embeddable":true,"href":"https:\/\/rdnews.al\/index.php\/wp-json\/wp\/v2\/media\/112699"}],"wp:attachment":[{"href":"https:\/\/rdnews.al\/index.php\/wp-json\/wp\/v2\/media?parent=112682"}],"wp:term":[{"taxonomy":"category","embeddable":true,"href":"https:\/\/rdnews.al\/index.php\/wp-json\/wp\/v2\/categories?post=112682"},{"taxonomy":"post_tag","embeddable":true,"href":"https:\/\/rdnews.al\/index.php\/wp-json\/wp\/v2\/tags?post=112682"}],"curies":[{"name":"wp","href":"https:\/\/api.w.org\/{rel}","templated":true}]}}