{"id":112744,"date":"2025-05-03T21:50:08","date_gmt":"2025-05-03T21:50:08","guid":{"rendered":"https:\/\/rdnews.al\/?p=112744"},"modified":"2025-05-03T21:50:08","modified_gmt":"2025-05-03T21:50:08","slug":"grenell-shpreh-keqardhje-qe-vucic-nuk-u-lejua-te-takohet-me-trumpin","status":"publish","type":"post","link":"https:\/\/rdnews.al\/index.php\/2025\/05\/03\/grenell-shpreh-keqardhje-qe-vucic-nuk-u-lejua-te-takohet-me-trumpin\/","title":{"rendered":"Grenell shpreh keqardhje q\u00eb Vu\u00e7i\u00e7 nuk u lejua t\u00eb takohet me Trumpin"},"content":{"rendered":"<p class=\"selectionShareable\">Presidenti i Serbis\u00eb, Aleksandar Vu\u00e7i\u00e7, ka nd\u00ebrprer\u00eb vizit\u00ebn e tij n\u00eb Shtetet e Bashkuara, kan\u00eb raportuar mediat n\u00eb Serbi p\u00ebr\u00a0<a href=\"https:\/\/www.evropaelire.org\/a\/aleksandar-vuciq-vizita-ne-shba-nderprerje-\/33403692.html\" target=\"_blank\" rel=\"noopener\">REL<\/a>.<\/p>\n<p class=\"selectionShareable\">Justifikimi zyrtar \u00ebsht\u00eb q\u00eb zoti Vu\u00e7i\u00e7 u s\u00ebmur, ndaj dhe nuk mundi t\u00eb finalizonte takimin e parashikuar me Trump.Sipas transmetuesit publik serb, RTS, pasi \u00ebsht\u00eb kontrolluar nga mjek\u00ebt, Vu\u00e7i\u00e7 ka vendosur q\u00eb t\u00eb kthehet n\u00eb Serbi.<\/p>\n<p class=\"selectionShareable\">Por duket e \u00e7uditshme q\u00eb zotit Vu\u00e7i\u00e7 nuk iu ofrua ndihm\u00eb mjek\u00ebsore nga spitalet e specializuara amerikane. Si rregull autoritetet shtet\u00ebrore amerikane mbajn\u00eb dhe q\u00ebndrim publik n\u00eb t\u00eb tilla raste dhe raportojn\u00eb mbi gjendjen sh\u00ebndet\u00ebsore\u00a0t\u00eb\u00a0pacientit.<\/p>\n<p class=\"selectionShareable\">Gjat\u00eb q\u00ebndrimit n\u00eb SHBA, zoti Vu\u00e7i\u00e7 u takua me ish-kryetarin e Nju Jorkut, Rudy Giuliani.<\/p>\n<p class=\"selectionShareable\">Ishte parashikuar q\u00eb ai t\u00eb takohej me disa zyrtar\u00eb t\u00eb lart\u00eb t\u00eb Partis\u00eb Republikane, para se t\u00eb nd\u00ebrpriste vizit\u00ebn n\u00eb SHBA.<\/p>\n<p class=\"selectionShareable\">I d\u00ebrguari i presidentit amerikan p\u00ebr Misione t\u00eb Posa\u00e7me, Richard Grenell, i ka uruar sh\u00ebrim t\u00eb shpejt\u00eb Vu\u00e7i\u00e7it, pasi udh\u00ebheq\u00ebsi serb nd\u00ebrpreu vizit\u00ebn papritur. T\u00eb kujtojm\u00eb faktin se Grenell \u00ebsht\u00eb mb\u00ebshtet\u00ebsi m\u00eb i madh i presidentit serb, e nj\u00ebkoh\u00ebsisht lobist i pashpallur i Vu\u00e7i\u00e7it dhe Ram\u00ebs pran\u00eb administrat\u00ebs Trump.<\/p>\n<p class=\"selectionShareable\">N\u00eb nj\u00eb postim n\u00eb X, Grenell po ashtu ka shprehur keqardhje q\u00eb nuk ka mundur t\u00eb takohet me udh\u00ebheq\u00ebsin serb.<\/p>\n<p class=\"selectionShareable\">Sipas agjencis\u00eb Tanjug, Vu\u00e7i\u00e7 u s\u00ebmur teksa po p\u00ebrgatitej p\u00ebr takimet me kongresist\u00eb amerikan\u00eb.<\/p>\n<p class=\"selectionShareable\">Zyra e Vu\u00e7i\u00e7it ka th\u00ebn\u00eb se n\u00eb dit\u00ebt n\u00eb vijim do t\u00eb ofroj\u00eb informacione p\u00ebr publikun se \u00e7far\u00eb probleme sh\u00ebndet\u00ebsore ka udh\u00ebheq\u00ebsi serb.<\/p>\n","protected":false},"excerpt":{"rendered":"<p>Presidenti i Serbis\u00eb, Aleksandar Vu\u00e7i\u00e7, ka nd\u00ebrprer\u00eb vizit\u00ebn e tij n\u00eb Shtetet e Bashkuara, kan\u00eb raportuar mediat n\u00eb Serbi p\u00ebr\u00a0REL. Justifikimi zyrtar \u00ebsht\u00eb q\u00eb zoti Vu\u00e7i\u00e7 u s\u00ebmur, ndaj dhe nuk mundi t\u00eb finalizonte takimin e parashikuar me Trump.Sipas transmetuesit publik serb, RTS, pasi \u00ebsht\u00eb kontrolluar nga mjek\u00ebt, Vu\u00e7i\u00e7 ka vendosur q\u00eb t\u00eb kthehet n\u00eb &hellip;<\/p>\n","protected":false},"author":3,"featured_media":112745,"comment_status":"closed","ping_status":"closed","sticky":false,"template":"","format":"standard","meta":{"footnotes":""},"categories":[38],"tags":[],"class_list":["post-112744","post","type-post","status-publish","format-standard","has-post-thumbnail","","category-bota"],"_links":{"self":[{"href":"https:\/\/rdnews.al\/index.php\/wp-json\/wp\/v2\/posts\/112744","targetHints":{"allow":["GET"]}}],"collection":[{"href":"https:\/\/rdnews.al\/index.php\/wp-json\/wp\/v2\/posts"}],"about":[{"href":"https:\/\/rdnews.al\/index.php\/wp-json\/wp\/v2\/types\/post"}],"author":[{"embeddable":true,"href":"https:\/\/rdnews.al\/index.php\/wp-json\/wp\/v2\/users\/3"}],"replies":[{"embeddable":true,"href":"https:\/\/rdnews.al\/index.php\/wp-json\/wp\/v2\/comments?post=112744"}],"version-history":[{"count":1,"href":"https:\/\/rdnews.al\/index.php\/wp-json\/wp\/v2\/posts\/112744\/revisions"}],"predecessor-version":[{"id":112746,"href":"https:\/\/rdnews.al\/index.php\/wp-json\/wp\/v2\/posts\/112744\/revisions\/112746"}],"wp:featuredmedia":[{"embeddable":true,"href":"https:\/\/rdnews.al\/index.php\/wp-json\/wp\/v2\/media\/112745"}],"wp:attachment":[{"href":"https:\/\/rdnews.al\/index.php\/wp-json\/wp\/v2\/media?parent=112744"}],"wp:term":[{"taxonomy":"category","embeddable":true,"href":"https:\/\/rdnews.al\/index.php\/wp-json\/wp\/v2\/categories?post=112744"},{"taxonomy":"post_tag","embeddable":true,"href":"https:\/\/rdnews.al\/index.php\/wp-json\/wp\/v2\/tags?post=112744"}],"curies":[{"name":"wp","href":"https:\/\/api.w.org\/{rel}","templated":true}]}}