{"id":112750,"date":"2025-05-04T11:48:15","date_gmt":"2025-05-04T11:48:15","guid":{"rendered":"https:\/\/rdnews.al\/?p=112750"},"modified":"2025-05-04T11:48:15","modified_gmt":"2025-05-04T11:48:15","slug":"berisha-ne-tropoje-vijme-sot-ketu-si-nje-force-politike-tradicionale-dhe-tradita-jone-eshte-familja","status":"publish","type":"post","link":"https:\/\/rdnews.al\/index.php\/2025\/05\/04\/berisha-ne-tropoje-vijme-sot-ketu-si-nje-force-politike-tradicionale-dhe-tradita-jone-eshte-familja\/","title":{"rendered":"Berisha n\u00eb Tropoj\u00eb: Vijm\u00eb sot k\u00ebtu si nj\u00eb forc\u00eb politike tradicionale dhe tradita jon\u00eb \u00ebsht\u00eb familja"},"content":{"rendered":"<p>Kryetari i Partis\u00eb Demokratike, Sali Berisha ka zhvilluar takimin p\u00ebrmbyll\u00ebs t\u00eb fushat\u00ebs n\u00eb Tropoj\u00eb. Duke folur n\u00eb sheshin kryesor t\u00eb Bajram Currit, kryedemokrati ka hedhur akuza ndaj Edi Ram\u00ebs, se e ka diskriminuar veriun e Shqip\u00ebris\u00eb.<\/p>\n<p>Berisha u shpreh se, Partia Demokratike \u00ebsht\u00eb nj\u00eb forc\u00eb politike tradicionale q\u00eb beson n\u00eb tradit\u00ebn ton\u00eb, dhe tradita jon\u00eb \u00ebsht\u00eb familja.<\/p>\n<p>\u201cT\u00eb dashur banor\u00eb t\u00eb rrethit t\u00eb Mal\u00ebsis\u00eb s\u00eb Gjakov\u00ebs. Nj\u00eb p\u00ebrsh\u00ebndetje v\u00ebllaz\u00ebrore t\u00eb gjith\u00eb ju q\u00eb jeni n\u00eb k\u00ebt\u00eb shesh, po t\u00eb gjith\u00eb banor\u00ebve t\u00eb k\u00ebtij rrethi, kudo q\u00eb ndodhen sot n\u00eb Tropoj\u00eb, n\u00eb Shqip\u00ebri, jasht\u00eb vendit.<\/p>\n<p>Nj\u00eb mir\u00ebnjohje t\u00eb pakufishme, t\u00eb pafundme p\u00ebr ju p\u00ebr, p\u00ebr mb\u00ebshtetjen e jasht\u00ebzakonshme q\u00eb keni d\u00ebshmuar k\u00ebto 32 vite p\u00ebr PD, p\u00ebr Sali Berish\u00ebn, p\u00ebr Azem Hajdarin, p\u00ebr kauz\u00ebn e drejt\u00eb.<\/p>\n<p>I dashur Flamur Hoxha, drejtues politik i qarkut t\u00eb Kuk\u00ebsit p\u00ebr PD-ASHM.<\/p>\n<p>I dashur Fatmir Mediu, kryetar i PR, aleat i \u00e7muar kryesor i PD, q\u00eb nga themelimi gjer sot.<\/p>\n<p>I dashur Phil, me mir\u00ebnjohje t\u00eb madhe ju fal\u00ebnderoj p\u00ebr pranin\u00eb tuaj sot k\u00ebtu.<\/p>\n<p>T\u00eb dashur kandidat\u00eb p\u00ebr deputet\u00eb n\u00eb Kuvendin e Shqip\u00ebrin\u00eb p\u00ebr qarkun e Kuk\u00ebsit. Nderimin tim m\u00eb t\u00eb madh p\u00ebr ju, vler\u00ebsimin m\u00eb t\u00eb madh. Jeni krenaria e qarkut t\u00eb Kuk\u00ebsit, Tropoj\u00ebs, Hasit, Kuk\u00ebsit dhe mbar\u00eb Shqip\u00ebris\u00eb.<\/p>\n<p>Miqt\u00eb e mi, un\u00eb vij sot n\u00eb Tropoj\u00ebn madh\u00ebshtore. Madh\u00ebshtore nga natyra, madh\u00ebshtore nga historia, madh\u00ebshtore nga shpirti dhe zemra e banor\u00ebve t\u00eb saj. Edhe nj\u00eb her\u00eb, edhe nj\u00ebmij\u00eb her\u00eb dua t\u00eb theksoj se, nuk do t\u00eb zgjidhja kurr\u00eb po t\u00eb zgjidhej vendlindja, nuk do zgjidhja kurr\u00eb nj\u00eb vend tjet\u00ebr p\u00ebrve\u00e7 Tropoj\u00ebs.<\/p>\n<p>Por, miqt\u00eb e mi, un\u00eb vij sot n\u00eb Tropoj\u00ebn madh\u00ebshtore n\u00eb nj\u00eb koh\u00eb kur, madh\u00ebshtia e Shqip\u00ebris\u00eb, madh\u00ebshtia e Tropoj\u00ebs ka bjerrur k\u00ebto 12 vite, si rrall\u00eb ndonj\u00ebher\u00eb n\u00eb historin\u00eb e saj. Vij sot, kur k\u00ebt\u00eb tok\u00eb t\u00eb bekuar me pasuri nga m\u00eb t\u00eb m\u00ebdha e braktisin \u00e7do muaj djem dhe vajzat e saj, k\u00ebshtu braktisin dhe Shqip\u00ebrin\u00eb.<\/p>\n<p>Vij sot n\u00eb Tropoj\u00eb, kur pasurit\u00eb e saj nuk jan\u00eb pasuri t\u00eb banor\u00ebve t\u00eb Tropoj\u00ebs. Kur taksat e tyre nuk shkojn\u00eb p\u00ebr rrogat dhe pensionet e tyre, p\u00ebr nj\u00eb jet\u00eb m\u00eb t\u00eb mir\u00eb p\u00ebr ta. Vij sot, kur vendi qeveriset nga konglomerat\u00eb t\u00eb pushtetit me krimin.<\/p>\n<p>Tropoja \u00ebsht\u00eb vendi i njer\u00ebzve krenar\u00eb, \u00ebsht\u00eb vendi i njer\u00ebzve atdhetar\u00eb. Por, vij sot tek ju, kur n\u00eb Tiran\u00eb qeveris nj\u00eb person, nj\u00eb njeri, q\u00eb bota e ka quajtur kryeministri m\u00eb i mir\u00eb i Serbis\u00eb, pas Pashiqit. Pra, qeveris Shqip\u00ebrin\u00eb dhe Tropoj\u00ebn nj\u00eb argat i Aleksand\u00ebr Vu\u00e7i\u00e7it.<\/p>\n<p>Ndaj dhe, ne vijm\u00eb tek ju me nj\u00eb projekt t\u00eb ri. Me nj\u00eb projekt me t\u00eb cilin duam, k\u00ebt\u00eb madh\u00ebshti t\u00eb bjerrur, ta rikthejm\u00eb n\u00eb madh\u00ebshtin\u00eb e saj.<\/p>\n<p>Duam q\u00eb, Tropoja dhe Shqip\u00ebria, banor\u00ebt t\u00eb Tropoj\u00ebs dhe mbar\u00eb Shqip\u00ebris\u00eb t\u00eb jetojn\u00eb t\u00eb lir\u00eb, me dinjitet, t\u00eb m\u00ebk\u00ebmben \u00e7do vit e m\u00eb shum\u00eb. Pasurit\u00eb e tyre t\u00eb kthehen n\u00eb t\u00eb mia p\u00ebr familjet, p\u00ebr qytetar\u00ebt eTopoj\u00ebs dhe t\u00eb Shqip\u00ebris\u00eb.<\/p>\n<p>Ne, vijm\u00eb sot k\u00ebtu tek ju, si nj\u00eb forc\u00eb politike tradicionale e lidhur q\u00eb vler\u00ebson dhe beson n\u00eb tradit\u00ebn ton\u00eb, dhe tradita jon\u00eb \u00ebsht\u00eb familja, \u00ebsht\u00eb trash\u00ebgimia m\u00eb e virtytshme q\u00eb kemi ne shqiptar\u00ebt. Trash\u00ebgimia jon\u00eb \u00ebsht\u00eb morali, virtyti.<\/p>\n<p>Tradita jon\u00eb \u00ebsht\u00eb atdhedashuria\u201d, tha Berisha.<\/p>\n","protected":false},"excerpt":{"rendered":"<p>Kryetari i Partis\u00eb Demokratike, Sali Berisha ka zhvilluar takimin p\u00ebrmbyll\u00ebs t\u00eb fushat\u00ebs n\u00eb Tropoj\u00eb. Duke folur n\u00eb sheshin kryesor t\u00eb Bajram Currit, kryedemokrati ka hedhur akuza ndaj Edi Ram\u00ebs, se e ka diskriminuar veriun e Shqip\u00ebris\u00eb. Berisha u shpreh se, Partia Demokratike \u00ebsht\u00eb nj\u00eb forc\u00eb politike tradicionale q\u00eb beson n\u00eb tradit\u00ebn ton\u00eb, dhe tradita jon\u00eb &hellip;<\/p>\n","protected":false},"author":4,"featured_media":112751,"comment_status":"closed","ping_status":"closed","sticky":false,"template":"","format":"standard","meta":{"footnotes":""},"categories":[37],"tags":[],"class_list":["post-112750","post","type-post","status-publish","format-standard","has-post-thumbnail","","category-politike"],"_links":{"self":[{"href":"https:\/\/rdnews.al\/index.php\/wp-json\/wp\/v2\/posts\/112750","targetHints":{"allow":["GET"]}}],"collection":[{"href":"https:\/\/rdnews.al\/index.php\/wp-json\/wp\/v2\/posts"}],"about":[{"href":"https:\/\/rdnews.al\/index.php\/wp-json\/wp\/v2\/types\/post"}],"author":[{"embeddable":true,"href":"https:\/\/rdnews.al\/index.php\/wp-json\/wp\/v2\/users\/4"}],"replies":[{"embeddable":true,"href":"https:\/\/rdnews.al\/index.php\/wp-json\/wp\/v2\/comments?post=112750"}],"version-history":[{"count":1,"href":"https:\/\/rdnews.al\/index.php\/wp-json\/wp\/v2\/posts\/112750\/revisions"}],"predecessor-version":[{"id":112752,"href":"https:\/\/rdnews.al\/index.php\/wp-json\/wp\/v2\/posts\/112750\/revisions\/112752"}],"wp:featuredmedia":[{"embeddable":true,"href":"https:\/\/rdnews.al\/index.php\/wp-json\/wp\/v2\/media\/112751"}],"wp:attachment":[{"href":"https:\/\/rdnews.al\/index.php\/wp-json\/wp\/v2\/media?parent=112750"}],"wp:term":[{"taxonomy":"category","embeddable":true,"href":"https:\/\/rdnews.al\/index.php\/wp-json\/wp\/v2\/categories?post=112750"},{"taxonomy":"post_tag","embeddable":true,"href":"https:\/\/rdnews.al\/index.php\/wp-json\/wp\/v2\/tags?post=112750"}],"curies":[{"name":"wp","href":"https:\/\/api.w.org\/{rel}","templated":true}]}}