{"id":112761,"date":"2025-05-04T11:59:18","date_gmt":"2025-05-04T11:59:18","guid":{"rendered":"https:\/\/rdnews.al\/?p=112761"},"modified":"2025-05-04T11:59:18","modified_gmt":"2025-05-04T11:59:18","slug":"berisha-ai-qe-i-vuri-non-grata-n-sali-berishes-perfundoi-ne-koshin-e-plehrave-ne-shba","status":"publish","type":"post","link":"https:\/\/rdnews.al\/index.php\/2025\/05\/04\/berisha-ai-qe-i-vuri-non-grata-n-sali-berishes-perfundoi-ne-koshin-e-plehrave-ne-shba\/","title":{"rendered":"Berisha: Ai q\u00eb i vuri non grata-n Sali Berish\u00ebs p\u00ebrfundoi n\u00eb koshin e plehrave n\u00eb SHBA"},"content":{"rendered":"<p>N\u00eb fjal\u00ebn e mbajtur n\u00eb qytetin e Bajram Currit, kryetari i PD-s\u00eb, Sali Berisha theksoi se, Edi Rama i ka koh\u00ebt e num\u00ebruara.<\/p>\n<p>Berisha tha se, Edi Rama i ka koh\u00ebrat e num\u00ebruara, dhe un\u00eb ju jap ju fjal\u00ebn se ai do ket\u00eb fundin q\u00eb meriton. Po, ta dij\u00eb. Ai nuk ka m\u00eb mb\u00ebshtetjen e monstr\u00ebs s\u00eb njer\u00ebzimit, q\u00eb quhet Xhorxh Soros. Atij ia shtypi kok\u00ebn Presidenti Donald Trump n\u00eb Uashington.<\/p>\n<p><strong>Berisha: \u00a0<\/strong>Sot, burreci 2 metra i gjat\u00eb, u deklaronte, tek ai i thoshte nj\u00eb gazetari se, kur erdh\u00ebm ne, n\u00eb 2013, shkollat nuk kishin shkum\u00ebs. N\u00eb fakt o miq, n\u00eb 2013, shkollat e Shqip\u00ebris\u00eb kishin 26.500 kompjutera dhe kishin internet n\u00eb \u00e7do shkoll\u00eb q\u00eb e blinim nga sateliti.<\/p>\n<p>Po, i vodhi, i vodhi e gjith\u00eb Rilindja. I zhveshi komplet dhe that\u00eb bukur tani, shkollat i lan\u00eb pa nx\u00ebn\u00ebs.<\/p>\n<p>Ndaj dhe, t\u00eb mos merremi me citimet e tij, sepse humbasim koh\u00eb. \u00cbsht\u00eb njeri, i cili, n\u00eb qoft\u00eb se n\u00eb Vlor\u00eb ia thash\u00eb nj\u00eb t\u00eb v\u00ebrtet\u00eb, dhe ua them dhe ju k\u00ebtu se, kur shkova n\u00eb Vlor\u00eb, ajo q\u00eb m\u00eb erdhi n\u00eb mend thash\u00eb, do t\u00eb betohem para Ismail Qemalit se, do ta \u00e7oj n\u00eb Beograd k\u00ebt\u00eb tradh\u00ebtar. Atje ku e ka vendin.<\/p>\n<p>Tani, k\u00ebtu do t\u2019i them tjetr\u00ebn: t\u00eb betohem se, nuk do dal\u00ebsh dot nga kufiri i Shqip\u00ebris\u00eb pa dh\u00ebn\u00eb llogari p\u00ebr t\u00eb gjitha t\u00eb k\u00ebqijat q\u00eb i ke b\u00ebr\u00eb shqiptar\u00ebve.<\/p>\n<p>Miq, Tropoja ka patur men\u00e7urin\u00eb epike. T\u00eb q\u00ebndroj\u00eb sa pak kush tjet\u00ebr n\u00eb an\u00ebn e historis\u00eb. N\u00eb fakt, paraardh\u00ebsit tan\u00eb kan\u00eb q\u00ebndruar n\u00eb an\u00ebn e historis\u00eb, edhe at\u00ebher\u00eb kur nuk kishte shtet. Po edhe at\u00ebher\u00eb, kur kufijt\u00eb e Shqip\u00ebris\u00eb ishin aty ku flitej shqip, pra nuk kishte nj\u00eb Shqip\u00ebri. Dhe ata q\u00ebndruan, u p\u00ebrball\u00ebn me sakrifica luftrash t\u00eb egra. Mbrojt\u00ebn Plav\u00ebn dhe Gucin\u00eb, mbrojt\u00ebn territore shqiptare. Pushka e tyre b\u00ebri q\u00eb t\u00eb mblidhet Lidhja e Prizrenit.<\/p>\n<p>Pra, raporti juaj me historin\u00eb, \u00ebsht\u00eb nj\u00eb nd\u00ebr raportet m\u00eb t\u00eb shk\u00eblqyera, m\u00eb t\u00eb drejta, q\u00eb b\u00ebn krenar \u00e7do njeri. Dhe nuk kam m\u00ebdyshje se, k\u00ebsaj radhe do t\u2019i qendroni asaj plot\u00ebsisht.<\/p>\n<p>Por, miq, 2-3 sqarime do t\u2019u b\u00ebj un\u00eb k\u00ebtu ju.<\/p>\n<p>Edi Rama \u00ebsht\u00eb \u00ebn grahmat e fundit. Ai mori damk\u00ebn m\u00eb t\u00eb zez\u00eb pas Putinit n\u00eb Valencia, n\u00eb Kongresin e 82 forcave t\u00eb djathta politike t\u00eb Europ\u00ebs, q\u00eb qeverisin Europ\u00ebn, qeverisin PE, qeverisin KE.<\/p>\n<p>Edi Rama u damkos si armik i vot\u00ebs s\u00eb lir\u00eb, si armik i pluralizmit, si armik i opozitarizmit, si bashk\u00ebpun\u00ebtor me krimin, si hajdut i pap\u00ebrmbajtur, si narkodiktator.<\/p>\n<p>Tani, kjo damksoje \u00ebsht\u00eb kushtrim p\u00ebr \u00e7do shqiptar. T\u00eb q\u00ebndrosh n\u00eb an\u00ebn e drejt\u00eb t\u00eb historis\u00eb, do t\u00eb thot\u00eb t\u00eb qendrosh n\u00eb an\u00ebn e kombeve t\u00eb lira, kombeve t\u00eb civilizuara, kombeve t\u00eb qytet\u00ebruara dhe jo narkodiktaturave.<\/p>\n<p>Jo vet\u00ebm, miq. Edi Rama i ka koh\u00ebrat e num\u00ebruara dhe un\u00eb ju jap ju fjal\u00ebn se ai do ket\u00eb fundin q\u00eb meriton. Po, ta dij\u00eb.<\/p>\n<p>Ai nuk ka m\u00eb mb\u00ebshtetjen e monstr\u00ebs s\u00eb njer\u00ebzimit, q\u00eb quhet Xhorxh Soros. Atij ia shtypi kok\u00ebn Presidenti Donald Trump n\u00eb Uashington.<\/p>\n<p>Ai loboi dhe mendoi se lau duart me Sali Berish\u00ebn, duke firmosur shpalljen e tij non grata.<\/p>\n<p>Tani, dy fjal\u00eb do u them un\u00eb ju k\u00ebtu. Ai q\u00eb firmosi me lobimin e Sorosit dhe t\u00eb Edi Ram\u00ebs, ai b\u00ebri dy gabime t\u00eb m\u00ebdha.<\/p>\n<p>E para gaboi, sepse ne shqiptar\u00ebt, e kemi n\u00eb kod dhe gene adhurimin p\u00ebr mikun, po e kemi dhe nj\u00eb fjal\u00eb: Zot, na ruaj nga miku, se nga armiku ruhem vet!<\/p>\n<p>Ai e b\u00ebri k\u00ebt\u00eb gabim t\u00eb madh. Gabimi i dyt\u00eb i madh ishte se, ai nuk u fut n\u00eb Google t\u00eb shihte Shk\u00eblzenin. Po t\u00eb kishte par\u00eb Shk\u00eblzenin mir\u00eb e mir\u00eb, do kuptonte q\u00eb veprimin e tij, malin e Shk\u00eblzenit, jo djalin, po t\u00eb shihte Shk\u00eblzenin, nuk do t\u00eb firmoste at\u00eb gj\u00eb. Mir\u00ebpo sot, ku \u00ebsht\u00eb ky njeri? Sot, ky \u00ebsht\u00eb n\u00eb koshin e plehrave t\u00eb historis\u00eb t\u00eb vendit t\u00eb tij.<\/p>\n<p>I pad\u00ebshiruar n\u00eb t\u00eb gjitha nd\u00ebrtesat federative t\u00eb SHBA-ve. I shpallur nga presidenti Donald Trump.<\/p>\n<p>Edi Rama, t\u00eb jap fjal\u00ebn se do p\u00ebrfundosh m\u00eb keq se ai.<\/p>\n<p>Tropoja madh\u00ebshtore, Shqip\u00ebria madh\u00ebshtore \u00ebsht\u00eb zotimi yn\u00eb solemn para jush.<\/p>\n<p>Rroft\u00eb Tropoja, rroft\u00eb Shqip\u00ebria!<\/p>\n<p>Fitore, fitore, fitore!<\/p>\n","protected":false},"excerpt":{"rendered":"<p>N\u00eb fjal\u00ebn e mbajtur n\u00eb qytetin e Bajram Currit, kryetari i PD-s\u00eb, Sali Berisha theksoi se, Edi Rama i ka koh\u00ebt e num\u00ebruara. Berisha tha se, Edi Rama i ka koh\u00ebrat e num\u00ebruara, dhe un\u00eb ju jap ju fjal\u00ebn se ai do ket\u00eb fundin q\u00eb meriton. Po, ta dij\u00eb. Ai nuk ka m\u00eb mb\u00ebshtetjen e &hellip;<\/p>\n","protected":false},"author":4,"featured_media":112754,"comment_status":"closed","ping_status":"closed","sticky":false,"template":"","format":"standard","meta":{"footnotes":""},"categories":[37],"tags":[],"class_list":["post-112761","post","type-post","status-publish","format-standard","has-post-thumbnail","","category-politike"],"_links":{"self":[{"href":"https:\/\/rdnews.al\/index.php\/wp-json\/wp\/v2\/posts\/112761","targetHints":{"allow":["GET"]}}],"collection":[{"href":"https:\/\/rdnews.al\/index.php\/wp-json\/wp\/v2\/posts"}],"about":[{"href":"https:\/\/rdnews.al\/index.php\/wp-json\/wp\/v2\/types\/post"}],"author":[{"embeddable":true,"href":"https:\/\/rdnews.al\/index.php\/wp-json\/wp\/v2\/users\/4"}],"replies":[{"embeddable":true,"href":"https:\/\/rdnews.al\/index.php\/wp-json\/wp\/v2\/comments?post=112761"}],"version-history":[{"count":1,"href":"https:\/\/rdnews.al\/index.php\/wp-json\/wp\/v2\/posts\/112761\/revisions"}],"predecessor-version":[{"id":112762,"href":"https:\/\/rdnews.al\/index.php\/wp-json\/wp\/v2\/posts\/112761\/revisions\/112762"}],"wp:featuredmedia":[{"embeddable":true,"href":"https:\/\/rdnews.al\/index.php\/wp-json\/wp\/v2\/media\/112754"}],"wp:attachment":[{"href":"https:\/\/rdnews.al\/index.php\/wp-json\/wp\/v2\/media?parent=112761"}],"wp:term":[{"taxonomy":"category","embeddable":true,"href":"https:\/\/rdnews.al\/index.php\/wp-json\/wp\/v2\/categories?post=112761"},{"taxonomy":"post_tag","embeddable":true,"href":"https:\/\/rdnews.al\/index.php\/wp-json\/wp\/v2\/tags?post=112761"}],"curies":[{"name":"wp","href":"https:\/\/api.w.org\/{rel}","templated":true}]}}