{"id":112766,"date":"2025-05-04T12:19:59","date_gmt":"2025-05-04T12:19:59","guid":{"rendered":"https:\/\/rdnews.al\/?p=112766"},"modified":"2025-05-04T22:03:38","modified_gmt":"2025-05-04T22:03:38","slug":"berisha-rikthehet-ne-sheshin-skenderbej-per-nje-mbyllje-madheshtore-te-fushates-te-premten","status":"publish","type":"post","link":"https:\/\/rdnews.al\/index.php\/2025\/05\/04\/berisha-rikthehet-ne-sheshin-skenderbej-per-nje-mbyllje-madheshtore-te-fushates-te-premten\/","title":{"rendered":"Berisha rikthehet n\u00eb sheshin \u201cSk\u00ebnd\u00ebrbej\u201d p\u00ebr nj\u00eb mbyllje madh\u00ebshtore t\u00eb fushat\u00ebs t\u00eb premten"},"content":{"rendered":"<p>Kryetari i opozit\u00ebs, Sali Berisha do t\u00eb rikthehet n\u00eb sheshin \u201cSk\u00ebnd\u00ebrbej\u201d p\u00ebr nj\u00eb mbyllje madh\u00ebshtore t\u00eb fushat\u00ebs s\u00eb fitores s\u00eb zgjedhjeve t\u00eb 11 majit.<\/p>\n<p>Mitingu do t\u00eb mbahet dit\u00ebn e premte n\u00eb ora 19.00.<\/p>\n","protected":false},"excerpt":{"rendered":"<p>Kryetari i opozit\u00ebs, Sali Berisha do t\u00eb rikthehet n\u00eb sheshin \u201cSk\u00ebnd\u00ebrbej\u201d p\u00ebr nj\u00eb mbyllje madh\u00ebshtore t\u00eb fushat\u00ebs s\u00eb fitores s\u00eb zgjedhjeve t\u00eb 11 majit. Mitingu do t\u00eb mbahet dit\u00ebn e premte n\u00eb ora 19.00.<\/p>\n","protected":false},"author":3,"featured_media":112767,"comment_status":"closed","ping_status":"closed","sticky":false,"template":"","format":"standard","meta":{"footnotes":""},"categories":[40],"tags":[],"class_list":["post-112766","post","type-post","status-publish","format-standard","has-post-thumbnail","","category-aktualitet"],"_links":{"self":[{"href":"https:\/\/rdnews.al\/index.php\/wp-json\/wp\/v2\/posts\/112766","targetHints":{"allow":["GET"]}}],"collection":[{"href":"https:\/\/rdnews.al\/index.php\/wp-json\/wp\/v2\/posts"}],"about":[{"href":"https:\/\/rdnews.al\/index.php\/wp-json\/wp\/v2\/types\/post"}],"author":[{"embeddable":true,"href":"https:\/\/rdnews.al\/index.php\/wp-json\/wp\/v2\/users\/3"}],"replies":[{"embeddable":true,"href":"https:\/\/rdnews.al\/index.php\/wp-json\/wp\/v2\/comments?post=112766"}],"version-history":[{"count":1,"href":"https:\/\/rdnews.al\/index.php\/wp-json\/wp\/v2\/posts\/112766\/revisions"}],"predecessor-version":[{"id":112768,"href":"https:\/\/rdnews.al\/index.php\/wp-json\/wp\/v2\/posts\/112766\/revisions\/112768"}],"wp:featuredmedia":[{"embeddable":true,"href":"https:\/\/rdnews.al\/index.php\/wp-json\/wp\/v2\/media\/112767"}],"wp:attachment":[{"href":"https:\/\/rdnews.al\/index.php\/wp-json\/wp\/v2\/media?parent=112766"}],"wp:term":[{"taxonomy":"category","embeddable":true,"href":"https:\/\/rdnews.al\/index.php\/wp-json\/wp\/v2\/categories?post=112766"},{"taxonomy":"post_tag","embeddable":true,"href":"https:\/\/rdnews.al\/index.php\/wp-json\/wp\/v2\/tags?post=112766"}],"curies":[{"name":"wp","href":"https:\/\/api.w.org\/{rel}","templated":true}]}}