{"id":112777,"date":"2025-05-04T21:23:27","date_gmt":"2025-05-04T21:23:27","guid":{"rendered":"https:\/\/rdnews.al\/?p=112777"},"modified":"2025-05-04T21:23:27","modified_gmt":"2025-05-04T21:23:27","slug":"lacivita-paralajmeron-ramen-degjoje-mire-thirrjen-e-bufit","status":"publish","type":"post","link":"https:\/\/rdnews.al\/index.php\/2025\/05\/04\/lacivita-paralajmeron-ramen-degjoje-mire-thirrjen-e-bufit\/","title":{"rendered":"LaCivita paralajm\u00ebron Ram\u00ebn: D\u00ebgjoje mir\u00eb thirrjen e \u201cbufit\u201d"},"content":{"rendered":"<p>Kryestrategu i fushat\u00ebs s\u00eb opozit\u00ebs shqiptare, nj\u00eb nga figurat ky\u00e7e q\u00eb q\u00ebndron pas fitores s\u00eb presidentit Donald Trump n\u00eb SHBA, ka b\u00ebr\u00eb nj\u00eb tjet\u00ebr nd\u00ebrhyrje t\u00eb spikatur n\u00eb rrjetet sociale. K\u00ebsaj here, ai ka publikuar nj\u00eb poezi me titull &#8216;P\u00ebshp\u00ebrima e Bufit&#8217;, nj\u00eb p\u00ebrgjigje ironike ndaj kryeministrit Edi Rama, i cili prej koh\u00ebsh e ka quajtur Sali Berish\u00ebn, liderin historik t\u00eb opozit\u00ebs, me nofk\u00ebn &#8216;buf&#8217;. Frym\u00ebzuar nga poezia &#8216;The Owl&#8217; e Edward Thomas, krijimi poetik kthehet n\u00eb nj\u00eb mjet thumbues, por t\u00eb rafinuar, p\u00ebr t\u00eb kthyer simbolik\u00ebn e bufit nga nj\u00eb p\u00ebrqeshje politike n\u00eb nj\u00eb emblem\u00eb urt\u00ebsie, vigjilence dhe qet\u00ebsie shpirt\u00ebrore. N\u00eb vargjet e tij, bufi p\u00ebrshkruhet si nj\u00eb v\u00ebzhgues i men\u00e7ur q\u00eb sheh p\u00ebrtej sip\u00ebrfaqes, nj\u00eb figur\u00eb q\u00eb ruan kujtes\u00ebn dhe t\u00eb v\u00ebrtet\u00ebn n\u00eb nj\u00eb bot\u00eb zhurmash dhe mashtrimesh. &#8216;D\u00ebgjoje mir\u00eb thirrjen e bufit&#8217;, shkruan ai, duke i dh\u00ebn\u00eb nj\u00eb nuanc\u00eb paralajm\u00ebruese mesazhit t\u00eb tij. Me k\u00ebt\u00eb l\u00ebvizje, kryestrategu e pozicionon figur\u00ebn e Berish\u00ebs jo si t\u00eb kaluar, por si kujdestar t\u00eb heshtur t\u00eb koh\u00ebve t\u00eb v\u00ebshtira.<\/p>\n","protected":false},"excerpt":{"rendered":"<p>Kryestrategu i fushat\u00ebs s\u00eb opozit\u00ebs shqiptare, nj\u00eb nga figurat ky\u00e7e q\u00eb q\u00ebndron pas fitores s\u00eb presidentit Donald Trump n\u00eb SHBA, ka b\u00ebr\u00eb nj\u00eb tjet\u00ebr nd\u00ebrhyrje t\u00eb spikatur n\u00eb rrjetet sociale. K\u00ebsaj here, ai ka publikuar nj\u00eb poezi me titull &#8216;P\u00ebshp\u00ebrima e Bufit&#8217;, nj\u00eb p\u00ebrgjigje ironike ndaj kryeministrit Edi Rama, i cili prej koh\u00ebsh e ka &hellip;<\/p>\n","protected":false},"author":3,"featured_media":111534,"comment_status":"closed","ping_status":"closed","sticky":false,"template":"","format":"standard","meta":{"footnotes":""},"categories":[37],"tags":[],"class_list":["post-112777","post","type-post","status-publish","format-standard","has-post-thumbnail","","category-politike"],"_links":{"self":[{"href":"https:\/\/rdnews.al\/index.php\/wp-json\/wp\/v2\/posts\/112777","targetHints":{"allow":["GET"]}}],"collection":[{"href":"https:\/\/rdnews.al\/index.php\/wp-json\/wp\/v2\/posts"}],"about":[{"href":"https:\/\/rdnews.al\/index.php\/wp-json\/wp\/v2\/types\/post"}],"author":[{"embeddable":true,"href":"https:\/\/rdnews.al\/index.php\/wp-json\/wp\/v2\/users\/3"}],"replies":[{"embeddable":true,"href":"https:\/\/rdnews.al\/index.php\/wp-json\/wp\/v2\/comments?post=112777"}],"version-history":[{"count":1,"href":"https:\/\/rdnews.al\/index.php\/wp-json\/wp\/v2\/posts\/112777\/revisions"}],"predecessor-version":[{"id":112778,"href":"https:\/\/rdnews.al\/index.php\/wp-json\/wp\/v2\/posts\/112777\/revisions\/112778"}],"wp:featuredmedia":[{"embeddable":true,"href":"https:\/\/rdnews.al\/index.php\/wp-json\/wp\/v2\/media\/111534"}],"wp:attachment":[{"href":"https:\/\/rdnews.al\/index.php\/wp-json\/wp\/v2\/media?parent=112777"}],"wp:term":[{"taxonomy":"category","embeddable":true,"href":"https:\/\/rdnews.al\/index.php\/wp-json\/wp\/v2\/categories?post=112777"},{"taxonomy":"post_tag","embeddable":true,"href":"https:\/\/rdnews.al\/index.php\/wp-json\/wp\/v2\/tags?post=112777"}],"curies":[{"name":"wp","href":"https:\/\/api.w.org\/{rel}","templated":true}]}}