{"id":112881,"date":"2025-05-05T12:08:59","date_gmt":"2025-05-05T12:08:59","guid":{"rendered":"https:\/\/rdnews.al\/?p=112881"},"modified":"2025-05-05T14:01:09","modified_gmt":"2025-05-05T14:01:09","slug":"berisha-do-mbrojme-shendetin-e-minatoreve-renta-minerare-do-ti-mbetet-komunitetit-lokal","status":"publish","type":"post","link":"https:\/\/rdnews.al\/index.php\/2025\/05\/05\/berisha-do-mbrojme-shendetin-e-minatoreve-renta-minerare-do-ti-mbetet-komunitetit-lokal\/","title":{"rendered":"Berisha: Do mbrojm\u00eb sh\u00ebndetin e minator\u00ebve! Renta minerare do t\u2019i mbetet komunitetit lokal!"},"content":{"rendered":"<p>Kryetari i PD, gjat\u00eb fjal\u00ebs s\u00eb tij n\u00eb takimin n\u00eb Bulqiz\u00eb tha se, trajtimi mjek\u00ebsor do jet\u00eb krejt\u00ebsisht i ve\u00e7ant\u00eb, sipas profilit t\u00eb minierave. Ai tha se, renta minerare do t\u2019i mbetet komunitetit lokal!<br \/>\n\u201cTrajtimi mjek\u00ebsor do jet\u00eb krejt\u00ebsisht i ve\u00e7ant\u00eb, sipas profilit t\u00eb minierave.<br \/>\nDo mbrohet me \u00e7do kusht sh\u00ebndeti juaj.<br \/>\nMinierat kan\u00eb grimcat, \u00ebsht\u00eb e njohur.<br \/>\nPra, sh\u00ebndeti i minatorit do ket\u00eb nj\u00eb p\u00ebrpar\u00ebsi t\u00eb madhe.<br \/>\nKarta e konsumatorit do shtrihet tek t\u00eb gjith\u00eb minator\u00ebt, zjarrtar\u00ebt, gjeolog\u00ebt.<br \/>\nKarta e konsumatorit do t\u00eb thot\u00eb q\u00eb do blini \u00e7do gj\u00eb q\u00eb u duhet p\u00ebr jetes\u00ebn tuaj 20 p\u00ebrqind m\u00eb lir\u00eb.<br \/>\nTjet\u00ebr. Ne fut\u00ebm p\u00ebr her\u00eb t\u00eb par\u00eb rent\u00ebn sepse ne jemi parti e takave t\u00eb ul\u00ebta. Ajo taks\u00eb t\u00eb ngelej p\u00ebr Bulqiz\u00ebn, p\u00ebr shkollat, p\u00ebr qendr\u00ebn sh\u00ebndet\u00ebsore.<br \/>\nMerr fund!<br \/>\nDhe marr\u00ebveshja nd\u00ebrkomb\u00ebtare e Shqip\u00ebris\u00eb p\u00ebr rent\u00ebn ka k\u00ebt\u00eb p\u00ebrcaktim.<br \/>\nRenta u vendos mbi nj\u00eb kuad\u00ebr nd\u00ebrkomb\u00ebtar t\u00eb OKB, sipas t\u00eb cil\u00ebs ajo duhet t\u00eb merret dhe t\u2019u jepet autoriteteve lokale p\u00ebr nevoja. K\u00ebta e grabisin, e marrin vet\u00eb.<br \/>\nMerr fund ajo. Renta do i mbetet komunitetit lokal.<br \/>\nDhe ky status, kjo situat\u00eb do shtrihet n\u00eb t\u00eb gjith\u00eb Shqip\u00ebrin\u00eb. Pa p\u00ebrjashtim.<br \/>\nMade in Albania \u00ebsht\u00eb shtylla e dyt\u00eb kryesore e prodhimit ton\u00eb. Krenaria jon\u00eb \u00ebsht\u00eb prodhimi yn\u00eb komb\u00ebtar.<br \/>\nDhe ne mund t\u00eb nxjerrim minerale ndoshta m\u00eb shum\u00eb se \u00e7do vend tjet\u00ebr n\u00eb Ballkan. Askush nuk ka shum\u00ebllojshm\u00ebrin\u00eb e mineraleve dhe minierave tona.<br \/>\nJo vet\u00ebm do i nxjerrim, por do i shnd\u00ebrrojm\u00eb m\u00eb pasuri dhe mir\u00ebqenie p\u00ebr ju.<br \/>\nUn\u00eb p\u00ebrg\u00ebzoj zotin Spahiu p\u00ebr angazhimin e tij direkt dhe zotin G\u00ebzim Kalaja, q\u00eb me aq vendosm\u00ebri ka mbrojtur kauz\u00ebn tuaj. Kauza juaj \u00ebsht\u00eb e drejt\u00eb dhe ajo kauz\u00eb me dat\u00ebn 11 Maj triumfon n\u00eb m\u00ebnyr\u00eb p\u00ebrfundimtare.<br \/>\nUn\u00eb personalisht u them ju se at\u00eb e grupoi si nj\u00eb borxh q\u00eb Shqip\u00ebria ka ndaj jush. Dhe borxhi do kthehet. Borxhliu q\u00eb nuk kthen borxhin \u00ebsht\u00eb i mjer\u00eb.<br \/>\nNe do u vendosim ju n\u00eb piedestalin q\u00eb meritoni!<br \/>\nMiq, ky \u00ebsht\u00eb programi yn\u00eb p\u00ebr minator\u00ebt.<br \/>\nPor d\u00ebgjojeni pak programin tjet\u00ebr. Nj\u00eb pyetje t\u2019u b\u00ebj, po \u00e7far\u00eb i hyn n\u00eb pun\u00eb minator\u00ebve q\u00eb rraskapiten 8 or\u00eb n\u00eb galeri, Lamborghini i Noizit? M\u00eb thoni ju mua?<br \/>\n\u00c7far\u00eb u sjell minator\u00ebve Lamborghini i Noizit. Sot ai n\u00eb Devoll, mosha e ka b\u00ebr\u00eb t\u00eb rrjedhur Berish\u00ebs.<br \/>\nUn\u00eb nuk i them se je i rrjedhur Edi Rama.<br \/>\nEdi, nuk je i rrjedhur, por je i trembur. Je i tmerruar. Ti edhe klounin b\u00ebn, por prap\u00eb hajde k\u00ebtu n\u00eb k\u00ebt\u00eb sall\u00eb t\u00eb dalim p\u00ebrpara k\u00ebtyre burrave.<br \/>\nPo ta mban, hajde k\u00ebtu, mos dil me Lamborhinin e Noizit, po dil me k\u00ebta.<br \/>\nDil pak k\u00ebtu, d\u00ebgjoji k\u00ebta burrash se \u00e7far\u00eb sakrificash b\u00ebjn\u00eb.<br \/>\nPo ty nuk ta vret fare p\u00ebr ta se mendjen e ke te Lamborghin\u00ebt, e ke te Kopshti i Edenit q\u00eb e blen 5 milion\u00eb euro p\u00ebr t\u00eb eglendisur syt\u00eb, dhe t\u00eb s\u00ebmur\u00ebt i l\u00eb pa ila\u00e7e n\u00eb Spitalin Onkologjik.<br \/>\nNdaj dhe l\u00ebri ato ti..<br \/>\nAi b\u00ebn klounin, po nuk \u00ebsht\u00eb as kloun.<br \/>\nProblemi i tij \u00ebsht\u00eb se nuk di ku t\u00eb fus\u00eb kok\u00ebn.<br \/>\nAi \u00ebsht\u00eb n\u00eb rreth t\u00eb kuq, prandaj b\u00ebn klounin. Ai \u00ebsht\u00eb n\u00eb rreth t\u00eb kuq sepse si\u00e7 u damkos n\u00eb rezolut\u00ebn e udh\u00ebheqjes politike m\u00eb kryesore t\u00eb Europ\u00ebs, ky \u00ebsht\u00eb armik i pluralizmit, ky \u00ebsht\u00eb armik i opozit\u00ebs, ky \u00ebsht\u00eb sip\u00ebrmarr\u00ebs i p\u00ebrbashk\u00ebt me krimin.<br \/>\nNdaj ta kesh t\u00eb qart\u00eb ai se kurr\u00eb, deri n\u00eb or\u00ebn e fundit t\u00eb jet\u00ebs s\u00eb tij, k\u00ebto damka nuk i hiqen.<br \/>\nNuk del nga rrethi i kuq m\u00eb\u201d, tha Berisha.<\/p>\n","protected":false},"excerpt":{"rendered":"<p>Kryetari i PD, gjat\u00eb fjal\u00ebs s\u00eb tij n\u00eb takimin n\u00eb Bulqiz\u00eb tha se, trajtimi mjek\u00ebsor do jet\u00eb krejt\u00ebsisht i ve\u00e7ant\u00eb, sipas profilit t\u00eb minierave. Ai tha se, renta minerare do t\u2019i mbetet komunitetit lokal! \u201cTrajtimi mjek\u00ebsor do jet\u00eb krejt\u00ebsisht i ve\u00e7ant\u00eb, sipas profilit t\u00eb minierave. Do mbrohet me \u00e7do kusht sh\u00ebndeti juaj. Minierat kan\u00eb grimcat, &hellip;<\/p>\n","protected":false},"author":4,"featured_media":112896,"comment_status":"closed","ping_status":"closed","sticky":false,"template":"","format":"standard","meta":{"footnotes":""},"categories":[37],"tags":[],"class_list":["post-112881","post","type-post","status-publish","format-standard","has-post-thumbnail","","category-politike"],"_links":{"self":[{"href":"https:\/\/rdnews.al\/index.php\/wp-json\/wp\/v2\/posts\/112881","targetHints":{"allow":["GET"]}}],"collection":[{"href":"https:\/\/rdnews.al\/index.php\/wp-json\/wp\/v2\/posts"}],"about":[{"href":"https:\/\/rdnews.al\/index.php\/wp-json\/wp\/v2\/types\/post"}],"author":[{"embeddable":true,"href":"https:\/\/rdnews.al\/index.php\/wp-json\/wp\/v2\/users\/4"}],"replies":[{"embeddable":true,"href":"https:\/\/rdnews.al\/index.php\/wp-json\/wp\/v2\/comments?post=112881"}],"version-history":[{"count":1,"href":"https:\/\/rdnews.al\/index.php\/wp-json\/wp\/v2\/posts\/112881\/revisions"}],"predecessor-version":[{"id":112883,"href":"https:\/\/rdnews.al\/index.php\/wp-json\/wp\/v2\/posts\/112881\/revisions\/112883"}],"wp:featuredmedia":[{"embeddable":true,"href":"https:\/\/rdnews.al\/index.php\/wp-json\/wp\/v2\/media\/112896"}],"wp:attachment":[{"href":"https:\/\/rdnews.al\/index.php\/wp-json\/wp\/v2\/media?parent=112881"}],"wp:term":[{"taxonomy":"category","embeddable":true,"href":"https:\/\/rdnews.al\/index.php\/wp-json\/wp\/v2\/categories?post=112881"},{"taxonomy":"post_tag","embeddable":true,"href":"https:\/\/rdnews.al\/index.php\/wp-json\/wp\/v2\/tags?post=112881"}],"curies":[{"name":"wp","href":"https:\/\/api.w.org\/{rel}","templated":true}]}}