{"id":112955,"date":"2025-05-05T18:36:23","date_gmt":"2025-05-05T18:36:23","guid":{"rendered":"https:\/\/rdnews.al\/?p=112955"},"modified":"2025-05-05T18:36:23","modified_gmt":"2025-05-05T18:36:23","slug":"video-ps-braktiset-edhe-ne-astir","status":"publish","type":"post","link":"https:\/\/rdnews.al\/index.php\/2025\/05\/05\/video-ps-braktiset-edhe-ne-astir\/","title":{"rendered":"Video\/ PS braktiset edhe n\u00eb Astir"},"content":{"rendered":"<p>Teksa vendi \u00ebsht\u00eb futur n\u00eb jav\u00ebn e fundit t\u00eb fushat\u00ebs elektorale, duket se Partia Socialiste \u00ebsht\u00eb braktisur nga shqiptar\u00ebt.<\/p>\n<p>N\u00eb nj\u00eb video t\u00eb siguruar nga Boldne\u00ebs.al, nga nj\u00eb miting i PS n\u00eb zon\u00ebn e Astirit n\u00eb Tiran\u00eb, v\u00ebrehet nj\u00eb num\u00ebr i pak\u00ebt i pjes\u00ebmarr\u00ebsve.<\/p>\n<div><iframe loading=\"lazy\" src=\"https:\/\/streamable.com\/e\/p10twz?\" width=\"100%\" height=\"100%\" allowfullscreen=\"allowfullscreen\" data-mce-fragment=\"1\"><\/iframe><\/div>\n<p>Astiri \u00ebsht\u00eb nj\u00eb nga zonat m\u00eb t\u00eb populluara t\u00eb Tiran\u00ebs, ku mungojn\u00eb institucionet arsimore dhe hap\u00ebsirat publike, q\u00eb ka rritur pak\u00ebnaq\u00ebsit\u00eb ndaj qeveris\u00eb, duke e braktisur edhe n\u00eb takime elektorale.<\/p>\n<p><img loading=\"lazy\" decoding=\"async\" class=\"alignnone size-medium wp-image-1542880\" src=\"https:\/\/boldnews.al\/wp-content\/uploads\/2025\/05\/e7f032da-b37b-4301-8245-9a2ceb11be75-640x853.jpg\" sizes=\"auto, (max-width: 640px) 100vw, 640px\" srcset=\"https:\/\/boldnews.al\/wp-content\/uploads\/2025\/05\/e7f032da-b37b-4301-8245-9a2ceb11be75-640x853.jpg 640w, https:\/\/boldnews.al\/wp-content\/uploads\/2025\/05\/e7f032da-b37b-4301-8245-9a2ceb11be75-1024x1365.jpg 1024w, https:\/\/boldnews.al\/wp-content\/uploads\/2025\/05\/e7f032da-b37b-4301-8245-9a2ceb11be75-1152x1536.jpg 1152w, https:\/\/boldnews.al\/wp-content\/uploads\/2025\/05\/e7f032da-b37b-4301-8245-9a2ceb11be75-750x1000.jpg 750w, https:\/\/boldnews.al\/wp-content\/uploads\/2025\/05\/e7f032da-b37b-4301-8245-9a2ceb11be75-1140x1520.jpg 1140w, https:\/\/boldnews.al\/wp-content\/uploads\/2025\/05\/e7f032da-b37b-4301-8245-9a2ceb11be75.jpg 1200w\" alt=\"\" width=\"640\" height=\"853\" data-pin-no-hover=\"true\" \/><\/p>\n<p>Duket se qytetar\u00ebt jan\u00eb indeferent ndaj partis\u00eb e cila p\u00ebr 12 vite me radh\u00eb ka qeverisur vendin dhe \u00ebsht\u00eb zhytur n\u00eb skandale t\u00eb m\u00ebdha korruptuve, ku nj\u00eb pjes\u00eb e r\u00ebnd\u00ebsishme e zyrtar\u00ebve t\u00eb saj jan\u00eb n\u00eb qeli.<\/p>\n","protected":false},"excerpt":{"rendered":"<p>Teksa vendi \u00ebsht\u00eb futur n\u00eb jav\u00ebn e fundit t\u00eb fushat\u00ebs elektorale, duket se Partia Socialiste \u00ebsht\u00eb braktisur nga shqiptar\u00ebt. N\u00eb nj\u00eb video t\u00eb siguruar nga Boldne\u00ebs.al, nga nj\u00eb miting i PS n\u00eb zon\u00ebn e Astirit n\u00eb Tiran\u00eb, v\u00ebrehet nj\u00eb num\u00ebr i pak\u00ebt i pjes\u00ebmarr\u00ebsve. Astiri \u00ebsht\u00eb nj\u00eb nga zonat m\u00eb t\u00eb populluara t\u00eb Tiran\u00ebs, ku &hellip;<\/p>\n","protected":false},"author":4,"featured_media":112957,"comment_status":"closed","ping_status":"closed","sticky":false,"template":"","format":"standard","meta":{"footnotes":""},"categories":[37],"tags":[],"class_list":["post-112955","post","type-post","status-publish","format-standard","has-post-thumbnail","","category-politike"],"_links":{"self":[{"href":"https:\/\/rdnews.al\/index.php\/wp-json\/wp\/v2\/posts\/112955","targetHints":{"allow":["GET"]}}],"collection":[{"href":"https:\/\/rdnews.al\/index.php\/wp-json\/wp\/v2\/posts"}],"about":[{"href":"https:\/\/rdnews.al\/index.php\/wp-json\/wp\/v2\/types\/post"}],"author":[{"embeddable":true,"href":"https:\/\/rdnews.al\/index.php\/wp-json\/wp\/v2\/users\/4"}],"replies":[{"embeddable":true,"href":"https:\/\/rdnews.al\/index.php\/wp-json\/wp\/v2\/comments?post=112955"}],"version-history":[{"count":1,"href":"https:\/\/rdnews.al\/index.php\/wp-json\/wp\/v2\/posts\/112955\/revisions"}],"predecessor-version":[{"id":112958,"href":"https:\/\/rdnews.al\/index.php\/wp-json\/wp\/v2\/posts\/112955\/revisions\/112958"}],"wp:featuredmedia":[{"embeddable":true,"href":"https:\/\/rdnews.al\/index.php\/wp-json\/wp\/v2\/media\/112957"}],"wp:attachment":[{"href":"https:\/\/rdnews.al\/index.php\/wp-json\/wp\/v2\/media?parent=112955"}],"wp:term":[{"taxonomy":"category","embeddable":true,"href":"https:\/\/rdnews.al\/index.php\/wp-json\/wp\/v2\/categories?post=112955"},{"taxonomy":"post_tag","embeddable":true,"href":"https:\/\/rdnews.al\/index.php\/wp-json\/wp\/v2\/tags?post=112955"}],"curies":[{"name":"wp","href":"https:\/\/api.w.org\/{rel}","templated":true}]}}