{"id":113027,"date":"2025-05-06T11:50:03","date_gmt":"2025-05-06T11:50:03","guid":{"rendered":"https:\/\/rdnews.al\/?p=113027"},"modified":"2025-05-06T11:50:03","modified_gmt":"2025-05-06T11:50:03","slug":"presidenti-i-grupit-te-senatoreve-te-forza-italia-mbeshtet-pd-dhe-berishen-ne-zgjedhjet-e-11-majit","status":"publish","type":"post","link":"https:\/\/rdnews.al\/index.php\/2025\/05\/06\/presidenti-i-grupit-te-senatoreve-te-forza-italia-mbeshtet-pd-dhe-berishen-ne-zgjedhjet-e-11-majit\/","title":{"rendered":"Presidenti i grupit t\u00eb senator\u00ebve t\u00eb Forza Italia mb\u00ebshtet PD dhe Berish\u00ebn n\u00eb zgjedhjet e 11 majit"},"content":{"rendered":"<div class=\"readmore-text-here\">\n<p>Forza Italia mb\u00ebshtet Partin\u00eb Demokratike n\u00eb zgjedhjet e 11 majit.\u00a0Maurizio Gasparri, presidenti i grupit t\u00eb senator\u00ebve t\u00eb Forza Italia ka postuar nj\u00eb foto krah Sali Berish\u00ebs gjat\u00eb kongresit\u00a0 t\u00eb Partis\u00eb Popullore Europiane.<\/p>\n<p>&#8220;Kongresi i PPE-s\u00eb \u00ebsht\u00eb edhe nj\u00eb mund\u00ebsi e mir\u00eb p\u00ebr t\u00eb takuar miqt\u00eb e vjet\u00ebr, Sali Berisha ish-president dhe ish-kryeminist\u00ebr i Shqip\u00ebris\u00eb&#8221;, shkruan ai.<\/p>\n<p>Fitorja e Berish\u00ebs n\u00eb zgjedhjet e 11 majit do t&#8217;i jap\u00eb fund 12 viteve t\u00eb keqqeverisjes s\u00eb Edi Ram\u00ebs.<\/p>\n<div id=\"rekl-13\">\n<div id=\"__sap-ad-15\" class=\"__sap-ads __sap-html inline tracked\" data-title=\"Credins desktop Brenda lajmit 08\"><ins><\/p>\n<div id=\"beacon_62e1ea2f2d\"><img decoding=\"async\" src=\"https:\/\/www.syri.net\/uploads\/syri.net\/images\/2025\/May\/06\/auto_WhatsApp_Image_2025-05-06_at_12.50.491746529852.jpeg\" alt=\"Image\" \/><\/div>\n<p><\/ins><\/div>\n<\/div>\n<div id=\"rekl-42\"><\/div>\n<div id=\"rekl-57\"><\/div>\n<\/div>\n<div id=\"rekl-33\"><\/div>\n","protected":false},"excerpt":{"rendered":"<p>Forza Italia mb\u00ebshtet Partin\u00eb Demokratike n\u00eb zgjedhjet e 11 majit.\u00a0Maurizio Gasparri, presidenti i grupit t\u00eb senator\u00ebve t\u00eb Forza Italia ka postuar nj\u00eb foto krah Sali Berish\u00ebs gjat\u00eb kongresit\u00a0 t\u00eb Partis\u00eb Popullore Europiane. &#8220;Kongresi i PPE-s\u00eb \u00ebsht\u00eb edhe nj\u00eb mund\u00ebsi e mir\u00eb p\u00ebr t\u00eb takuar miqt\u00eb e vjet\u00ebr, Sali Berisha ish-president dhe ish-kryeminist\u00ebr i Shqip\u00ebris\u00eb&#8221;, shkruan &hellip;<\/p>\n","protected":false},"author":4,"featured_media":113028,"comment_status":"closed","ping_status":"closed","sticky":false,"template":"","format":"standard","meta":{"footnotes":""},"categories":[37],"tags":[],"class_list":["post-113027","post","type-post","status-publish","format-standard","has-post-thumbnail","","category-politike"],"_links":{"self":[{"href":"https:\/\/rdnews.al\/index.php\/wp-json\/wp\/v2\/posts\/113027","targetHints":{"allow":["GET"]}}],"collection":[{"href":"https:\/\/rdnews.al\/index.php\/wp-json\/wp\/v2\/posts"}],"about":[{"href":"https:\/\/rdnews.al\/index.php\/wp-json\/wp\/v2\/types\/post"}],"author":[{"embeddable":true,"href":"https:\/\/rdnews.al\/index.php\/wp-json\/wp\/v2\/users\/4"}],"replies":[{"embeddable":true,"href":"https:\/\/rdnews.al\/index.php\/wp-json\/wp\/v2\/comments?post=113027"}],"version-history":[{"count":1,"href":"https:\/\/rdnews.al\/index.php\/wp-json\/wp\/v2\/posts\/113027\/revisions"}],"predecessor-version":[{"id":113029,"href":"https:\/\/rdnews.al\/index.php\/wp-json\/wp\/v2\/posts\/113027\/revisions\/113029"}],"wp:featuredmedia":[{"embeddable":true,"href":"https:\/\/rdnews.al\/index.php\/wp-json\/wp\/v2\/media\/113028"}],"wp:attachment":[{"href":"https:\/\/rdnews.al\/index.php\/wp-json\/wp\/v2\/media?parent=113027"}],"wp:term":[{"taxonomy":"category","embeddable":true,"href":"https:\/\/rdnews.al\/index.php\/wp-json\/wp\/v2\/categories?post=113027"},{"taxonomy":"post_tag","embeddable":true,"href":"https:\/\/rdnews.al\/index.php\/wp-json\/wp\/v2\/tags?post=113027"}],"curies":[{"name":"wp","href":"https:\/\/api.w.org\/{rel}","templated":true}]}}