{"id":113033,"date":"2025-05-06T11:55:28","date_gmt":"2025-05-06T11:55:28","guid":{"rendered":"https:\/\/rdnews.al\/?p=113033"},"modified":"2025-05-06T11:55:28","modified_gmt":"2025-05-06T11:55:28","slug":"kur-vesi-i-irenes-me-3-mbiemra-del-me-shpirtin","status":"publish","type":"post","link":"https:\/\/rdnews.al\/index.php\/2025\/05\/06\/kur-vesi-i-irenes-me-3-mbiemra-del-me-shpirtin\/","title":{"rendered":"Kur vesi i Iren\u00ebs me 3 mbiemra del me shpirtin&#8230;"},"content":{"rendered":"<p><strong>Nga Adriana KALAJA<\/strong><\/p>\n<p>N\u00eb nj\u00eb koh\u00eb q\u00eb pothuaj nj\u00eb vit t\u00eb t\u00ebr\u00eb, Irena me 3 mbiemra ka refuzuar t\u00eb jap\u00eb shpjegime p\u00ebr vendimin e d\u00ebbimit n\u00eb Shtetin Grek p\u00ebr 10 vite nga Vendet Shengen, sot, pasi pa e tmerruar se Kryetari i PD e zot\u00ebronte k\u00ebt\u00eb vendim, ka braktisur sall\u00ebn gjyqit n\u00eb panik e sip\u00ebr e paska nxituar t\u00eb jap\u00eb \u2018shpjegime\u2019, duke vijuar mashtrimet e radh\u00ebs.<\/p>\n<p>At\u00eb n\u00eb fakt q\u00eb di m\u00eb mir\u00eb t\u00eb b\u00ebj\u00eb.<\/p>\n<p>P\u00ebrve\u00e7 pazareve p\u00ebr shkak t\u00eb detyr\u00ebs, sigurisht.<\/p>\n<p>Me k\u00ebt\u00eb rast, nisur nga fakti se kam informacion t\u00eb plot\u00eb p\u00ebr \u00e7\u00ebshtjen, sqaroj publikun se:<\/p>\n<p>S\u00eb pari, Irena me 3 mbiemra u p\u00ebrzgjodh nga regjimi, dhe p\u00ebr k\u00ebt\u00eb u hoq dor\u00eb nga ankimi i Komisionerit Publik pa asnj\u00eb arsye t\u00eb qen\u00ebsishme, nj\u00eb dit\u00eb para vendimit n\u00eb KPA.<\/p>\n<p>S\u00eb dyti, po regjimi me KLGJ e zgjedhur me regji t\u00eb Ram\u00ebs dhe Veliajt, dhe prova sot ka plot, e komanduan si Kryetare e Shkall\u00ebs s\u00eb Par\u00eb t\u00eb GJKKO.<\/p>\n<p>S\u00eb treti, duke e komanduar n\u00eb k\u00ebt\u00eb post, n\u00eb kund\u00ebrshtim me ligjin dhe detyr\u00ebn, jasht\u00eb shortit elektronik, mori t\u00eb gjith\u00eb \u00e7\u00ebshtjet e drejtuesve t\u00eb opozit\u00ebs, ku nj\u00eb vend t\u00eb r\u00ebnd\u00ebsish\u00ebm, z\u00eb Dosja \u2018Partizani\u2019 me q\u00ebllimin kryesor persekutimin e Z. Berisha e Z. Malltezi dhe shuarjen e opozit\u00ebs Shqiptare.<\/p>\n<p>Dhe si do shp\u00ebrblehej Irena me 3 mbiemra p\u00ebr k\u00ebt\u00eb sh\u00ebrbim t\u00eb vyer ndaj regjimit?<\/p>\n<p>N\u00eb loj\u00eb vet\u00ebofrohet Ministri i Dosjes 184, ose Ulusiu i \u2018Ma nalt ma nalt\u2019.<\/p>\n<p>Referuar provave q\u00eb disponoj dhe korrespondenc\u00ebs prej gati nj\u00eb viti me Prokurorin\u00eb e P\u00ebrgjithshme, e pasi u p\u00ebrpoq\u00ebn ta linin n\u00eb harres\u00eb, fatkeq\u00ebsisht p\u00ebr ta se un\u00eb nuk i l\u00eb pun\u00ebt n\u00eb mes, n\u00eb shkurt, vjen m\u00eb n\u00eb fund p\u00ebrgjigja e shum\u00eb pritur nga autoritetet greke, ku sipas shkres\u00ebs s\u00eb Gjykat\u00ebs Penale t\u00eb Athin\u00ebs, Irena me 3 mbiemra, \u2018nuk rezultonte e d\u00ebnuar\u2019 nga kjo gjykat\u00eb.<\/p>\n<p>Po k\u00ebshtu, nj\u00eb dokument q\u00eb mu tha se tregonte se Irena me 3 mbiemra nuk ishte ndaluar nga Policia e Janin\u00ebs, nuk mu vu n\u00eb dispozicion, me pretendimin se ishte \u2018shkres\u00eb sekret\u2019, nd\u00ebrkoh\u00eb q\u00eb vet\u00eb jepnin t\u00eb dh\u00ebna lidhur me k\u00ebt\u00eb shkres\u00eb.<\/p>\n<p>Tani do pyesni Ju, shkresa paska ardhur e \u2018bardh\u00eb\u2019 dhe pse thoni q\u00eb Irena me 3 mbiemra vijon mashtrimin?<\/p>\n<p>Se n\u00eb k\u00ebt\u00eb loj\u00eb \u00ebsht\u00eb futur me urdh\u00ebr politik Ministri 184 ose Ulusiu, i cili, q\u00ebllimisht devijoi drejtimin e marjes s\u00eb informacionit nga Gjykata Administrative e Janin\u00ebs, te Gjykata Penale e Athin\u00ebs.<\/p>\n<p>K\u00ebshtu, me detyrimin p\u00ebr t\u00eb qen\u00eb korrekt me publikun, sqaroj se:<\/p>\n<ol>\n<li>Vendimi i vitit 2002 i d\u00ebbimit 10 vje\u00e7ar nga Territori Grek dhe i ndalimit t\u00eb hyrjes n\u00eb Vendet Shengen, \u00ebsht\u00eb dh\u00ebn\u00eb nga Gjykata Administrative e Janin\u00ebs, dhe vendimi nuk mund t\u00eb k\u00ebrkohej n\u00eb Gjykat\u00ebn Penale t\u00eb Janin\u00ebs.<\/li>\n<li>Edhe rr\u00ebzimi i ankimit b\u00ebr\u00eb nga Irena me 3 mbiemra, \u00ebsht\u00eb b\u00ebr\u00eb nga Gjykata e Janin\u00ebs<\/li>\n<li>Vendimi i b\u00ebr\u00eb publik n\u00eb media, tregon qart\u00eb se Gjykata Administrative e Athin\u00ebs n\u00eb vitin 2004, ka shpallur moskompetenc\u00eb territoriale lidhur me k\u00ebt\u00eb \u00e7\u00ebshtje, p\u00ebr shkak se vendimi i d\u00ebbimit ishte dh\u00ebn\u00eb nga Gjykata Administrative e Janin\u00ebs.<\/li>\n<li>Vendimi i sot\u00ebm i b\u00ebr\u00eb publik nga Z. Berisha, tregon qart\u00eb se p\u00ebr k\u00ebt\u00eb \u00e7\u00ebshtje, Irena me 3 mbiemra \u00ebsht\u00eb d\u00ebnuar edhe penalisht.<\/li>\n<li>P\u00ebr t\u00eb dyja k\u00ebto vendime, si ligji i rivler\u00ebsimit t\u00eb magjistrat\u00ebve (vettingu) ashtu dhe ai i dekriminalizimit, DETYRONIN Iren\u00ebn me 3 mbiemra ti deklaronte k\u00ebto vendime.<\/li>\n<\/ol>\n<p>Q\u00eb ta b\u00ebj m\u00eb t\u00eb qart\u00eb:<\/p>\n<p>Nuk mund t\u00eb k\u00ebrkosh nj\u00eb vendim penal n\u00eb Gjykat\u00ebn e Tiran\u00ebs, nd\u00ebrkoh\u00eb q\u00eb vendimin e ka mar\u00eb Gjykata e Shkodr\u00ebs.<\/p>\n<p>Qart\u00ebsisht sa m\u00eb sip\u00ebr, Irena me 3 mbiemra ka mashtruar gjat\u00eb vettingut, ashtu si me pasurin\u00eb p\u00ebr t\u00eb cil\u00ebn do Ju paraqesim shum\u00eb shpejt vettingun real, duke na krijuar bindjen p\u00ebrtej bindjes s\u00eb arsyeshme se k\u00ebto garanci kishte marr\u00eb nga \u2018tutori\u2019 i saj, Edvin Kristaq Rama.<\/p>\n<p>Dhe p\u00ebrtej k\u00ebsaj, vijm\u00eb n\u00eb pik\u00ebn qesharake dhe t\u00eb paprecedent\u00eb ku Prokuroria e P\u00ebrgjithshme, k\u00ebrkon prova dhe info nga ne.<\/p>\n<p>Pooooooor, gjithmon\u00eb ka nj\u00eb por.<\/p>\n<p>Irena me 3 mbiemra nuk di sesa prova e info kemi ne, dhe sapo kemi filluar&#8230;&#8230;<\/p>\n<p>Nuk e shp\u00ebtojm\u00eb as vendimet antiligjore q\u00eb ka marr\u00eb lidhur me grupet kriminale n\u00eb aksionin rilindas t\u00eb OFL, dhe as investimi i Ministrit 184 p\u00ebr nj\u00eb d\u00ebshmi penaliteti t\u00eb \u2018bardh\u00eb\u2019.<\/p>\n<p>Deri m\u00eb 11 maj, do shohin shum\u00eb.<\/p>\n<p>Shum\u00eb fare n\u00eb fakt.<\/p>\n<p>Ti thot\u00eb dikush se nes\u00ebr do ket\u00eb t\u00eb reja dhe n\u00eb or\u00ebn 11.00 e 11.30 t\u00eb ndjek\u00eb lajmet&#8230;&#8230;<\/p>\n<p>Edhe Ju mos i fikni celular\u00ebt.<\/p>\n<p>Upssssss se desh harrova.<\/p>\n<p>Ta shoh\u00eb k\u00ebt\u00eb vendimin e m\u00ebposht\u00ebm se mund t\u00eb ket\u00eb ndonj\u00eb sozi t\u00eb Iren\u00ebs me 3 mbiemra.<\/p>\n<p>Sa p\u00ebr Birn, q\u00eb Irena me 3 mbiemra ka vijuar ta mashtroj\u00eb sot, jam e gatshme ti v\u00eb n\u00eb dispozicion gjith\u00eb provat dhe faktet.<\/p>\n<p>Shihemi nes\u00ebr me surpriza&#8230;<\/p>\n","protected":false},"excerpt":{"rendered":"<p>Nga Adriana KALAJA N\u00eb nj\u00eb koh\u00eb q\u00eb pothuaj nj\u00eb vit t\u00eb t\u00ebr\u00eb, Irena me 3 mbiemra ka refuzuar t\u00eb jap\u00eb shpjegime p\u00ebr vendimin e d\u00ebbimit n\u00eb Shtetin Grek p\u00ebr 10 vite nga Vendet Shengen, sot, pasi pa e tmerruar se Kryetari i PD e zot\u00ebronte k\u00ebt\u00eb vendim, ka braktisur sall\u00ebn gjyqit n\u00eb panik e sip\u00ebr &hellip;<\/p>\n","protected":false},"author":4,"featured_media":67658,"comment_status":"closed","ping_status":"closed","sticky":false,"template":"","format":"standard","meta":{"footnotes":""},"categories":[44],"tags":[],"class_list":["post-113033","post","type-post","status-publish","format-standard","has-post-thumbnail","","category-editorial"],"_links":{"self":[{"href":"https:\/\/rdnews.al\/index.php\/wp-json\/wp\/v2\/posts\/113033","targetHints":{"allow":["GET"]}}],"collection":[{"href":"https:\/\/rdnews.al\/index.php\/wp-json\/wp\/v2\/posts"}],"about":[{"href":"https:\/\/rdnews.al\/index.php\/wp-json\/wp\/v2\/types\/post"}],"author":[{"embeddable":true,"href":"https:\/\/rdnews.al\/index.php\/wp-json\/wp\/v2\/users\/4"}],"replies":[{"embeddable":true,"href":"https:\/\/rdnews.al\/index.php\/wp-json\/wp\/v2\/comments?post=113033"}],"version-history":[{"count":1,"href":"https:\/\/rdnews.al\/index.php\/wp-json\/wp\/v2\/posts\/113033\/revisions"}],"predecessor-version":[{"id":113034,"href":"https:\/\/rdnews.al\/index.php\/wp-json\/wp\/v2\/posts\/113033\/revisions\/113034"}],"wp:featuredmedia":[{"embeddable":true,"href":"https:\/\/rdnews.al\/index.php\/wp-json\/wp\/v2\/media\/67658"}],"wp:attachment":[{"href":"https:\/\/rdnews.al\/index.php\/wp-json\/wp\/v2\/media?parent=113033"}],"wp:term":[{"taxonomy":"category","embeddable":true,"href":"https:\/\/rdnews.al\/index.php\/wp-json\/wp\/v2\/categories?post=113033"},{"taxonomy":"post_tag","embeddable":true,"href":"https:\/\/rdnews.al\/index.php\/wp-json\/wp\/v2\/tags?post=113033"}],"curies":[{"name":"wp","href":"https:\/\/api.w.org\/{rel}","templated":true}]}}