{"id":113035,"date":"2025-05-06T15:35:54","date_gmt":"2025-05-06T15:35:54","guid":{"rendered":"https:\/\/rdnews.al\/?p=113035"},"modified":"2025-05-06T15:36:03","modified_gmt":"2025-05-06T15:36:03","slug":"plan-per-inskenimin-e-ngjarjeve-kunder-pd-bardhi-paralajmeron-drejtorin-e-policise-ne-fier","status":"publish","type":"post","link":"https:\/\/rdnews.al\/index.php\/2025\/05\/06\/plan-per-inskenimin-e-ngjarjeve-kunder-pd-bardhi-paralajmeron-drejtorin-e-policise-ne-fier\/","title":{"rendered":"Plan p\u00ebr inskenimin e ngjarjeve kund\u00ebr PD, Bardhi paralajm\u00ebron Drejtorin e Policis\u00eb n\u00eb Fier"},"content":{"rendered":"<p>Gazment BARDHI<\/p>\n<p>Sk\u00ebnder Hitaj, drejtori i Policis\u00eb s\u00eb qarkut Fier, m\u00eb ngat\u00ebrron mua me Belind\u00ebn, kandidat\u00ebt e PD me Ceno-t dhe Klevis-t e Belind\u00ebs dhe strukturat e PD me administrat\u00ebn e arrogant\u00ebve t\u00eb sjell nga Tirana t\u00eb Belind\u00ebs.<\/p>\n<p>Mbi \u00e7do urdh\u00ebr t\u00eb paligjsh\u00ebm q\u00eb ke dh\u00ebn\u00eb sot (6 Maj) n\u00eb mbledhjen informale me vart\u00ebsit e tu, p\u00ebr t\u00eb inskenuar ngjarje apo penguar PD n\u00eb fushat\u00eb, jan\u00eb informuar n\u00eb koh\u00eb reale prokuror\u00ebt e posa\u00e7\u00ebm dhe institucionet nd\u00ebrkomb\u00ebtare t\u00eb monitorimit t\u00eb zgjedhjeve.<\/p>\n<p>Ska drejtor apo polici politike q\u00eb ndryshon fatin q\u00eb qytetar\u00ebt i kan\u00eb paracaktuar Belind\u00ebs t\u00ebnde dhe shefit t\u00eb saj Edi Rama. Ti thjesht po p\u00ebrcakton fatin t\u00ebnd! Udh\u00eb e mbar\u00eb dhe kujdes nes\u00ebr andej nga Mallakastra!<\/p>\n","protected":false},"excerpt":{"rendered":"<p>Gazment BARDHI Sk\u00ebnder Hitaj, drejtori i Policis\u00eb s\u00eb qarkut Fier, m\u00eb ngat\u00ebrron mua me Belind\u00ebn, kandidat\u00ebt e PD me Ceno-t dhe Klevis-t e Belind\u00ebs dhe strukturat e PD me administrat\u00ebn e arrogant\u00ebve t\u00eb sjell nga Tirana t\u00eb Belind\u00ebs. Mbi \u00e7do urdh\u00ebr t\u00eb paligjsh\u00ebm q\u00eb ke dh\u00ebn\u00eb sot (6 Maj) n\u00eb mbledhjen informale me vart\u00ebsit e &hellip;<\/p>\n","protected":false},"author":3,"featured_media":113036,"comment_status":"closed","ping_status":"closed","sticky":false,"template":"","format":"standard","meta":{"footnotes":""},"categories":[37],"tags":[],"class_list":["post-113035","post","type-post","status-publish","format-standard","has-post-thumbnail","","category-politike"],"_links":{"self":[{"href":"https:\/\/rdnews.al\/index.php\/wp-json\/wp\/v2\/posts\/113035","targetHints":{"allow":["GET"]}}],"collection":[{"href":"https:\/\/rdnews.al\/index.php\/wp-json\/wp\/v2\/posts"}],"about":[{"href":"https:\/\/rdnews.al\/index.php\/wp-json\/wp\/v2\/types\/post"}],"author":[{"embeddable":true,"href":"https:\/\/rdnews.al\/index.php\/wp-json\/wp\/v2\/users\/3"}],"replies":[{"embeddable":true,"href":"https:\/\/rdnews.al\/index.php\/wp-json\/wp\/v2\/comments?post=113035"}],"version-history":[{"count":1,"href":"https:\/\/rdnews.al\/index.php\/wp-json\/wp\/v2\/posts\/113035\/revisions"}],"predecessor-version":[{"id":113037,"href":"https:\/\/rdnews.al\/index.php\/wp-json\/wp\/v2\/posts\/113035\/revisions\/113037"}],"wp:featuredmedia":[{"embeddable":true,"href":"https:\/\/rdnews.al\/index.php\/wp-json\/wp\/v2\/media\/113036"}],"wp:attachment":[{"href":"https:\/\/rdnews.al\/index.php\/wp-json\/wp\/v2\/media?parent=113035"}],"wp:term":[{"taxonomy":"category","embeddable":true,"href":"https:\/\/rdnews.al\/index.php\/wp-json\/wp\/v2\/categories?post=113035"},{"taxonomy":"post_tag","embeddable":true,"href":"https:\/\/rdnews.al\/index.php\/wp-json\/wp\/v2\/tags?post=113035"}],"curies":[{"name":"wp","href":"https:\/\/api.w.org\/{rel}","templated":true}]}}