{"id":113038,"date":"2025-05-06T15:42:31","date_gmt":"2025-05-06T15:42:31","guid":{"rendered":"https:\/\/rdnews.al\/?p=113038"},"modified":"2025-05-06T15:42:31","modified_gmt":"2025-05-06T15:42:31","slug":"zgjidhet-kancelari-i-ri-berisha-uron-merz","status":"publish","type":"post","link":"https:\/\/rdnews.al\/index.php\/2025\/05\/06\/zgjidhet-kancelari-i-ri-berisha-uron-merz\/","title":{"rendered":"Zgjidhet Kancelari i ri, Berisha uron Merz"},"content":{"rendered":"<p>Sali BERISHA<\/p>\n<p>Friedrich Merz zgjidhet Kancelar i Gjermanis\u00eb!<\/p>\n<p>T\u00eb dashur miq, sot pasdite Bundestagu Gjerman zgjodhi me 325 vota pro presidentin e CDU Friedrich Merz, Kancelar t\u00eb Gjermanis\u00eb.<\/p>\n<p>Kjo \u00ebsht\u00eb nj\u00eb ngjarje e madhe p\u00ebr Gjermanin\u00eb, Europ\u00ebn dhe bot\u00ebn. Por ky \u00ebsht\u00eb nj\u00eb lajm i madh edhe p\u00ebr forcat politike t\u00eb qendr\u00ebs s\u00eb djatht\u00eb n\u00eb Europ\u00eb dhe n\u00eb bot\u00eb dhe p\u00ebr Partin\u00eb Demokratike dhe Shqip\u00ebrin\u00eb.<\/p>\n<p>Partia Demokratike prej dekadash ka patur dhe ka sot tek CDU e Kancelarit Merz aleatin dhe mikun kryesor n\u00eb p\u00ebrpjekjet tona p\u00ebr nd\u00ebrtimin e demokracis\u00eb, shtetit ligjor dhe ekonomis\u00eb funksionale t\u00eb tregut n\u00eb Shqip\u00ebri.<\/p>\n<p>Me k\u00ebt\u00eb rast n\u00eb em\u00ebr t\u00eb Partis\u00eb Demokratike dhe opozit\u00ebs shqiptare i uroj nga zemra Kancelarit Friedrich Merz suksese t\u00eb m\u00ebdha n\u00eb misionin e tij historik t\u00eb udh\u00ebheqjes t\u00eb men\u00e7ur dhe vizionare t\u00eb Gjermanis\u00eb dhe Europ\u00ebs n\u00eb paqe, begati dhe siguri.<\/p>\n","protected":false},"excerpt":{"rendered":"<p>Sali BERISHA Friedrich Merz zgjidhet Kancelar i Gjermanis\u00eb! T\u00eb dashur miq, sot pasdite Bundestagu Gjerman zgjodhi me 325 vota pro presidentin e CDU Friedrich Merz, Kancelar t\u00eb Gjermanis\u00eb. Kjo \u00ebsht\u00eb nj\u00eb ngjarje e madhe p\u00ebr Gjermanin\u00eb, Europ\u00ebn dhe bot\u00ebn. Por ky \u00ebsht\u00eb nj\u00eb lajm i madh edhe p\u00ebr forcat politike t\u00eb qendr\u00ebs s\u00eb djatht\u00eb n\u00eb &hellip;<\/p>\n","protected":false},"author":3,"featured_media":113039,"comment_status":"closed","ping_status":"closed","sticky":false,"template":"","format":"standard","meta":{"footnotes":""},"categories":[37],"tags":[],"class_list":["post-113038","post","type-post","status-publish","format-standard","has-post-thumbnail","","category-politike"],"_links":{"self":[{"href":"https:\/\/rdnews.al\/index.php\/wp-json\/wp\/v2\/posts\/113038","targetHints":{"allow":["GET"]}}],"collection":[{"href":"https:\/\/rdnews.al\/index.php\/wp-json\/wp\/v2\/posts"}],"about":[{"href":"https:\/\/rdnews.al\/index.php\/wp-json\/wp\/v2\/types\/post"}],"author":[{"embeddable":true,"href":"https:\/\/rdnews.al\/index.php\/wp-json\/wp\/v2\/users\/3"}],"replies":[{"embeddable":true,"href":"https:\/\/rdnews.al\/index.php\/wp-json\/wp\/v2\/comments?post=113038"}],"version-history":[{"count":1,"href":"https:\/\/rdnews.al\/index.php\/wp-json\/wp\/v2\/posts\/113038\/revisions"}],"predecessor-version":[{"id":113040,"href":"https:\/\/rdnews.al\/index.php\/wp-json\/wp\/v2\/posts\/113038\/revisions\/113040"}],"wp:featuredmedia":[{"embeddable":true,"href":"https:\/\/rdnews.al\/index.php\/wp-json\/wp\/v2\/media\/113039"}],"wp:attachment":[{"href":"https:\/\/rdnews.al\/index.php\/wp-json\/wp\/v2\/media?parent=113038"}],"wp:term":[{"taxonomy":"category","embeddable":true,"href":"https:\/\/rdnews.al\/index.php\/wp-json\/wp\/v2\/categories?post=113038"},{"taxonomy":"post_tag","embeddable":true,"href":"https:\/\/rdnews.al\/index.php\/wp-json\/wp\/v2\/tags?post=113038"}],"curies":[{"name":"wp","href":"https:\/\/api.w.org\/{rel}","templated":true}]}}