{"id":113041,"date":"2025-05-06T15:53:57","date_gmt":"2025-05-06T15:53:57","guid":{"rendered":"https:\/\/rdnews.al\/?p=113041"},"modified":"2025-05-06T15:53:57","modified_gmt":"2025-05-06T15:53:57","slug":"shqiperia-ka-nevoje-per-shprese-per-te-ardhmen","status":"publish","type":"post","link":"https:\/\/rdnews.al\/index.php\/2025\/05\/06\/shqiperia-ka-nevoje-per-shprese-per-te-ardhmen\/","title":{"rendered":"Shqip\u00ebria ka nevoj\u00eb p\u00ebr shpres\u00eb p\u00ebr t\u00eb ardhmen!"},"content":{"rendered":"<p><strong>Erisa BAJAZITI<\/strong><\/p>\n<p>Mandati i kat\u00ebrt i Edi Ram\u00ebs do ishte dramatik p\u00ebr Shqip\u00ebrin\u00eb.<\/p>\n<p>Mjafton t\u00eb shohim \u00e7far\u00eb ka ndodhur n\u00eb tre mandatet e para:<\/p>\n<p>&#8211; p\u00ebrqendrimin e pushtetit n\u00eb duar t\u00eb pakta,<\/p>\n<p>&#8211; goditjen e institucioneve t\u00eb pavarura,<\/p>\n<p>&#8211; kontroll mbi mediat dhe parlamentin,<\/p>\n<p>&#8211; largimin masiv t\u00eb t\u00eb rinjve,<\/p>\n<p>&#8211; zhdukja e \u00e7do shprese p\u00ebr ndryshim.<\/p>\n<p>\u00c7do mandat i m\u00ebtejsh\u00ebm thellon kapjen e shtetit dhe dob\u00ebson demokracin\u00eb.<\/p>\n<p>Shqip\u00ebria ka nevoj\u00eb p\u00ebr shpres\u00eb p\u00ebr t\u00eb ardhmen.<\/p>\n<p><a href=\"https:\/\/www.facebook.com\/hashtag\/voto1?__eep__=6&amp;__cft__%5b0%5d=AZXf0jPow8dwcxz798-dDATmfEWkVr8L8mkW8fjxLCzPIAGQqlWCT6L1wG7an5lzBhtYnEVpGf_WOS8i2iXx2h_jnr7pKTeFxPBcBF3QPPY0_B6dMdcYZ_EvKA3OejPZ98czSs0VXGz8vFHRpHielvZ8I3Ce_HgkmAtJVj0LX8QwNfZm2Cskn8926-54e1FefC5bFanPzxl8YjYOmAFMbX1R&amp;__tn__=*NK-R\" target=\"_blank\" rel=\"noopener\"><strong>#Voto1<\/strong><\/a><\/p>\n<p><a href=\"https:\/\/www.facebook.com\/hashtag\/votoerisabajaziti?__eep__=6&amp;__cft__%5b0%5d=AZXf0jPow8dwcxz798-dDATmfEWkVr8L8mkW8fjxLCzPIAGQqlWCT6L1wG7an5lzBhtYnEVpGf_WOS8i2iXx2h_jnr7pKTeFxPBcBF3QPPY0_B6dMdcYZ_EvKA3OejPZ98czSs0VXGz8vFHRpHielvZ8I3Ce_HgkmAtJVj0LX8QwNfZm2Cskn8926-54e1FefC5bFanPzxl8YjYOmAFMbX1R&amp;__tn__=*NK-R\" target=\"_blank\" rel=\"noopener\"><strong>#VotoErisaBajaziti<\/strong><\/a><\/p>\n","protected":false},"excerpt":{"rendered":"<p>Erisa BAJAZITI Mandati i kat\u00ebrt i Edi Ram\u00ebs do ishte dramatik p\u00ebr Shqip\u00ebrin\u00eb. Mjafton t\u00eb shohim \u00e7far\u00eb ka ndodhur n\u00eb tre mandatet e para: &#8211; p\u00ebrqendrimin e pushtetit n\u00eb duar t\u00eb pakta, &#8211; goditjen e institucioneve t\u00eb pavarura, &#8211; kontroll mbi mediat dhe parlamentin, &#8211; largimin masiv t\u00eb t\u00eb rinjve, &#8211; zhdukja e \u00e7do shprese &hellip;<\/p>\n","protected":false},"author":4,"featured_media":110830,"comment_status":"closed","ping_status":"closed","sticky":false,"template":"","format":"standard","meta":{"footnotes":""},"categories":[37],"tags":[],"class_list":["post-113041","post","type-post","status-publish","format-standard","has-post-thumbnail","","category-politike"],"_links":{"self":[{"href":"https:\/\/rdnews.al\/index.php\/wp-json\/wp\/v2\/posts\/113041","targetHints":{"allow":["GET"]}}],"collection":[{"href":"https:\/\/rdnews.al\/index.php\/wp-json\/wp\/v2\/posts"}],"about":[{"href":"https:\/\/rdnews.al\/index.php\/wp-json\/wp\/v2\/types\/post"}],"author":[{"embeddable":true,"href":"https:\/\/rdnews.al\/index.php\/wp-json\/wp\/v2\/users\/4"}],"replies":[{"embeddable":true,"href":"https:\/\/rdnews.al\/index.php\/wp-json\/wp\/v2\/comments?post=113041"}],"version-history":[{"count":1,"href":"https:\/\/rdnews.al\/index.php\/wp-json\/wp\/v2\/posts\/113041\/revisions"}],"predecessor-version":[{"id":113042,"href":"https:\/\/rdnews.al\/index.php\/wp-json\/wp\/v2\/posts\/113041\/revisions\/113042"}],"wp:featuredmedia":[{"embeddable":true,"href":"https:\/\/rdnews.al\/index.php\/wp-json\/wp\/v2\/media\/110830"}],"wp:attachment":[{"href":"https:\/\/rdnews.al\/index.php\/wp-json\/wp\/v2\/media?parent=113041"}],"wp:term":[{"taxonomy":"category","embeddable":true,"href":"https:\/\/rdnews.al\/index.php\/wp-json\/wp\/v2\/categories?post=113041"},{"taxonomy":"post_tag","embeddable":true,"href":"https:\/\/rdnews.al\/index.php\/wp-json\/wp\/v2\/tags?post=113041"}],"curies":[{"name":"wp","href":"https:\/\/api.w.org\/{rel}","templated":true}]}}