{"id":113043,"date":"2025-05-06T15:57:11","date_gmt":"2025-05-06T15:57:11","guid":{"rendered":"https:\/\/rdnews.al\/?p=113043"},"modified":"2025-05-06T15:57:11","modified_gmt":"2025-05-06T15:57:11","slug":"zeqineja-e-rames-nen-hetim-per-3-vepra-penale","status":"publish","type":"post","link":"https:\/\/rdnews.al\/index.php\/2025\/05\/06\/zeqineja-e-rames-nen-hetim-per-3-vepra-penale\/","title":{"rendered":"Zeqineja e Ram\u00ebs n\u00ebn hetim p\u00ebr 3 vepra penale"},"content":{"rendered":"<p>Prokuroria e Posa\u00e7me ka p\u00ebrfunduar hetimet ndaj kandidates s\u00eb PS-s\u00eb p\u00ebr Qarkun e Fierit, Zegjine \u00c7aushi, dhe ka dal\u00eb n\u00eb konkluzionin se nuk \u00ebsht\u00eb p\u00ebrpara vepr\u00ebs penale \u201ckorrupsion aktiv n\u00eb zgjedhje\u201d.<\/p>\n<p>Sipas SPAK-ut, ndon\u00ebse nuk kemi t\u00eb b\u00ebjm\u00eb me vepr\u00ebn penale korrupsion aktiv n\u00eb zgjedhje, nga verifikimet paraprake ngrihen dyshime p\u00ebr tri vepra t\u00eb tjera penale: \u201cShp\u00ebrdorimi i detyr\u00ebs\u201d, \u201cP\u00ebrdorimi i funksionit publik p\u00ebr veprimtari politike ose zgjedhore\u201d dhe \u201cKanosje apo dhunim ndaj pjes\u00ebmarr\u00ebsve n\u00eb zgjedhje\u201d.<\/p>\n<p>Prokuroria e Posa\u00e7me i ka k\u00ebrkuar Prokuroris\u00eb s\u00eb Fierit t\u00eb hetoj\u00eb Zegjine \u00c7aushin.<\/p>\n<p>Hetimet e SPAK-ut kan\u00eb t\u00eb b\u00ebjn\u00eb me nj\u00eb audiop\u00ebrgjim t\u00eb publikuar n\u00eb emisionin &#8220;Piranjat&#8221;, ku kandidatja e PS-s\u00eb, Zegjine \u00c7aushi, shfaqet duke k\u00ebrc\u00ebnuar nj\u00eb qytetar q\u00eb t\u2019i sh\u00ebrbente shefes s\u00eb saj ose do t\u00eb p\u00ebrfundonte n\u00eb burg.<\/p>\n<div class=\"insertion-box\">\n<div class=\"\">\n<div id=\"t681a3003e817e\" data-p=\"100\">\n<div id=\"gpt-passback-yt\" data-google-query-id=\"CJ2fud6Zj40DFY3JRAcdWAsg_Q\">\n<div id=\"google_ads_iframe_\/97842098\/CNA_Extra3_0__container__\"><\/div>\n<\/div>\n<\/div>\n<\/div>\n<\/div>\n<p>B\u00ebhet fjal\u00eb p\u00ebr nj\u00eb video t\u00eb 14 majit 2023. Zegjine \u00c7aushi mbante postin e kryeinspektores s\u00eb IVMT t\u00eb Bashkis\u00eb Roskovec, Majlinda Bufi.<\/p>\n","protected":false},"excerpt":{"rendered":"<p>Prokuroria e Posa\u00e7me ka p\u00ebrfunduar hetimet ndaj kandidates s\u00eb PS-s\u00eb p\u00ebr Qarkun e Fierit, Zegjine \u00c7aushi, dhe ka dal\u00eb n\u00eb konkluzionin se nuk \u00ebsht\u00eb p\u00ebrpara vepr\u00ebs penale \u201ckorrupsion aktiv n\u00eb zgjedhje\u201d. Sipas SPAK-ut, ndon\u00ebse nuk kemi t\u00eb b\u00ebjm\u00eb me vepr\u00ebn penale korrupsion aktiv n\u00eb zgjedhje, nga verifikimet paraprake ngrihen dyshime p\u00ebr tri vepra t\u00eb tjera &hellip;<\/p>\n","protected":false},"author":3,"featured_media":113045,"comment_status":"closed","ping_status":"closed","sticky":false,"template":"","format":"standard","meta":{"footnotes":""},"categories":[37],"tags":[],"class_list":["post-113043","post","type-post","status-publish","format-standard","has-post-thumbnail","","category-politike"],"_links":{"self":[{"href":"https:\/\/rdnews.al\/index.php\/wp-json\/wp\/v2\/posts\/113043","targetHints":{"allow":["GET"]}}],"collection":[{"href":"https:\/\/rdnews.al\/index.php\/wp-json\/wp\/v2\/posts"}],"about":[{"href":"https:\/\/rdnews.al\/index.php\/wp-json\/wp\/v2\/types\/post"}],"author":[{"embeddable":true,"href":"https:\/\/rdnews.al\/index.php\/wp-json\/wp\/v2\/users\/3"}],"replies":[{"embeddable":true,"href":"https:\/\/rdnews.al\/index.php\/wp-json\/wp\/v2\/comments?post=113043"}],"version-history":[{"count":1,"href":"https:\/\/rdnews.al\/index.php\/wp-json\/wp\/v2\/posts\/113043\/revisions"}],"predecessor-version":[{"id":113046,"href":"https:\/\/rdnews.al\/index.php\/wp-json\/wp\/v2\/posts\/113043\/revisions\/113046"}],"wp:featuredmedia":[{"embeddable":true,"href":"https:\/\/rdnews.al\/index.php\/wp-json\/wp\/v2\/media\/113045"}],"wp:attachment":[{"href":"https:\/\/rdnews.al\/index.php\/wp-json\/wp\/v2\/media?parent=113043"}],"wp:term":[{"taxonomy":"category","embeddable":true,"href":"https:\/\/rdnews.al\/index.php\/wp-json\/wp\/v2\/categories?post=113043"},{"taxonomy":"post_tag","embeddable":true,"href":"https:\/\/rdnews.al\/index.php\/wp-json\/wp\/v2\/tags?post=113043"}],"curies":[{"name":"wp","href":"https:\/\/api.w.org\/{rel}","templated":true}]}}