{"id":113047,"date":"2025-05-06T15:58:16","date_gmt":"2025-05-06T15:58:16","guid":{"rendered":"https:\/\/rdnews.al\/?p=113047"},"modified":"2025-05-06T15:58:16","modified_gmt":"2025-05-06T15:58:16","slug":"krimi-elektoral-shalsi-i-ps-fushate-brenda-komisariatit-te-kukesit","status":"publish","type":"post","link":"https:\/\/rdnews.al\/index.php\/2025\/05\/06\/krimi-elektoral-shalsi-i-ps-fushate-brenda-komisariatit-te-kukesit\/","title":{"rendered":"Krimi elektoral\/ Shalsi i PS fushat\u00eb brenda komisariatit t\u00eb Kuk\u00ebsit"},"content":{"rendered":"<p>Nj\u00eb skandaloz \u00ebsht\u00eb regjistruar n\u00eb Kuk\u00ebs, ku drejtuesi politik i PS p\u00ebr Qarkun, Eduart Shalsi, dhe kandidati p\u00ebr deputet i k\u00ebsaj force politike jan\u00eb fotografuar brenda ambienteve t\u00eb Drejtoris\u00eb s\u00eb Policis\u00eb s\u00eb Kuk\u00ebsit, n\u00eb kulmin e fushat\u00ebs elektorale p\u00ebr 11 majin.<\/p>\n<p>Prania e p\u00ebrfaq\u00ebsuesve politik\u00eb n\u00eb ambientet e policis\u00eb nuk ka asnj\u00eb shpjegim ligjor apo institucional, p\u00ebrve\u00e7se si akt presioni ndaj efektiv\u00ebve p\u00ebr vot\u00ebn.<\/p>\n<p>Sipas burimeve n\u00eb terren t\u00eb\u00a0<a href=\"https:\/\/lapsi.al\/2025\/05\/06\/fotolajm-shalsi-fushate-brenda-komisariatit-te-kukesit\/\" target=\"_blank\" rel=\"noopener\">\u201cLapsi.al<\/a>\u201c, drejtuesit socialist\u00eb kan\u00eb mbledhur punonj\u00ebs t\u00eb policis\u00eb, duke zhvilluar nj\u00eb takim me q\u00ebllime elektorale, n\u00eb kund\u00ebrshtim t\u00eb hapur me ligjin p\u00ebr zgjedhjet dhe Kodin e Etik\u00ebs n\u00eb Administrat\u00ebn Publike.<\/p>\n<p>Ky veprim vendos nj\u00eb njoll\u00eb t\u00eb sh\u00ebmtuar mbi policin\u00eb, e cila, si trup\u00eb e depolitizuar, nuk mund t\u00eb p\u00ebrdoret p\u00ebr fushata dhe orientim t\u00eb vot\u00ebs. P\u00ebr m\u00eb tep\u00ebr, kjo ndodh n\u00eb nj\u00eb zon\u00eb t\u00eb ndjeshme si Kuk\u00ebsi, ku presioni institucional \u00ebsht\u00eb shpesh m\u00eb i madh p\u00ebr shkak t\u00eb var\u00ebsis\u00eb ekonomike nga shteti.<\/p>\n<p><img loading=\"lazy\" decoding=\"async\" class=\"alignnone size-medium wp-image-1543276\" src=\"https:\/\/boldnews.al\/wp-content\/uploads\/2025\/05\/495137192_1248232719995050_2637829875588783739_n-640x427.jpg\" sizes=\"auto, (max-width: 640px) 100vw, 640px\" srcset=\"https:\/\/boldnews.al\/wp-content\/uploads\/2025\/05\/495137192_1248232719995050_2637829875588783739_n-640x427.jpg 640w, https:\/\/boldnews.al\/wp-content\/uploads\/2025\/05\/495137192_1248232719995050_2637829875588783739_n-1024x683.jpg 1024w, https:\/\/boldnews.al\/wp-content\/uploads\/2025\/05\/495137192_1248232719995050_2637829875588783739_n-750x500.jpg 750w, https:\/\/boldnews.al\/wp-content\/uploads\/2025\/05\/495137192_1248232719995050_2637829875588783739_n-1140x761.jpg 1140w, https:\/\/boldnews.al\/wp-content\/uploads\/2025\/05\/495137192_1248232719995050_2637829875588783739_n.jpg 1280w\" alt=\"\" width=\"640\" height=\"427\" data-pin-no-hover=\"true\" \/>\u00a0<img loading=\"lazy\" decoding=\"async\" class=\"alignnone size-medium wp-image-1543277\" src=\"https:\/\/boldnews.al\/wp-content\/uploads\/2025\/05\/495567971_1248232676661721_8676878507934287764_n-640x427.jpg\" sizes=\"auto, (max-width: 640px) 100vw, 640px\" srcset=\"https:\/\/boldnews.al\/wp-content\/uploads\/2025\/05\/495567971_1248232676661721_8676878507934287764_n-640x427.jpg 640w, https:\/\/boldnews.al\/wp-content\/uploads\/2025\/05\/495567971_1248232676661721_8676878507934287764_n-1024x682.jpg 1024w, https:\/\/boldnews.al\/wp-content\/uploads\/2025\/05\/495567971_1248232676661721_8676878507934287764_n-750x500.jpg 750w, https:\/\/boldnews.al\/wp-content\/uploads\/2025\/05\/495567971_1248232676661721_8676878507934287764_n-1140x760.jpg 1140w, https:\/\/boldnews.al\/wp-content\/uploads\/2025\/05\/495567971_1248232676661721_8676878507934287764_n.jpg 1280w\" alt=\"\" width=\"640\" height=\"427\" data-pin-no-hover=\"true\" \/><\/p>\n","protected":false},"excerpt":{"rendered":"<p>Nj\u00eb skandaloz \u00ebsht\u00eb regjistruar n\u00eb Kuk\u00ebs, ku drejtuesi politik i PS p\u00ebr Qarkun, Eduart Shalsi, dhe kandidati p\u00ebr deputet i k\u00ebsaj force politike jan\u00eb fotografuar brenda ambienteve t\u00eb Drejtoris\u00eb s\u00eb Policis\u00eb s\u00eb Kuk\u00ebsit, n\u00eb kulmin e fushat\u00ebs elektorale p\u00ebr 11 majin. Prania e p\u00ebrfaq\u00ebsuesve politik\u00eb n\u00eb ambientet e policis\u00eb nuk ka asnj\u00eb shpjegim ligjor apo &hellip;<\/p>\n","protected":false},"author":4,"featured_media":113048,"comment_status":"closed","ping_status":"closed","sticky":false,"template":"","format":"standard","meta":{"footnotes":""},"categories":[37],"tags":[],"class_list":["post-113047","post","type-post","status-publish","format-standard","has-post-thumbnail","","category-politike"],"_links":{"self":[{"href":"https:\/\/rdnews.al\/index.php\/wp-json\/wp\/v2\/posts\/113047","targetHints":{"allow":["GET"]}}],"collection":[{"href":"https:\/\/rdnews.al\/index.php\/wp-json\/wp\/v2\/posts"}],"about":[{"href":"https:\/\/rdnews.al\/index.php\/wp-json\/wp\/v2\/types\/post"}],"author":[{"embeddable":true,"href":"https:\/\/rdnews.al\/index.php\/wp-json\/wp\/v2\/users\/4"}],"replies":[{"embeddable":true,"href":"https:\/\/rdnews.al\/index.php\/wp-json\/wp\/v2\/comments?post=113047"}],"version-history":[{"count":1,"href":"https:\/\/rdnews.al\/index.php\/wp-json\/wp\/v2\/posts\/113047\/revisions"}],"predecessor-version":[{"id":113049,"href":"https:\/\/rdnews.al\/index.php\/wp-json\/wp\/v2\/posts\/113047\/revisions\/113049"}],"wp:featuredmedia":[{"embeddable":true,"href":"https:\/\/rdnews.al\/index.php\/wp-json\/wp\/v2\/media\/113048"}],"wp:attachment":[{"href":"https:\/\/rdnews.al\/index.php\/wp-json\/wp\/v2\/media?parent=113047"}],"wp:term":[{"taxonomy":"category","embeddable":true,"href":"https:\/\/rdnews.al\/index.php\/wp-json\/wp\/v2\/categories?post=113047"},{"taxonomy":"post_tag","embeddable":true,"href":"https:\/\/rdnews.al\/index.php\/wp-json\/wp\/v2\/tags?post=113047"}],"curies":[{"name":"wp","href":"https:\/\/api.w.org\/{rel}","templated":true}]}}