{"id":113058,"date":"2025-05-06T16:44:28","date_gmt":"2025-05-06T16:44:28","guid":{"rendered":"https:\/\/rdnews.al\/?p=113058"},"modified":"2025-05-06T16:44:28","modified_gmt":"2025-05-06T16:44:28","slug":"mediu-ne-berat-vota-juaj-per-nr-1-vote-qe-mund-varferine-per-100-dite","status":"publish","type":"post","link":"https:\/\/rdnews.al\/index.php\/2025\/05\/06\/mediu-ne-berat-vota-juaj-per-nr-1-vote-qe-mund-varferine-per-100-dite\/","title":{"rendered":"Mediu n\u00eb Berat: Vota juaj p\u00ebr nr.1, vot\u00eb q\u00eb mund varf\u00ebrin\u00eb p\u00ebr 100 dit\u00eb!"},"content":{"rendered":"<p>N\u00eb takimin e kreut t\u00eb PD, Sali Berisha, n\u00eb mbylljen e fushat\u00ebs n\u00eb Berat, mori fjal\u00ebn edhe kreu i Partis\u00eb Republikane, Fatmir Mediu.<\/p>\n<p>Mediu u shpreh se shpresa n\u00eb vendin ton\u00eb ka humbur vet\u00ebm nga Edi Rama dhe vota juaj \u00ebsht\u00eb arma m\u00eb e r\u00ebnd\u00ebsishme kund\u00ebr k\u00ebtij sistemi t\u00eb korruptuar e t\u00eb kalbur.<\/p>\n<p>&#8220;T\u00eb nderuar miq! Kur po vija, pash\u00eb nj\u00eb spot t\u00ebPS, i cili thoshte se shqiptar\u00ebt kan\u00eb nevoj\u00eb p\u00ebr shpres\u00eb. Pra, edhe socialistet kan\u00eb nevoj\u00eb p\u00ebr shpres\u00eb. Shpresa n\u00eb k\u00ebt\u00eb vend ka humbur nga nj\u00eb njeri i vet\u00ebm, i cili shan, p\u00ebrbuz dhe fyen qytetar\u00ebt e tij. Ky njeri e ka emrin Edi Rama. Ne shpres\u00ebn e gjejm\u00eb tek shpirti i lir\u00eb dhe tek t\u00eb gjith\u00eb shqiptar\u00ebt an\u00eb e mban\u00eb bot\u00ebs. Shqip\u00ebria \u00ebsht\u00eb n\u00eb udh\u00ebkryq, por ne duhet t\u2019i japim p\u00ebrgjigje k\u00ebtij realiteti.<\/p>\n<p>A mund t\u00eb pranojm\u00eb nj\u00eb kryeminist\u00ebr q\u00eb i sheh qytetar\u00ebt vet\u00ebm si numra? Shqiptar\u00ebt kan\u00eb zgjedhur t\u00eb bashkohen me shoq\u00ebrin\u00eb e njer\u00ebzve t\u00eb lir\u00eb t\u00eb gjith\u00eb bot\u00ebs. Ne jemi me ju, ju jeni me ne!<\/p>\n<p>Kush \u00ebsht\u00eb ai njeri q\u00eb k\u00ebrkon t\u00eb na mohoj\u00eb t\u00eb drejt\u00ebn p\u00ebr t\u00eb votuar dhe p\u00ebr t\u00eb zgjedhur lirisht? Ai \u00ebsht\u00eb vet\u00ebm Edi Rama. Si askush tjet\u00ebr n\u00eb historin\u00eb e bot\u00ebs, ai ka b\u00ebr\u00eb thirrje q\u00eb kush nuk voton p\u00ebr t\u00eb, m\u00eb mir\u00eb t\u00eb mos votoj\u00eb fare. Ky njeri jo vet\u00ebm q\u00eb manipuli, por ka frik\u00eb edhe nga vota.<\/p>\n<p>Vota juaj n\u00eb dat\u00ebn 11 maj \u00ebsht\u00eb dinjitet, \u00ebsht\u00eb liri, \u00ebsht\u00eb shpres\u00eb, \u00ebsht\u00eb Berat madh\u00ebshtor dhe Shqip\u00ebri e lavdishme. Sali Berisha ishte i pari q\u00eb vizitoi Sht\u00ebpin\u00eb e Bardh\u00eb dhe vendosi vijat e kuqe. Dy gj\u00ebrat m\u00eb t\u00eb m\u00ebdha jan\u00eb: Shqip\u00ebria n\u00eb NATO dhe Kosova e Pavarur. Edi Rama nuk ka pasur asnj\u00eb kontribut p\u00ebr k\u00ebto arritje dhe asnj\u00eb shenj\u00eb t\u00eb suksesit.<\/p>\n<p>Sot, ne jemi me miqt\u00eb tan\u00eb amerikan\u00eb n\u00eb \u00e7do moment. Sot, ne jemi me Europ\u00ebn, jemi me SHBA-n\u00eb, nd\u00ebrsa Edi Rama ka ngelur vet\u00ebm me klubin e zullumit, duke vjedhur dhe duke varf\u00ebruar shqiptar\u00ebt.<\/p>\n<p>Motra dhe v\u00ebllez\u00ebr, p\u00ebr 12 vjet pam\u00eb rr\u00ebzimin e Shqip\u00ebris\u00eb nga Edi Rama. Vota juaj \u00ebsht\u00eb m\u00eb e r\u00ebnd\u00ebsishme se \u00e7do tjet\u00ebr. Vota juaj p\u00ebr numrin 1 \u00ebsht\u00eb vota q\u00eb mund t\u00eb luftoj\u00eb varf\u00ebrin\u00eb dhe t\u00eb krijoj\u00eb mund\u00ebsi p\u00ebr nj\u00eb t\u00eb ardhme m\u00eb t\u00eb mir\u00eb, p\u00ebr 100 dit\u00eb.<\/p>\n<p>Zoti na ka dh\u00ebn\u00eb mund\u00ebsin\u00eb p\u00ebr t\u00eb mbajtur kok\u00ebn lart! Arma m\u00eb e r\u00ebnd\u00ebsishme kund\u00ebr k\u00ebtij sistemi t\u00eb kalbur dhe t\u00eb korruptuar \u00ebsht\u00eb vota juaj!&#8221;, tha Mediu.<\/p>\n","protected":false},"excerpt":{"rendered":"<p>N\u00eb takimin e kreut t\u00eb PD, Sali Berisha, n\u00eb mbylljen e fushat\u00ebs n\u00eb Berat, mori fjal\u00ebn edhe kreu i Partis\u00eb Republikane, Fatmir Mediu. Mediu u shpreh se shpresa n\u00eb vendin ton\u00eb ka humbur vet\u00ebm nga Edi Rama dhe vota juaj \u00ebsht\u00eb arma m\u00eb e r\u00ebnd\u00ebsishme kund\u00ebr k\u00ebtij sistemi t\u00eb korruptuar e t\u00eb kalbur. &#8220;T\u00eb nderuar &hellip;<\/p>\n","protected":false},"author":4,"featured_media":113059,"comment_status":"closed","ping_status":"closed","sticky":false,"template":"","format":"standard","meta":{"footnotes":""},"categories":[37],"tags":[],"class_list":["post-113058","post","type-post","status-publish","format-standard","has-post-thumbnail","","category-politike"],"_links":{"self":[{"href":"https:\/\/rdnews.al\/index.php\/wp-json\/wp\/v2\/posts\/113058","targetHints":{"allow":["GET"]}}],"collection":[{"href":"https:\/\/rdnews.al\/index.php\/wp-json\/wp\/v2\/posts"}],"about":[{"href":"https:\/\/rdnews.al\/index.php\/wp-json\/wp\/v2\/types\/post"}],"author":[{"embeddable":true,"href":"https:\/\/rdnews.al\/index.php\/wp-json\/wp\/v2\/users\/4"}],"replies":[{"embeddable":true,"href":"https:\/\/rdnews.al\/index.php\/wp-json\/wp\/v2\/comments?post=113058"}],"version-history":[{"count":1,"href":"https:\/\/rdnews.al\/index.php\/wp-json\/wp\/v2\/posts\/113058\/revisions"}],"predecessor-version":[{"id":113060,"href":"https:\/\/rdnews.al\/index.php\/wp-json\/wp\/v2\/posts\/113058\/revisions\/113060"}],"wp:featuredmedia":[{"embeddable":true,"href":"https:\/\/rdnews.al\/index.php\/wp-json\/wp\/v2\/media\/113059"}],"wp:attachment":[{"href":"https:\/\/rdnews.al\/index.php\/wp-json\/wp\/v2\/media?parent=113058"}],"wp:term":[{"taxonomy":"category","embeddable":true,"href":"https:\/\/rdnews.al\/index.php\/wp-json\/wp\/v2\/categories?post=113058"},{"taxonomy":"post_tag","embeddable":true,"href":"https:\/\/rdnews.al\/index.php\/wp-json\/wp\/v2\/tags?post=113058"}],"curies":[{"name":"wp","href":"https:\/\/api.w.org\/{rel}","templated":true}]}}