{"id":113061,"date":"2025-05-06T16:50:15","date_gmt":"2025-05-06T16:50:15","guid":{"rendered":"https:\/\/rdnews.al\/?p=113061"},"modified":"2025-05-06T16:50:15","modified_gmt":"2025-05-06T16:50:15","slug":"berisha-une-shpall-zotimin-solemn-se-sistemi-arsimor-do-jete-sistemi-me-modern-qe-puneson-te-rinjte","status":"publish","type":"post","link":"https:\/\/rdnews.al\/index.php\/2025\/05\/06\/berisha-une-shpall-zotimin-solemn-se-sistemi-arsimor-do-jete-sistemi-me-modern-qe-puneson-te-rinjte\/","title":{"rendered":"Berisha: Un\u00eb shpall zotimin solemn se sistemi arsimor do jet\u00eb sistemi m\u00eb modern q\u00eb pun\u00ebson t\u00eb rinjt\u00eb"},"content":{"rendered":"<p>Kryetari i Partis\u00eb Demokratike, Sali Berisha gjat\u00eb takimit p\u00ebrmbyll\u00ebs t\u00eb fushat\u00ebs n\u00eb Berat, deklaroi se, sistemi arsimor n\u00eb Shqip\u00ebri, do t\u00eb jet\u00eb m\u00eb moderni, dhe q\u00eb pun\u00ebson t\u00eb rinjt\u00eb.<\/p>\n<p>Berisha tha se, k\u00ebtu nga Berati shpall zotimin solemn t\u00eb Aleanc\u00ebs p\u00ebr Shqip\u00ebrin\u00eb Madh\u00ebshtore se sistemi arsimor i Shqip\u00ebris\u00eb do jet\u00eb sistemi m\u00eb modern, sistemi q\u00eb pun\u00ebson. Shkollat dhe universitetet do funksionojn\u00eb n\u00eb partneritet t\u00eb plot\u00eb me nd\u00ebrmarrjet publike dhe private.<\/p>\n<p>\u201cT\u00eb dashur qytetare dhe qytetar\u00eb t\u00eb Beratit, Ku\u00e7ov\u00eb, Skraparit, Dimalit, t\u00eb t\u00eb gjith\u00eb k\u00ebtij qarku, n\u00eb k\u00ebt\u00eb shesh, kudo q\u00eb jeni n\u00eb Berat, n\u00eb Shqip\u00ebri dhe n\u00eb diaspor\u00eb.<\/p>\n<p>P\u00ebrsh\u00ebndetjet e mia m\u00eb t\u00eb p\u00ebrzem\u00ebrta, mir\u00ebnjohjen m\u00eb t\u00eb pakufishme p\u00ebr mb\u00ebshtetjen tuaj, p\u00ebr energjin\u00eb, entuziazmin, optimizmin q\u00eb ju i dhat\u00eb k\u00ebsaj fushate.<\/p>\n<p>P\u00ebr shpres\u00ebn q\u00eb mboll\u00ebt \u00e7do minut\u00eb, \u00e7do or\u00eb dhe \u00e7do dit\u00eb anemban\u00eb Beratit.<\/p>\n<p>P\u00ebr optimizmin tuaj, besimin e madh tek fitorja e thell\u00eb e 11 Majit, fitorja juaj, fitorja e \u00e7do qytetari shqiptar, fitorja e Shqip\u00ebris\u00eb dhe kombit shqiptar.<\/p>\n<p>I dashur zoti Fatmir Mediu, kryetar i Partis\u00eb Republikane, aleat i PD q\u00eb n\u00eb themelimin e saj.<\/p>\n<p>I dashur zofi Filip Grifin, mik i shquar i PD, p\u00ebrfaq\u00ebsues i kryestrategut t\u00eb fitores m\u00eb t\u00eb madhe, m\u00eb t\u00eb jasht\u00ebzakonshme n\u00eb historin\u00eb elektorale t\u00eb bot\u00ebs, Chris LaCivita, fitores s\u00eb presidentit Donald Trump.<\/p>\n<p>I dashur zoti Eno Bozdo, udh\u00ebheq\u00ebs politik i PD dhe ASHM p\u00ebr qarkun e Beratit.<\/p>\n<p>T\u00eb dashur kryetar\u00eb t\u00eb deg\u00ebve t\u00eb PD.<\/p>\n<p>T\u00eb nderuar kandidate dhe kandidat\u00eb p\u00ebr deputet\u00eb n\u00eb Kuvendin e Shqip\u00ebris\u00eb t\u00eb qarkut t\u00eb Beratit, p\u00ebrfaq\u00ebsues dinjitoz\u00eb t\u00eb qytetar\u00ebve t\u00eb k\u00ebtij qarku, krenari e v\u00ebrtet\u00eb p\u00ebr PD, por krenari edhe p\u00ebr Beratin dhe Shqip\u00ebrin\u00eb.<\/p>\n<p>Miqt\u00eb e mi, e diela \u00ebsht\u00eb nes\u00ebr.<\/p>\n<p>N\u00eb duart tona \u00ebsht\u00eb m\u00eb af\u00ebr se kurr\u00eb, m\u00eb e sigurt se kurr\u00eb, fitorja e shum\u00ebpritur, fitorja e merituar. Fitorja e \u00e7do opozitari dhe \u00e7do shqiptari q\u00eb ndjen n\u00eb dejet e tij gjak shqiptari.<\/p>\n<p>Me 11 Maj qytetar\u00ebt e Beratit dhe mbar\u00eb Shqip\u00ebris\u00eb ftohen n\u00eb vendimin e tyre historik, n\u00eb vendimin e tyre ndoshta vendimin m\u00eb t\u00eb r\u00ebnd\u00ebsish\u00ebm t\u00eb jet\u00ebs s\u00eb tyre, p\u00ebr t\u2019u ndar\u00eb me nj\u00eb t\u00eb keqe t\u00eb madhe, q\u00eb n\u00eb m\u00ebnyr\u00ebn m\u00eb t\u00eb pamerituar i varf\u00ebroi ata nga viti n\u00eb vit, 12 vite me radh\u00eb.<\/p>\n<p>Q\u00eb n\u00eb m\u00ebnyr\u00ebn m\u00eb t\u00eb pamerituar dhe jasht\u00eb \u00e7do imagjinate, la klasat e shkollave tona pa nx\u00ebn\u00ebs. Sht\u00ebpit\u00eb pa f\u00ebmij\u00eb, djepet bosh, t\u00eb moshuarit n\u00eb vetmi t\u00eb thell\u00eb dhe t\u00eb frikshme.<\/p>\n<p>Asnj\u00eb shqiptar, kurr\u00eb nuk mund t\u00eb imagjinonte nj\u00eb Shqip\u00ebri t\u00eb till\u00eb n\u00eb vite lirie. Po kjo Shqip\u00ebri sot \u00ebsht\u00eb nj\u00eb realitet.<\/p>\n<p>\u00cbsht\u00eb nj\u00eb realitet, sirenat e t\u00eb cilit bien p\u00ebr \u00e7do shqiptar, ta shp\u00ebtojm\u00eb k\u00ebt\u00eb vend, ta ndalim k\u00ebt\u00eb t\u00eb keqe me vet\u00ebdijen ton\u00eb, me p\u00ebrgjegj\u00ebsin\u00eb ton\u00eb, me atdhetarin\u00eb ton\u00eb si shqiptar\u00eb.<\/p>\n<p>Miq, vet\u00ebm jav\u00ebt e fundit po t\u00eb marr\u00ebsh lajmet jan\u00eb aq t\u00eb trishta, aq t\u00eb zymta p\u00ebr ne si komb, m\u00eb t\u00eb zymta se p\u00ebr \u00e7do komb tjet\u00ebr q\u00eb nuk \u00ebsht\u00eb n\u00eb luft\u00eb.<\/p>\n<p>Njoftohet se ne sot kemi lindshm\u00ebrin\u00eb m\u00eb t\u00eb ul\u00ebt n\u00eb bot\u00eb p\u00ebr shkak t\u00eb emigracionit.<\/p>\n<p>Njoftohet se ne, prej kaq vitesh, kemi shum\u00eb m\u00eb tep\u00ebr vdekje se sa lindje.<\/p>\n<p>Dje isha n\u00eb Mat, nj\u00eb rreth i madh, jo i vog\u00ebl, nj\u00eb rreth me pasuri p\u00ebrrallore, 13 lindje kishte pasur n\u00eb nj\u00eb vit.<\/p>\n<p>Imagjinoni. Kjo kudo. Nj\u00eb boshatisje. Nj\u00eb zbrazje.<\/p>\n<p>Ndaj dhe 11 Maji nuk \u00ebsht\u00eb nj\u00eb dit\u00eb p\u00ebr partit\u00eb, \u00ebsht\u00eb nj\u00eb dit\u00eb p\u00ebr \u00e7do qytetar q\u00eb pranon p\u00ebrgjegj\u00ebsin\u00eb q\u00eb ka ndaj vetes s\u00eb tij, familjes s\u00eb tij, ndaj Berastit dhe Shqip\u00ebris\u00eb.<\/p>\n<p>Pra pranon p\u00ebrgjegj\u00ebsin\u00eb qytetare, pranon p\u00ebrgjegj\u00ebsin\u00eb komb\u00ebtare.<\/p>\n<p>K\u00ebshtu q\u00eb un\u00eb kam besimin m\u00eb t\u00eb madh se shqiptar\u00ebt presin me padurim k\u00ebt\u00eb dit\u00eb p\u00ebr t\u00eb qen\u00eb n\u00eb lart\u00ebsin\u00eb, n\u00eb or\u00ebn e men\u00e7uris\u00eb s\u00eb tyre, n\u00eb or\u00ebn e dashuris\u00eb s\u00eb tyre p\u00ebr familjen, p\u00ebr Beratin dhe kombin.<\/p>\n<p>N\u00eb or\u00ebn e p\u00ebrgjegj\u00ebsis\u00eb s\u00eb tyre para atyre q\u00eb nuk jan\u00eb dhe atyre q\u00eb do jen\u00eb, p\u00ebr t\u00eb p\u00ebrmbushur detyrimet tona.<\/p>\n<p>Miq, Tomasi ishte k\u00ebtu n\u00eb k\u00ebt\u00eb platform\u00eb z\u00ebri i t\u00eb rinjve shqiptar\u00eb, nga t\u00eb cil\u00ebt k\u00ebto 10 vite, 620 mij\u00eb, me statistik\u00ebn evropiane, kan\u00eb ikur vet\u00ebm n\u00eb vendet evropiane.<\/p>\n<p>Pra, shtrohet nj\u00eb alternativ\u00eb shum\u00eb e r\u00ebnd\u00eb para nesh: do kemi ne si komb rini apo do mbetemi krejt\u00ebsisht pa rini.<\/p>\n<p>Kjo n\u00eb fakt \u00ebsht\u00eb alternativa t\u00eb jesh apo t\u00eb mos jesh.<\/p>\n<p>Kjo n\u00eb fakt \u00ebsht\u00eb alternativa para t\u00eb cil\u00ebs kombi nuk ka qen\u00eb ndonj\u00ebher\u00eb n\u00eb t\u00eb gjith\u00eb ekzistenc\u00ebn e tij.<\/p>\n<p>Por un\u00eb besoj se t\u00eb gjith\u00eb ne, se shqiptar\u00ebt k\u00ebsaj alternative do i p\u00ebrgjigjen me nj\u00eb besim t\u00eb fuqish\u00ebm te Shqip\u00ebria dhe te ardhmja.<\/p>\n<p>Un\u00eb dua t\u00eb siguroj Tomasin se q\u00ebllimi m\u00eb madhor i programit t\u00eb PD, i programit t\u00eb opozit\u00ebs shqiptare, \u00ebsht\u00eb t\u00eb sjell\u00eb kombin n\u00eb rinin\u00eb e tij. T\u00eb sjell\u00eb kombin shqiptar n\u00eb mosh\u00ebn e rinis\u00eb.<\/p>\n<p>Dhe kjo n\u00eb nj\u00ebfar\u00eb m\u00ebnyre duke par\u00eb realitetin, t\u00eb duket se \u00ebsht\u00eb nj\u00eblloj si t\u00eb shpall\u00ebsh se do kalosh detin n\u00eb k\u00ebmb\u00eb.<\/p>\n<p>Por jo, nuk \u00ebsht\u00eb ashtu.<\/p>\n<p>Ju i shihni sheshet mbushen. Ju e shihni se energjia, entuziazmi shp\u00ebrthen n\u00eb kat\u00ebr an\u00ebt.<\/p>\n<p>Kjo \u00ebsht\u00eb shpresa e pashuar e shqiptar\u00ebve se kombit do rikthehet n\u00eb rinin\u00eb e vet, se kombi do kthehet n\u00eb t\u00eb ardhmen e vet.<\/p>\n<p>Ndaj dhe un\u00eb k\u00ebtu nga Berati shpall zotimin solemn t\u00eb Aleanc\u00ebs p\u00ebr Shqip\u00ebrin\u00eb Madh\u00ebshtore se sistemi arsimor i Shqip\u00ebris\u00eb do jet\u00eb sistemi m\u00eb modern, sistemi q\u00eb pun\u00ebson.<\/p>\n<p>Shkollat dhe universitetet do funksionojn\u00eb n\u00eb partneritet t\u00eb plot\u00eb me nd\u00ebrmarrjet publike dhe private.<\/p>\n<p>Kjo do t\u00eb thot\u00eb se \u00e7do universitet, publik apo privat, do lidh\u00eb marr\u00ebveshje me kompani p\u00ebr t\u00eb ofruar praktik\u00eb t\u00eb integruar n\u00eb program dhe do p\u00ebrfitoj\u00eb mb\u00ebshtetje p\u00ebr t\u00eb gjith\u00eb praktik\u00ebn q\u00eb do ofroj\u00eb p\u00ebr student\u00ebt dhe t\u00eb diplomuarit q\u00eb ndjekin k\u00ebto praktika\u201d, u shpreh Berisha.<\/p>\n","protected":false},"excerpt":{"rendered":"<p>Kryetari i Partis\u00eb Demokratike, Sali Berisha gjat\u00eb takimit p\u00ebrmbyll\u00ebs t\u00eb fushat\u00ebs n\u00eb Berat, deklaroi se, sistemi arsimor n\u00eb Shqip\u00ebri, do t\u00eb jet\u00eb m\u00eb moderni, dhe q\u00eb pun\u00ebson t\u00eb rinjt\u00eb. Berisha tha se, k\u00ebtu nga Berati shpall zotimin solemn t\u00eb Aleanc\u00ebs p\u00ebr Shqip\u00ebrin\u00eb Madh\u00ebshtore se sistemi arsimor i Shqip\u00ebris\u00eb do jet\u00eb sistemi m\u00eb modern, sistemi q\u00eb &hellip;<\/p>\n","protected":false},"author":4,"featured_media":113063,"comment_status":"closed","ping_status":"closed","sticky":false,"template":"","format":"standard","meta":{"footnotes":""},"categories":[37],"tags":[],"class_list":["post-113061","post","type-post","status-publish","format-standard","has-post-thumbnail","","category-politike"],"_links":{"self":[{"href":"https:\/\/rdnews.al\/index.php\/wp-json\/wp\/v2\/posts\/113061","targetHints":{"allow":["GET"]}}],"collection":[{"href":"https:\/\/rdnews.al\/index.php\/wp-json\/wp\/v2\/posts"}],"about":[{"href":"https:\/\/rdnews.al\/index.php\/wp-json\/wp\/v2\/types\/post"}],"author":[{"embeddable":true,"href":"https:\/\/rdnews.al\/index.php\/wp-json\/wp\/v2\/users\/4"}],"replies":[{"embeddable":true,"href":"https:\/\/rdnews.al\/index.php\/wp-json\/wp\/v2\/comments?post=113061"}],"version-history":[{"count":1,"href":"https:\/\/rdnews.al\/index.php\/wp-json\/wp\/v2\/posts\/113061\/revisions"}],"predecessor-version":[{"id":113064,"href":"https:\/\/rdnews.al\/index.php\/wp-json\/wp\/v2\/posts\/113061\/revisions\/113064"}],"wp:featuredmedia":[{"embeddable":true,"href":"https:\/\/rdnews.al\/index.php\/wp-json\/wp\/v2\/media\/113063"}],"wp:attachment":[{"href":"https:\/\/rdnews.al\/index.php\/wp-json\/wp\/v2\/media?parent=113061"}],"wp:term":[{"taxonomy":"category","embeddable":true,"href":"https:\/\/rdnews.al\/index.php\/wp-json\/wp\/v2\/categories?post=113061"},{"taxonomy":"post_tag","embeddable":true,"href":"https:\/\/rdnews.al\/index.php\/wp-json\/wp\/v2\/tags?post=113061"}],"curies":[{"name":"wp","href":"https:\/\/api.w.org\/{rel}","templated":true}]}}