{"id":113079,"date":"2025-05-06T18:17:44","date_gmt":"2025-05-06T18:17:44","guid":{"rendered":"https:\/\/rdnews.al\/?p=113079"},"modified":"2025-05-06T18:18:00","modified_gmt":"2025-05-06T18:18:00","slug":"edhe-kavaja-braktis-ramen-as-administrata-nuki-bindet","status":"publish","type":"post","link":"https:\/\/rdnews.al\/index.php\/2025\/05\/06\/edhe-kavaja-braktis-ramen-as-administrata-nuki-bindet\/","title":{"rendered":"Edhe Kavaja braktis Ram\u00ebn, as administrata nuk i bindet!"},"content":{"rendered":"<p>Edi Rama po braktis\u00ebt jo vet\u00ebm nga qytetar\u00ebt, por edhe nga administrata, pavar\u00ebsisht presioneve ndaj k\u00ebsaj t\u00eb fundit ndaj mazhoranc\u00ebs n\u00eb pushtet.<\/p>\n<p>N\u00eb takimin p\u00ebrmbyll\u00ebs n\u00eb Kavaj\u00eb, braktisja e Ram\u00ebs u duk m\u00eb e qart\u00eb, teksa shum\u00eb pak njer\u00ebz kishin dal\u00eb t\u00eb aktivitetin elektoral t\u00eb kryeministrit dhe propagand\u00ebn e tij, q\u00eb tashm\u00eb po degradon nga dita n\u00eb dit\u00eb.<\/p>\n<p>Si\u00e7 shihet dhe nga kjo foto, mitingu elektoral i Ram\u00ebs \u00ebsht\u00eb i pakt\u00eb n\u00eb num\u00ebr, pasi tanim\u00eb shqiptar\u00ebt e kan\u00eb t\u00eb qart\u00eb se kush i ka qeverisur p\u00ebr 12 vite dhe \u00e7far\u00eb u ka ofruar Rama n\u00eb nj\u00eb dekad\u00eb: Braktisje, largim masiv dhe varf\u00ebrim.<\/p>\n<p><strong>Statusi<\/strong><\/p>\n<p><em>Doktor Berisha!<\/em><\/p>\n<p><em>Live nga takimi i Edi Rames ne Kavaje!<\/em><\/p>\n<p><em>Deshtim total!<\/em><\/p>\n<p><em>Perqafime Doktor!<\/em><\/p>\n<p><em>Te duam!<\/em><\/p>\n","protected":false},"excerpt":{"rendered":"<p>Edi Rama po braktis\u00ebt jo vet\u00ebm nga qytetar\u00ebt, por edhe nga administrata, pavar\u00ebsisht presioneve ndaj k\u00ebsaj t\u00eb fundit ndaj mazhoranc\u00ebs n\u00eb pushtet. N\u00eb takimin p\u00ebrmbyll\u00ebs n\u00eb Kavaj\u00eb, braktisja e Ram\u00ebs u duk m\u00eb e qart\u00eb, teksa shum\u00eb pak njer\u00ebz kishin dal\u00eb t\u00eb aktivitetin elektoral t\u00eb kryeministrit dhe propagand\u00ebn e tij, q\u00eb tashm\u00eb po degradon nga &hellip;<\/p>\n","protected":false},"author":4,"featured_media":113080,"comment_status":"closed","ping_status":"closed","sticky":false,"template":"","format":"standard","meta":{"footnotes":""},"categories":[37],"tags":[],"class_list":["post-113079","post","type-post","status-publish","format-standard","has-post-thumbnail","","category-politike"],"_links":{"self":[{"href":"https:\/\/rdnews.al\/index.php\/wp-json\/wp\/v2\/posts\/113079","targetHints":{"allow":["GET"]}}],"collection":[{"href":"https:\/\/rdnews.al\/index.php\/wp-json\/wp\/v2\/posts"}],"about":[{"href":"https:\/\/rdnews.al\/index.php\/wp-json\/wp\/v2\/types\/post"}],"author":[{"embeddable":true,"href":"https:\/\/rdnews.al\/index.php\/wp-json\/wp\/v2\/users\/4"}],"replies":[{"embeddable":true,"href":"https:\/\/rdnews.al\/index.php\/wp-json\/wp\/v2\/comments?post=113079"}],"version-history":[{"count":2,"href":"https:\/\/rdnews.al\/index.php\/wp-json\/wp\/v2\/posts\/113079\/revisions"}],"predecessor-version":[{"id":113082,"href":"https:\/\/rdnews.al\/index.php\/wp-json\/wp\/v2\/posts\/113079\/revisions\/113082"}],"wp:featuredmedia":[{"embeddable":true,"href":"https:\/\/rdnews.al\/index.php\/wp-json\/wp\/v2\/media\/113080"}],"wp:attachment":[{"href":"https:\/\/rdnews.al\/index.php\/wp-json\/wp\/v2\/media?parent=113079"}],"wp:term":[{"taxonomy":"category","embeddable":true,"href":"https:\/\/rdnews.al\/index.php\/wp-json\/wp\/v2\/categories?post=113079"},{"taxonomy":"post_tag","embeddable":true,"href":"https:\/\/rdnews.al\/index.php\/wp-json\/wp\/v2\/tags?post=113079"}],"curies":[{"name":"wp","href":"https:\/\/api.w.org\/{rel}","templated":true}]}}