{"id":113083,"date":"2025-05-06T18:52:10","date_gmt":"2025-05-06T18:52:10","guid":{"rendered":"https:\/\/rdnews.al\/?p=113083"},"modified":"2025-05-07T09:58:54","modified_gmt":"2025-05-07T09:58:54","slug":"kampionja-e-boksit-njerezit-lene-endrrat-e-tyre-pergjysme-doktor-pash-zotin-ndihmojini-sportistet","status":"publish","type":"post","link":"https:\/\/rdnews.al\/index.php\/2025\/05\/06\/kampionja-e-boksit-njerezit-lene-endrrat-e-tyre-pergjysme-doktor-pash-zotin-ndihmojini-sportistet\/","title":{"rendered":"Kampionia e boksit: Doktor, pash Zotin, ndihmojini sportist\u00ebt! Qeveria m\u00eb dha vet\u00ebm premtime boshe dhe net pa gjum\u00eb!"},"content":{"rendered":"<p>N\u00eb takimin p\u00ebrmbyll\u00ebs t\u00eb kreut t\u00eb PD, Sali Berisha, n\u00eb Durr\u00ebs mori fjal\u00ebn edhe kampionia e sporteve luftarake n\u00eb Muat Thai dhe boks, Ermira Rexhamti.<\/p>\n<p>Rexhamti u shpreh se sheh njer\u00ebz q\u00eb l\u00ebn\u00eb \u00ebndrrat e tyre p\u00ebrgjysm\u00eb, sepse nuk kan\u00eb mb\u00ebshteje, por un\u00eb nuk dua t\u00eb heq dor\u00eb e t\u00eb iki, n\u00eb k\u00ebrkojm\u00eb vet\u00ebm mb\u00ebshtetje t\u00eb nd\u00ebrojm\u00eb flamurin ton\u00eb.<\/p>\n<p><strong>Ermira Rexhamti<\/strong><\/p>\n<p>Mir\u00ebmbr\u00ebma, v\u00ebllez\u00ebr dhe motra. Mir\u00ebmbr\u00ebma shqiptar\u00ebt e mi. Mir\u00ebmbr\u00ebma, Durr\u00ebsi i lasht\u00eb.<br \/>\nI nderuar doktor Berisha, dhe ju t\u00eb gjith\u00eb q\u00eb mbani gjak shqiptar, mir\u00ebnjohje q\u00eb na bashkoi Zoti n\u00eb k\u00ebt\u00eb nat\u00eb t\u00eb madhe.<\/p>\n<p>Un\u00eb jam Ermira Rexhamti, me prejardhje nga malet e Gjallic\u00ebs, Kuk\u00ebs. Jam sportiste e disiplin\u00ebs Muay Thai \u2013 disiplin\u00ebs m\u00eb t\u00eb rrept\u00eb n\u00eb k\u00ebt\u00eb planet. Por sonte, para Durr\u00ebsit antik t\u00eb Teut\u00ebs, emocionet m\u00eb dridhin m\u00eb shum\u00eb se n\u00eb ring.<\/p>\n<p>Prej gjasht\u00eb vitesh i jam p\u00ebrkushtuar sporteve luftarake si Muay Thai, kickboxing dhe s\u00eb fundmi boksit. Gjat\u00eb karrier\u00ebs sime kam luftuar pothuajse n\u00eb t\u00eb gjith\u00eb Europ\u00ebn, si n\u00eb Itali, Franc\u00eb, Gjermani, Belgjik\u00eb, Zvic\u00ebr dhe Prang, duke p\u00ebrfaq\u00ebsuar Shqip\u00ebrin\u00eb me krenari.<\/p>\n<p>N\u00eb k\u00ebt\u00eb rrug\u00ebtim kam arritur rezultate t\u00eb r\u00ebnd\u00ebsishme, duke u shpallur:<\/p>\n<p>Kampione e Italis\u00eb<br \/>\nKampione nd\u00ebrkomb\u00ebtare<br \/>\nKampione e titullit bot\u00ebror ETF<br \/>\nDhe s\u00eb fundmi,<br \/>\nKampione komb\u00ebtare edhe n\u00eb boks.<\/p>\n<p>Vendosa t\u00eb rikthehem n\u00eb Shqip\u00ebri p\u00ebr t\u00eb vazhduar ta p\u00ebrfaq\u00ebsoj denj\u00ebsisht vendin tim. Mora premtime, por ato mbet\u00ebn vet\u00ebm fjal\u00eb boshe.<\/p>\n<p>\u00cbsht\u00eb e v\u00ebrtet\u00eb q\u00eb nuk jam marr\u00eb me politik\u00eb. \u00cbsht\u00eb e v\u00ebrtet\u00eb q\u00eb kurr\u00eb nuk kam luftuar p\u00ebr medalje apo tituj, por \u00ebsht\u00eb e v\u00ebrtet\u00eb q\u00eb gjithmon\u00eb kam luftuar p\u00ebr flamurin e Sk\u00ebnderbeut, dhe p\u00ebr at\u00eb flamur do t\u00eb luftoj sa t\u00eb kem jet\u00eb.<\/p>\n<p>Doktor, e di q\u00eb ka shum\u00eb sportist\u00eb q\u00eb sot nuk kan\u00eb guximin t\u00eb flasin. Ka shum\u00eb djem e vajza q\u00eb po e braktisin sportin, sepse jan\u00eb t\u00eb d\u00ebshp\u00ebruar, t\u00eb zhg\u00ebnjyer, t\u00eb harruar. Un\u00eb e di, un\u00eb e di sepse i njoh. I shoh si vuajn\u00eb, si l\u00ebn\u00eb \u00ebndrrat e tyre p\u00ebrgjysm\u00eb, si ikin jasht\u00eb shtetit, sepse k\u00ebtu nuk kan\u00eb mb\u00ebshtetje. Por un\u00eb nuk dua t\u00eb heq dor\u00eb. Un\u00eb nuk dua t\u00eb iki. Un\u00eb dua t\u00eb q\u00ebndroj dhe ta nderoj k\u00ebt\u00eb flamur. Edhe pse shpesh nuk kam pasur as mund\u00ebsit\u00eb m\u00eb minimale, un\u00eb kam q\u00ebndruar. Kam sakrifikuar. Ka net q\u00eb nuk kam fjetur, duke qepur e qendisur, vet\u00ebm q\u00eb t\u00eb mbuloja shpenzimet e st\u00ebrvitjes dhe t\u00eb udh\u00ebtimeve. Familja ime m\u00eb ka ndihmuar, si dhe trajner\u00ebt e mi, por e di q\u00eb nuk mjafton. Dhe un\u00eb k\u00ebt\u00eb sport e dua me shpirt, dhe p\u00ebr k\u00ebt\u00eb sport k\u00ebrkoj vet\u00ebm nj\u00eb gj\u00eb: mb\u00ebshtetje. Nj\u00eb dor\u00eb q\u00eb t\u00eb na ngrej\u00eb, jo ta pres\u00eb \u00ebndrr\u00ebn n\u00eb gjysm\u00eb.<\/p>\n<p>Doktor, pash\u00eb Zotin, ndihmojini sportist\u00ebt! Kjo tok\u00eb ka trima, ka bij dhe bija q\u00eb i b\u00ebjn\u00eb nder flamurit t\u00eb Gjergj Kastriotit. Ne nuk k\u00ebrkojm\u00eb asgj\u00eb tjet\u00ebr ve\u00e7se mund\u00ebsi, mb\u00ebshtetje dhe nj\u00eb dor\u00eb t\u00eb fort\u00eb q\u00eb e \u00e7mon djers\u00ebn dhe sakrific\u00ebn ton\u00eb. Sepse kur ngjitet flamuri yn\u00eb n\u00eb qiell, ngrihet bashk\u00eb me zemrat tona. Shqip\u00ebria ka heronj n\u00eb ring, ka luft\u00ebtar\u00eb q\u00eb e b\u00ebjn\u00eb bot\u00ebn t\u00eb flas\u00eb p\u00ebr t\u00eb; mjafton t\u2019i shohim, t\u2019i besojm\u00eb dhe t\u2019i mb\u00ebshtesim.<\/p>\n<p>Dhe nj\u00eb gj\u00eb t\u00eb fundit do ua them, n\u00eb k\u00ebt\u00eb nat\u00eb t\u00eb shenjt\u00eb p\u00ebr gjith\u00eb shqiptar\u00ebt, q\u00eb sot, n\u00eb dit\u00ebn e lindjes s\u00eb heroit ton\u00eb komb\u00ebtar, Gjergj Kastriot Sk\u00ebnderbeu, un\u00eb do ta mbyll me th\u00ebnien e tij legjendare:<br \/>\n\u201cT\u00eb bashkuar jemi t\u00eb pathyesh\u00ebm, rroft\u00eb Shqip\u00ebria, rroft\u00eb liria\u201d.<br \/>\nFaleminderit!<\/p>\n","protected":false},"excerpt":{"rendered":"<p>N\u00eb takimin p\u00ebrmbyll\u00ebs t\u00eb kreut t\u00eb PD, Sali Berisha, n\u00eb Durr\u00ebs mori fjal\u00ebn edhe kampionia e sporteve luftarake n\u00eb Muat Thai dhe boks, Ermira Rexhamti. Rexhamti u shpreh se sheh njer\u00ebz q\u00eb l\u00ebn\u00eb \u00ebndrrat e tyre p\u00ebrgjysm\u00eb, sepse nuk kan\u00eb mb\u00ebshteje, por un\u00eb nuk dua t\u00eb heq dor\u00eb e t\u00eb iki, n\u00eb k\u00ebrkojm\u00eb vet\u00ebm mb\u00ebshtetje &hellip;<\/p>\n","protected":false},"author":4,"featured_media":113084,"comment_status":"closed","ping_status":"closed","sticky":false,"template":"","format":"standard","meta":{"footnotes":""},"categories":[37],"tags":[],"class_list":["post-113083","post","type-post","status-publish","format-standard","has-post-thumbnail","","category-politike"],"_links":{"self":[{"href":"https:\/\/rdnews.al\/index.php\/wp-json\/wp\/v2\/posts\/113083","targetHints":{"allow":["GET"]}}],"collection":[{"href":"https:\/\/rdnews.al\/index.php\/wp-json\/wp\/v2\/posts"}],"about":[{"href":"https:\/\/rdnews.al\/index.php\/wp-json\/wp\/v2\/types\/post"}],"author":[{"embeddable":true,"href":"https:\/\/rdnews.al\/index.php\/wp-json\/wp\/v2\/users\/4"}],"replies":[{"embeddable":true,"href":"https:\/\/rdnews.al\/index.php\/wp-json\/wp\/v2\/comments?post=113083"}],"version-history":[{"count":3,"href":"https:\/\/rdnews.al\/index.php\/wp-json\/wp\/v2\/posts\/113083\/revisions"}],"predecessor-version":[{"id":113157,"href":"https:\/\/rdnews.al\/index.php\/wp-json\/wp\/v2\/posts\/113083\/revisions\/113157"}],"wp:featuredmedia":[{"embeddable":true,"href":"https:\/\/rdnews.al\/index.php\/wp-json\/wp\/v2\/media\/113084"}],"wp:attachment":[{"href":"https:\/\/rdnews.al\/index.php\/wp-json\/wp\/v2\/media?parent=113083"}],"wp:term":[{"taxonomy":"category","embeddable":true,"href":"https:\/\/rdnews.al\/index.php\/wp-json\/wp\/v2\/categories?post=113083"},{"taxonomy":"post_tag","embeddable":true,"href":"https:\/\/rdnews.al\/index.php\/wp-json\/wp\/v2\/tags?post=113083"}],"curies":[{"name":"wp","href":"https:\/\/api.w.org\/{rel}","templated":true}]}}